{"id":9411,"date":"2018-03-21T10:00:13","date_gmt":"2018-03-21T10:00:13","guid":{"rendered":"http:\/\/15.188.81.248\/2018\/03\/21\/festival-internacional-de-musica-de-marvao\/"},"modified":"2025-01-16T15:03:14","modified_gmt":"2025-01-16T13:03:14","slug":"festival-internacional-de-musica-de-marvao","status":"publish","type":"post","link":"https:\/\/www.escapadarural.com\/blog\/festival-internacional-de-musica-de-marvao\/","title":{"rendered":"Festival Internacional de M\u00fasica de Marv\u00e3o"},"content":{"rendered":"\n<figure class=\"wp-block-image size-large\"><a href=\"https:\/\/www.escapadarural.com\/blog\/wp-content\/uploads\/2018\/03\/Marvao-4-1-scaled.jpg\"><img decoding=\"async\" src=\"https:\/\/www.escapadarural.com\/blog\/wp-content\/uploads\/2018\/03\/Marvao-4-1-1024x683.jpg\" alt=\"Marv\u00e3o\" class=\"wp-image-27435\"\/><\/a><figcaption>Por Anna Kompanieitseva<\/figcaption><\/figure>\n\n\n\n<p>Cuentan que un director de orquesta alem\u00e1n recorr\u00eda el Alentejo en su bicicleta cuando dio con el <strong>peque\u00f1o pueblo medieval de Marv\u00e3o<\/strong>. Se enamor\u00f3 de esas tierras hasta el punto de construir all\u00ed su propia casa. Un d\u00eda, al cabo de un tiempo, contemplando el paisaje de las dehesas de encinas desde la ventana de su hogar, pens\u00f3 que lo \u00fanico que faltaba para que aquello fuera perfecto era m\u00fasica en directo.<\/p>\n\n\n\n<p>El director de orquesta en cuesti\u00f3n era Christoph Poppen, responsable junto a su esposa del <strong>Festival Internacional de M\u00fasica de Marv\u00e3o<\/strong>, que se celebra del 20 al 29 de julio de 2018 y cuya primera edici\u00f3n se celebr\u00f3 un fin de semana del verano de 2014. Aquel antojo mel\u00f3mano se convirti\u00f3 al poco en un reconocido festival de m\u00fasica cl\u00e1sica. Y es as\u00ed como hoy en d\u00eda, en Marv\u00e3o se viaja tanto con el o\u00eddo como con la vista.<\/p>\n\n\n\n<!--more-->\n\n\n\n<h2 class=\"title-rute wp-block-heading\">Marv\u00e3o, el pueblo de Alentejo que se escucha y se ve<\/h2>\n\n\n\n<p>Sobre la atalaya natural de una cresta de cuarzo se yergue el Castillo de Marv\u00e3o. Su visi\u00f3n confirma el sobrenombre de la villa: \u201cEl nido de \u00e1guilas\u201d. El castillo domina la antigua frontera que cruz\u00f3 la di\u00e1spora sefard\u00ed al huir de los Reyes Cat\u00f3licos. <strong>El pueblo de Marv\u00e3o se encuentra entre Castelo de Vide y Portalegre<\/strong>, dos enclaves importantes de Alentejo, a muy pocos kil\u00f3metros de Espa\u00f1a. Muy cerca, en Portagem, se conserva el antiguo puente por el que aquellos jud\u00edos se vieron forzados a cruzar a Portugal.<\/p>\n\n\n\n<p><strong>El castillo es el escenario principal del Festival Internacional de M\u00fasica de Marv\u00e3o<\/strong>. Fue un punto militar clave en el control de la regi\u00f3n contra Castilla. Hoy tiene una funci\u00f3n m\u00e1s amable y est\u00e9tica: desde lo m\u00e1s alto de la antigua muralla del castillo tenemos una bella panor\u00e1mica del pueblo medieval de Marv\u00e3o, con sus fachadas encaladas y el color de la teja. Se adivinan las calles estrechas y adoquinadas, el cuchicheo de las vecinas, los portales, los dinteles en granito de las puertas, las tiendas de artesan\u00eda t\u00edpica de Alentejo, conocida por sus bellos trabajos en madera de casta\u00f1o.<\/p>\n\n\n\n<p>Hay que subir por Rua do Esp\u00edrito Santo, cruzar los arcos ojivales, los balcones de forja, la casa del Gobernador, la bella Iglesia del Esp\u00edrito Santo, la Fonte Do Concelho, saludar a los lugare\u00f1os que se cruzan a nuestro paso. Y llegar hasta el castillo medieval.<\/p>\n\n\n\n<h2 class=\"title-rute wp-block-heading\">Festival Internacional de M\u00fasica de Marv\u00e3o<\/h2>\n\n\n\n<p>A mediados de julio (del 20 al 29 de julio de 2018), cuando los cielos son azules y las noches templadas, el rumor del pasar partituras, las sonatas, pianos, guitarras barrocas, violoncelos, un Mozart por aqu\u00ed o un tr\u00edo de Schubert por all\u00e1, van llenando de magia Marv\u00e3o.<\/p>\n\n\n\n<p>Cuando llega el crep\u00fasculo y el sol se va por el horizonte lejano de las dehesas, las luces iluminan el escenario principal del festival. Entre las antiguas murallas del castillo, el p\u00fablico ocupa sus espacios, el director hace su se\u00f1al a la orquesta, y el espect\u00e1culo comienza. <strong>El Festival Internacional de M\u00fasica Cl\u00e1sica de Marv\u00e3o ocupa otros espacios hist\u00f3ricos de la villa medieval<\/strong> como el Convento de Nossa Sra. da Estrela o la Igreja de S\u00e3o Tiago.<\/p>\n\n\n\n<p>El objetivo del festival \u2013el fomento de la amistad y la cooperaci\u00f3n entre pueblos\u2013 recoge, en cierta forma, la larga historia de Marv\u00e3o y el Alentejo como lugar de encuentro de culturas y religiones.<\/p>\n\n\n\n<p>El&nbsp;Festival Internacional de M\u00fasica Cl\u00e1sica de Marv\u00e3o es una de las citas culturales m\u00e1s importantes del Alentejo. Aunque el Alentejo es una de las \u00e1reas m\u00e1s despobladas de Portugal, sabe cuidar de la cultura y de las tradiciones. En ese sentido, adem\u00e1s del festival de m\u00fasica cl\u00e1sica, <strong>en Marv\u00e3o se celebra \u201cEl Festival Isl\u00e1mico <em>Al Mossassa<\/em>\u201d<\/strong>, que conmemora en octubre la fundaci\u00f3n de la villa por parte de los \u00e1rabes, y a principios de agosto, <strong>\u201cLa Boda Regia\u201d<\/strong>, celebraci\u00f3n compartida con la vecina <a href=\"https:\/\/www.escapadarural.com\/casas-rurales\/valencia-de-alcantara\">Valencia de Alc\u00e1ntara<\/a>, en la que se recrea la boda de la Infanta Isabel (hija de los Reyes Cat\u00f3licos) con el Rey de Portugal, D. Manuel I.<\/p>\n\n\n\n<h2 class=\"title-rute wp-block-heading\">Gastronom\u00eda con vistas<\/h2>\n\n\n\n<p>Ya hemos disfrutado del sentido de la vista y del o\u00eddo. Ahora toca el sabor. Para ello, acudamos al <strong>restaurante panor\u00e1mico de la Pousada de Marv\u00e3o<\/strong>, integrado en el caser\u00edo antiguo de la muralla de la villa medieval. Es, precisamente, esta privilegiada ubicaci\u00f3n la que nos permitir\u00e1 disfrutar de la gastronom\u00eda del Alentejo, con las bellas vistas de la meseta alentejana o de la extreme\u00f1a y la sierra da Estrela.<\/p>\n\n\n\n<p>La carta nos brindar\u00e1 la oportunidad de disfrutar de lo sabores alentejanos en los platos de pescado, como el bacalao y la lubina a la parrilla con migas de tomate, o del cerdo al estilo alentejano, el pisto de cabrito y la perdiz estofada con pur\u00e9 de tomate y pan. \u00bfNo es para que se nos abra el apetito?<\/p>\n\n\n\n<h2 class=\"title-rute wp-block-heading\">Pistas alrededor de Marv\u00e3o<\/h2>\n\n\n\n<p><strong>Castillos de Alentejo<\/strong><br>En el viaje por esta comarca de Portugal, encontraremos multitud de castillos y otras construcciones defensivas como fuertes, atalayas y villas fortificadas, salpicando todo el paisaje. Son ruinas que se conservan como testimonio de otras \u00e9pocas menos tranquilas que las actuales. En el norte Alentejano, muy cerca de Marv\u00e3o, podremos visitar los castillos y peque\u00f1os burgos medievales como Castelo de Vide, lugar escogido como refugio por los jud\u00edos cuando los Reyes Cat\u00f3licos ordenaron su expulsi\u00f3n, o tambi\u00e9n, por mencionar algunos, los de Amieira do Tejo, Nisa, Belver, o Portalegre.<\/p>\n\n\n\n<p><strong>La ciudad romana de Ammaia<\/strong><br>Los arque\u00f3logos sacaron a la luz en 1995 varias zonas del \u00e1rea urbana que ocup\u00f3 en su d\u00eda la ciudad romana de Ammaia, en el concejo de Marv\u00e3o. Visitarlas es encontrarse con <strong>uno de los vestigios de ocupaci\u00f3n m\u00e1s antiguos de estas tierras<\/strong>, all\u00e1 en el siglo I a.C., en la \u00e9poca de Augusto.<\/p>\n\n\n\n<p>En la Quinta do De\u00e3o hay un museo sobre el yacimiento arqueol\u00f3gico de esta importante ciudad romana de la que ya habl\u00f3 Plinio en su <em>Naturalis historia<\/em>\u200b, donde destac\u00f3 la riqueza en grandes cristales de roca muy apreciados en la \u00e9poca y que, precisamente, dotaron a la antigua Ammaia de un gran esplendor.<\/p>\n\n\n\n<p><strong>Parque Natural de la Sierra de S. Mamede<\/strong><br>Ya que la ciudad de Ammaia se ubica en pleno <a href=\"https:\/\/www.escapadarural.com\/casas-rurales\/sierra-de-san-mamede\">Parque Natural de la Sierra de S. Mamede<\/a>, bien haremos en aprovechar para visitar este paraje natural donde encontraremos un Alentejo inesperado, m\u00e1s vertical que llano y m\u00e1s verde y frondoso que seco. Y es que la Sierra act\u00faa como una barrera para la condensaci\u00f3n, lo cual origina un microclima especial con niveles de precipitaci\u00f3n y humedad muy superiores a las zonas adyacentes.<\/p>\n\n\n\n<p>Que no nos d\u00e9 pereza subir hasta su cumbre m\u00e1s alta. A 1.025 metros de altura sobre el Tajo, disfrutaremos de uno de los miradores m\u00e1s fant\u00e1sticos para contemplar el Alentejo.<\/p>\n\n\n\n<p>Mas informaci\u00f3n <a href=\"https:\/\/www.visitportugal.com\/es\" target=\"_blank\">www.visitportugal.com\/es<\/a><\/p>\n","protected":false},"excerpt":{"rendered":"<p>El Festival Internacional de M\u00fasica de Marv\u00e3o se celebra del 20 al 29 de julio de 2018. Hoy en d\u00eda, en Marv\u00e3o se viaja tanto con el o\u00eddo como con la vista.<\/p>\n","protected":false},"author":136,"featured_media":104778,"comment_status":"open","ping_status":"closed","sticky":false,"template":"","format":"standard","meta":{"_acf_changed":false,"om_disable_all_campaigns":false,"footnotes":""},"categories":[231],"tags":[2014,2070,538],"class_list":["post-9411","post","type-post","status-publish","format-standard","has-post-thumbnail","hentry","category-arte-y-cultura","tag-festival","tag-marvao","tag-portugal"],"acf":[],"featured_image_src":"https:\/\/www.escapadarural.com\/blog\/wp-content\/uploads\/2024\/10\/Marvao-4-1-1024x683-3.jpg","author_info":{"display_name":"Escapada Rural","author_link":"https:\/\/www.escapadarural.com\/blog\/autor\/user\/"},"yoast_head":"<!-- This site is optimized with the Yoast SEO plugin v27.5 - https:\/\/yoast.com\/product\/yoast-seo-wordpress\/ -->\n<title>Festival Internacional de M\u00fasica de Marv\u00e3o - EscapadaRural<\/title>\n<meta name=\"robots\" content=\"index, follow, max-snippet:-1, max-image-preview:large, max-video-preview:-1\" \/>\n<link rel=\"canonical\" href=\"https:\/\/www.escapadarural.com\/blog\/festival-internacional-de-musica-de-marvao\/\" \/>\n<meta property=\"og:locale\" content=\"es_ES\" \/>\n<meta property=\"og:type\" content=\"article\" \/>\n<meta property=\"og:title\" content=\"Festival Internacional de M\u00fasica de Marv\u00e3o - EscapadaRural\" \/>\n<meta property=\"og:description\" content=\"El Festival Internacional de M\u00fasica de Marv\u00e3o se celebra del 20 al 29 de julio de 2018. Hoy en d\u00eda, en Marv\u00e3o se viaja tanto con el o\u00eddo como con la vista.\" \/>\n<meta property=\"og:url\" content=\"https:\/\/www.escapadarural.com\/blog\/festival-internacional-de-musica-de-marvao\/\" \/>\n<meta property=\"og:site_name\" content=\"Magazine de viajes de EscapadaRural\" \/>\n<meta property=\"article:publisher\" content=\"https:\/\/www.facebook.com\/escapadarural\" \/>\n<meta property=\"article:author\" content=\"https:\/\/www.facebook.com\/escapadarural\" \/>\n<meta property=\"article:published_time\" content=\"2018-03-21T10:00:13+00:00\" \/>\n<meta property=\"article:modified_time\" content=\"2025-01-16T13:03:14+00:00\" \/>\n<meta property=\"og:image\" content=\"https:\/\/www.escapadarural.com\/blog\/wp-content\/uploads\/2024\/10\/Marvao-4-1-1024x683-3.jpg\" \/>\n\t<meta property=\"og:image:width\" content=\"1024\" \/>\n\t<meta property=\"og:image:height\" content=\"683\" \/>\n\t<meta property=\"og:image:type\" content=\"image\/jpeg\" \/>\n<meta name=\"author\" content=\"Escapada Rural\" \/>\n<meta name=\"twitter:card\" content=\"summary_large_image\" \/>\n<meta name=\"twitter:creator\" content=\"@https:\/\/x.com\/i\/flow\/login?redirect_after_login=escapadarural\" \/>\n<meta name=\"twitter:label1\" content=\"Escrito por\" \/>\n\t<meta name=\"twitter:data1\" content=\"Escapada Rural\" \/>\n\t<meta name=\"twitter:label2\" content=\"Tiempo de lectura\" \/>\n\t<meta name=\"twitter:data2\" content=\"6 minutos\" \/>\n<script type=\"application\/ld+json\" class=\"yoast-schema-graph\">{\"@context\":\"https:\\\/\\\/schema.org\",\"@graph\":[{\"@type\":\"Article\",\"@id\":\"https:\\\/\\\/www.escapadarural.com\\\/blog\\\/festival-internacional-de-musica-de-marvao\\\/#article\",\"isPartOf\":{\"@id\":\"https:\\\/\\\/www.escapadarural.com\\\/blog\\\/festival-internacional-de-musica-de-marvao\\\/\"},\"author\":{\"name\":\"Escapada Rural\",\"@id\":\"https:\\\/\\\/www.escapadarural.com\\\/blog\\\/#\\\/schema\\\/person\\\/d9ee55ff3e0cef41d6eac8922b4f972c\"},\"headline\":\"Festival Internacional de M\u00fasica de Marv\u00e3o\",\"datePublished\":\"2018-03-21T10:00:13+00:00\",\"dateModified\":\"2025-01-16T13:03:14+00:00\",\"mainEntityOfPage\":{\"@id\":\"https:\\\/\\\/www.escapadarural.com\\\/blog\\\/festival-internacional-de-musica-de-marvao\\\/\"},\"wordCount\":1234,\"commentCount\":0,\"publisher\":{\"@id\":\"https:\\\/\\\/www.escapadarural.com\\\/blog\\\/#organization\"},\"image\":{\"@id\":\"https:\\\/\\\/www.escapadarural.com\\\/blog\\\/festival-internacional-de-musica-de-marvao\\\/#primaryimage\"},\"thumbnailUrl\":\"https:\\\/\\\/www.escapadarural.com\\\/blog\\\/wp-content\\\/uploads\\\/2024\\\/10\\\/Marvao-4-1-1024x683-3.jpg\",\"keywords\":[\"Festival\",\"Marv\u00e3o\",\"portugal\"],\"articleSection\":[\"Arte y Cultura\"],\"inLanguage\":\"es\",\"potentialAction\":[{\"@type\":\"CommentAction\",\"name\":\"Comment\",\"target\":[\"https:\\\/\\\/www.escapadarural.com\\\/blog\\\/festival-internacional-de-musica-de-marvao\\\/#respond\"]}]},{\"@type\":\"WebPage\",\"@id\":\"https:\\\/\\\/www.escapadarural.com\\\/blog\\\/festival-internacional-de-musica-de-marvao\\\/\",\"url\":\"https:\\\/\\\/www.escapadarural.com\\\/blog\\\/festival-internacional-de-musica-de-marvao\\\/\",\"name\":\"Festival Internacional de M\u00fasica de Marv\u00e3o - EscapadaRural\",\"isPartOf\":{\"@id\":\"https:\\\/\\\/www.escapadarural.com\\\/blog\\\/#website\"},\"primaryImageOfPage\":{\"@id\":\"https:\\\/\\\/www.escapadarural.com\\\/blog\\\/festival-internacional-de-musica-de-marvao\\\/#primaryimage\"},\"image\":{\"@id\":\"https:\\\/\\\/www.escapadarural.com\\\/blog\\\/festival-internacional-de-musica-de-marvao\\\/#primaryimage\"},\"thumbnailUrl\":\"https:\\\/\\\/www.escapadarural.com\\\/blog\\\/wp-content\\\/uploads\\\/2024\\\/10\\\/Marvao-4-1-1024x683-3.jpg\",\"datePublished\":\"2018-03-21T10:00:13+00:00\",\"dateModified\":\"2025-01-16T13:03:14+00:00\",\"breadcrumb\":{\"@id\":\"https:\\\/\\\/www.escapadarural.com\\\/blog\\\/festival-internacional-de-musica-de-marvao\\\/#breadcrumb\"},\"inLanguage\":\"es\",\"potentialAction\":[{\"@type\":\"ReadAction\",\"target\":[\"https:\\\/\\\/www.escapadarural.com\\\/blog\\\/festival-internacional-de-musica-de-marvao\\\/\"]}]},{\"@type\":\"ImageObject\",\"inLanguage\":\"es\",\"@id\":\"https:\\\/\\\/www.escapadarural.com\\\/blog\\\/festival-internacional-de-musica-de-marvao\\\/#primaryimage\",\"url\":\"https:\\\/\\\/www.escapadarural.com\\\/blog\\\/wp-content\\\/uploads\\\/2024\\\/10\\\/Marvao-4-1-1024x683-3.jpg\",\"contentUrl\":\"https:\\\/\\\/www.escapadarural.com\\\/blog\\\/wp-content\\\/uploads\\\/2024\\\/10\\\/Marvao-4-1-1024x683-3.jpg\",\"width\":1024,\"height\":683,\"caption\":\"Vista a\u00e9rea de un pueblo en lo alto de una colina con edificios blancos, una iglesia y exuberantes jardines, rodeado de ondulantes colinas verdes y espectaculares nubes al atardecer.\"},{\"@type\":\"BreadcrumbList\",\"@id\":\"https:\\\/\\\/www.escapadarural.com\\\/blog\\\/festival-internacional-de-musica-de-marvao\\\/#breadcrumb\",\"itemListElement\":[{\"@type\":\"ListItem\",\"position\":1,\"name\":\"Inicio\",\"item\":\"https:\\\/\\\/www.escapadarural.com\\\/blog\\\/\"},{\"@type\":\"ListItem\",\"position\":2,\"name\":\"Arte y Cultura\",\"item\":\"https:\\\/\\\/www.escapadarural.com\\\/blog\\\/categoria\\\/arte-y-cultura\\\/\"},{\"@type\":\"ListItem\",\"position\":3,\"name\":\"Festival Internacional de M\u00fasica de Marv\u00e3o\"}]},{\"@type\":\"WebSite\",\"@id\":\"https:\\\/\\\/www.escapadarural.com\\\/blog\\\/#website\",\"url\":\"https:\\\/\\\/www.escapadarural.com\\\/blog\\\/\",\"name\":\"Blog de viajes | turismo rural, alojamientos e inspiraci\u00f3n\",\"description\":\"Alojamientos rurales e inspiraci\u00f3n para tus escapadas\",\"publisher\":{\"@id\":\"https:\\\/\\\/www.escapadarural.com\\\/blog\\\/#organization\"},\"alternateName\":\"Magazine de viajes de EscapadaRural\",\"potentialAction\":[{\"@type\":\"SearchAction\",\"target\":{\"@type\":\"EntryPoint\",\"urlTemplate\":\"https:\\\/\\\/www.escapadarural.com\\\/blog\\\/?s={search_term_string}\"},\"query-input\":{\"@type\":\"PropertyValueSpecification\",\"valueRequired\":true,\"valueName\":\"search_term_string\"}}],\"inLanguage\":\"es\"},{\"@type\":\"Organization\",\"@id\":\"https:\\\/\\\/www.escapadarural.com\\\/blog\\\/#organization\",\"name\":\"EscapadaRural\",\"url\":\"https:\\\/\\\/www.escapadarural.com\\\/blog\\\/\",\"logo\":{\"@type\":\"ImageObject\",\"inLanguage\":\"es\",\"@id\":\"https:\\\/\\\/www.escapadarural.com\\\/blog\\\/#\\\/schema\\\/logo\\\/image\\\/\",\"url\":\"https:\\\/\\\/www.escapadarural.com\\\/blog\\\/wp-content\\\/uploads\\\/2024\\\/10\\\/cropped-cropped-escapada-rural-icon-mag-3.png\",\"contentUrl\":\"https:\\\/\\\/www.escapadarural.com\\\/blog\\\/wp-content\\\/uploads\\\/2024\\\/10\\\/cropped-cropped-escapada-rural-icon-mag-3.png\",\"width\":512,\"height\":512,\"caption\":\"EscapadaRural\"},\"image\":{\"@id\":\"https:\\\/\\\/www.escapadarural.com\\\/blog\\\/#\\\/schema\\\/logo\\\/image\\\/\"},\"sameAs\":[\"https:\\\/\\\/www.facebook.com\\\/escapadarural\",\"https:\\\/\\\/www.instagram.com\\\/escapadarural\\\/\",\"https:\\\/\\\/www.youtube.com\\\/@escapadaruralcom\"]},{\"@type\":\"Person\",\"@id\":\"https:\\\/\\\/www.escapadarural.com\\\/blog\\\/#\\\/schema\\\/person\\\/d9ee55ff3e0cef41d6eac8922b4f972c\",\"name\":\"Escapada Rural\",\"image\":{\"@type\":\"ImageObject\",\"inLanguage\":\"es\",\"@id\":\"https:\\\/\\\/www.escapadarural.com\\\/blog\\\/wp-content\\\/uploads\\\/2024\\\/10\\\/cropped-cropped-escapada-rural-icon-mag-3-96x96.png\",\"url\":\"https:\\\/\\\/www.escapadarural.com\\\/blog\\\/wp-content\\\/uploads\\\/2024\\\/10\\\/cropped-cropped-escapada-rural-icon-mag-3-96x96.png\",\"contentUrl\":\"https:\\\/\\\/www.escapadarural.com\\\/blog\\\/wp-content\\\/uploads\\\/2024\\\/10\\\/cropped-cropped-escapada-rural-icon-mag-3-96x96.png\",\"caption\":\"Escapada Rural\"},\"sameAs\":[\"https:\\\/\\\/www.facebook.com\\\/escapadarural\",\"https:\\\/\\\/www.linkedin.com\\\/company\\\/escapada-rural\\\/?originalSubdomain=es\",\"https:\\\/\\\/x.com\\\/https:\\\/\\\/x.com\\\/i\\\/flow\\\/login?redirect_after_login=escapadarural\"],\"url\":\"https:\\\/\\\/www.escapadarural.com\\\/blog\\\/autor\\\/user\\\/\"}]}<\/script>\n<!-- \/ Yoast SEO plugin. -->","yoast_head_json":{"title":"Festival Internacional de M\u00fasica de Marv\u00e3o - EscapadaRural","robots":{"index":"index","follow":"follow","max-snippet":"max-snippet:-1","max-image-preview":"max-image-preview:large","max-video-preview":"max-video-preview:-1"},"canonical":"https:\/\/www.escapadarural.com\/blog\/festival-internacional-de-musica-de-marvao\/","og_locale":"es_ES","og_type":"article","og_title":"Festival Internacional de M\u00fasica de Marv\u00e3o - EscapadaRural","og_description":"El Festival Internacional de M\u00fasica de Marv\u00e3o se celebra del 20 al 29 de julio de 2018. Hoy en d\u00eda, en Marv\u00e3o se viaja tanto con el o\u00eddo como con la vista.","og_url":"https:\/\/www.escapadarural.com\/blog\/festival-internacional-de-musica-de-marvao\/","og_site_name":"Magazine de viajes de EscapadaRural","article_publisher":"https:\/\/www.facebook.com\/escapadarural","article_author":"https:\/\/www.facebook.com\/escapadarural","article_published_time":"2018-03-21T10:00:13+00:00","article_modified_time":"2025-01-16T13:03:14+00:00","og_image":[{"width":1024,"height":683,"url":"https:\/\/www.escapadarural.com\/blog\/wp-content\/uploads\/2024\/10\/Marvao-4-1-1024x683-3.jpg","type":"image\/jpeg"}],"author":"Escapada Rural","twitter_card":"summary_large_image","twitter_creator":"@https:\/\/x.com\/i\/flow\/login?redirect_after_login=escapadarural","twitter_misc":{"Escrito por":"Escapada Rural","Tiempo de lectura":"6 minutos"},"schema":{"@context":"https:\/\/schema.org","@graph":[{"@type":"Article","@id":"https:\/\/www.escapadarural.com\/blog\/festival-internacional-de-musica-de-marvao\/#article","isPartOf":{"@id":"https:\/\/www.escapadarural.com\/blog\/festival-internacional-de-musica-de-marvao\/"},"author":{"name":"Escapada Rural","@id":"https:\/\/www.escapadarural.com\/blog\/#\/schema\/person\/d9ee55ff3e0cef41d6eac8922b4f972c"},"headline":"Festival Internacional de M\u00fasica de Marv\u00e3o","datePublished":"2018-03-21T10:00:13+00:00","dateModified":"2025-01-16T13:03:14+00:00","mainEntityOfPage":{"@id":"https:\/\/www.escapadarural.com\/blog\/festival-internacional-de-musica-de-marvao\/"},"wordCount":1234,"commentCount":0,"publisher":{"@id":"https:\/\/www.escapadarural.com\/blog\/#organization"},"image":{"@id":"https:\/\/www.escapadarural.com\/blog\/festival-internacional-de-musica-de-marvao\/#primaryimage"},"thumbnailUrl":"https:\/\/www.escapadarural.com\/blog\/wp-content\/uploads\/2024\/10\/Marvao-4-1-1024x683-3.jpg","keywords":["Festival","Marv\u00e3o","portugal"],"articleSection":["Arte y Cultura"],"inLanguage":"es","potentialAction":[{"@type":"CommentAction","name":"Comment","target":["https:\/\/www.escapadarural.com\/blog\/festival-internacional-de-musica-de-marvao\/#respond"]}]},{"@type":"WebPage","@id":"https:\/\/www.escapadarural.com\/blog\/festival-internacional-de-musica-de-marvao\/","url":"https:\/\/www.escapadarural.com\/blog\/festival-internacional-de-musica-de-marvao\/","name":"Festival Internacional de M\u00fasica de Marv\u00e3o - EscapadaRural","isPartOf":{"@id":"https:\/\/www.escapadarural.com\/blog\/#website"},"primaryImageOfPage":{"@id":"https:\/\/www.escapadarural.com\/blog\/festival-internacional-de-musica-de-marvao\/#primaryimage"},"image":{"@id":"https:\/\/www.escapadarural.com\/blog\/festival-internacional-de-musica-de-marvao\/#primaryimage"},"thumbnailUrl":"https:\/\/www.escapadarural.com\/blog\/wp-content\/uploads\/2024\/10\/Marvao-4-1-1024x683-3.jpg","datePublished":"2018-03-21T10:00:13+00:00","dateModified":"2025-01-16T13:03:14+00:00","breadcrumb":{"@id":"https:\/\/www.escapadarural.com\/blog\/festival-internacional-de-musica-de-marvao\/#breadcrumb"},"inLanguage":"es","potentialAction":[{"@type":"ReadAction","target":["https:\/\/www.escapadarural.com\/blog\/festival-internacional-de-musica-de-marvao\/"]}]},{"@type":"ImageObject","inLanguage":"es","@id":"https:\/\/www.escapadarural.com\/blog\/festival-internacional-de-musica-de-marvao\/#primaryimage","url":"https:\/\/www.escapadarural.com\/blog\/wp-content\/uploads\/2024\/10\/Marvao-4-1-1024x683-3.jpg","contentUrl":"https:\/\/www.escapadarural.com\/blog\/wp-content\/uploads\/2024\/10\/Marvao-4-1-1024x683-3.jpg","width":1024,"height":683,"caption":"Vista a\u00e9rea de un pueblo en lo alto de una colina con edificios blancos, una iglesia y exuberantes jardines, rodeado de ondulantes colinas verdes y espectaculares nubes al atardecer."},{"@type":"BreadcrumbList","@id":"https:\/\/www.escapadarural.com\/blog\/festival-internacional-de-musica-de-marvao\/#breadcrumb","itemListElement":[{"@type":"ListItem","position":1,"name":"Inicio","item":"https:\/\/www.escapadarural.com\/blog\/"},{"@type":"ListItem","position":2,"name":"Arte y Cultura","item":"https:\/\/www.escapadarural.com\/blog\/categoria\/arte-y-cultura\/"},{"@type":"ListItem","position":3,"name":"Festival Internacional de M\u00fasica de Marv\u00e3o"}]},{"@type":"WebSite","@id":"https:\/\/www.escapadarural.com\/blog\/#website","url":"https:\/\/www.escapadarural.com\/blog\/","name":"Blog de viajes | turismo rural, alojamientos e inspiraci\u00f3n","description":"Alojamientos rurales e inspiraci\u00f3n para tus escapadas","publisher":{"@id":"https:\/\/www.escapadarural.com\/blog\/#organization"},"alternateName":"Magazine de viajes de EscapadaRural","potentialAction":[{"@type":"SearchAction","target":{"@type":"EntryPoint","urlTemplate":"https:\/\/www.escapadarural.com\/blog\/?s={search_term_string}"},"query-input":{"@type":"PropertyValueSpecification","valueRequired":true,"valueName":"search_term_string"}}],"inLanguage":"es"},{"@type":"Organization","@id":"https:\/\/www.escapadarural.com\/blog\/#organization","name":"EscapadaRural","url":"https:\/\/www.escapadarural.com\/blog\/","logo":{"@type":"ImageObject","inLanguage":"es","@id":"https:\/\/www.escapadarural.com\/blog\/#\/schema\/logo\/image\/","url":"https:\/\/www.escapadarural.com\/blog\/wp-content\/uploads\/2024\/10\/cropped-cropped-escapada-rural-icon-mag-3.png","contentUrl":"https:\/\/www.escapadarural.com\/blog\/wp-content\/uploads\/2024\/10\/cropped-cropped-escapada-rural-icon-mag-3.png","width":512,"height":512,"caption":"EscapadaRural"},"image":{"@id":"https:\/\/www.escapadarural.com\/blog\/#\/schema\/logo\/image\/"},"sameAs":["https:\/\/www.facebook.com\/escapadarural","https:\/\/www.instagram.com\/escapadarural\/","https:\/\/www.youtube.com\/@escapadaruralcom"]},{"@type":"Person","@id":"https:\/\/www.escapadarural.com\/blog\/#\/schema\/person\/d9ee55ff3e0cef41d6eac8922b4f972c","name":"Escapada Rural","image":{"@type":"ImageObject","inLanguage":"es","@id":"https:\/\/www.escapadarural.com\/blog\/wp-content\/uploads\/2024\/10\/cropped-cropped-escapada-rural-icon-mag-3-96x96.png","url":"https:\/\/www.escapadarural.com\/blog\/wp-content\/uploads\/2024\/10\/cropped-cropped-escapada-rural-icon-mag-3-96x96.png","contentUrl":"https:\/\/www.escapadarural.com\/blog\/wp-content\/uploads\/2024\/10\/cropped-cropped-escapada-rural-icon-mag-3-96x96.png","caption":"Escapada Rural"},"sameAs":["https:\/\/www.facebook.com\/escapadarural","https:\/\/www.linkedin.com\/company\/escapada-rural\/?originalSubdomain=es","https:\/\/x.com\/https:\/\/x.com\/i\/flow\/login?redirect_after_login=escapadarural"],"url":"https:\/\/www.escapadarural.com\/blog\/autor\/user\/"}]}},"_links":{"self":[{"href":"https:\/\/www.escapadarural.com\/blog\/wp-json\/wp\/v2\/posts\/9411","targetHints":{"allow":["GET"]}}],"collection":[{"href":"https:\/\/www.escapadarural.com\/blog\/wp-json\/wp\/v2\/posts"}],"about":[{"href":"https:\/\/www.escapadarural.com\/blog\/wp-json\/wp\/v2\/types\/post"}],"author":[{"embeddable":true,"href":"https:\/\/www.escapadarural.com\/blog\/wp-json\/wp\/v2\/users\/136"}],"replies":[{"embeddable":true,"href":"https:\/\/www.escapadarural.com\/blog\/wp-json\/wp\/v2\/comments?post=9411"}],"version-history":[{"count":0,"href":"https:\/\/www.escapadarural.com\/blog\/wp-json\/wp\/v2\/posts\/9411\/revisions"}],"wp:featuredmedia":[{"embeddable":true,"href":"https:\/\/www.escapadarural.com\/blog\/wp-json\/wp\/v2\/media\/104778"}],"wp:attachment":[{"href":"https:\/\/www.escapadarural.com\/blog\/wp-json\/wp\/v2\/media?parent=9411"}],"wp:term":[{"taxonomy":"category","embeddable":true,"href":"https:\/\/www.escapadarural.com\/blog\/wp-json\/wp\/v2\/categories?post=9411"},{"taxonomy":"post_tag","embeddable":true,"href":"https:\/\/www.escapadarural.com\/blog\/wp-json\/wp\/v2\/tags?post=9411"}],"curies":[{"name":"wp","href":"https:\/\/api.w.org\/{rel}","templated":true}]}}