{"id":9413,"date":"2018-03-08T10:00:19","date_gmt":"2018-03-08T10:00:19","guid":{"rendered":"http:\/\/15.188.81.248\/2018\/03\/08\/coimbra-la-ciudad-mas-romantica-de-portugal\/"},"modified":"2024-10-21T13:22:36","modified_gmt":"2024-10-21T11:22:36","slug":"coimbra-la-ciudad-mas-romantica-de-portugal","status":"publish","type":"post","link":"https:\/\/www.escapadarural.com\/blog\/coimbra-la-ciudad-mas-romantica-de-portugal\/","title":{"rendered":"Co\u00edmbra, la ciudad m\u00e1s rom\u00e1ntica de Portugal"},"content":{"rendered":"\n<figure class=\"wp-block-image size-large\"><a href=\"https:\/\/www.escapadarural.com\/blog\/wp-content\/uploads\/2019\/09\/Coimbra-9-scaled.jpg\"><img decoding=\"async\" src=\"https:\/\/www.escapadarural.com\/blog\/wp-content\/uploads\/2019\/09\/Coimbra-9-1024x683.jpg\" alt=\"Coimbra\" class=\"wp-image-23585\"\/><\/a><figcaption class=\"wp-element-caption\">Por saiko3p<\/figcaption><\/figure>\n\n\n\n<p>Hay que retirarse un poco del casco hist\u00f3rico de Co\u00edmbra (Portugal). Por ejemplo, ir hasta la Avenida Conimbriga, junto al puente de Santa Clara, para ver c\u00f3mo <strong>Co\u00edmbra se yergue sobre el r\u00edo Mondego<\/strong> en un conjunto api\u00f1ado de fachadas que remontan el cerro hasta la antigua universidad, que despunta como el faro de cultura que es.<\/p>\n\n\n\n<p>En los d\u00edas claros, el color blanco de las fachadas y el de la teja contrastan con el azul del cielo. Tal vez, alguna nube acabe por dar a la panor\u00e1mica la belleza de una postal.<\/p>\n\n\n\n<p>Hay un <a href=\"https:\/\/www.youtube.com\/watch?v=172RN6cyDGs\" target=\"_blank\">fado<\/a> (<em>Co\u00edmbra e uma li\u00e7ao<\/em>) que suena maravillosamente bien en la voz de Amalia Rodrigues. La letra nos da una primera pista de que nos hallamos en <strong>la ciudad m\u00e1s rom\u00e1ntica de Portugal<\/strong>: \u201cCo\u00edmbra, donde una vez, entre l\u00e1grimas, tuvo lugar la historia de aquella bella In\u00e9s\u201d.<\/p>\n\n\n\n<!--more-->\n\n\n\n<h2 class=\"wp-block-heading title-rute\">Co\u00edmbra, lecci\u00f3n de amor<\/h2>\n\n\n\n<figure class=\"wp-block-image size-large\"><a href=\"https:\/\/www.escapadarural.com\/blog\/wp-content\/uploads\/2018\/03\/Coimbra-10-1-scaled.jpg\"><img decoding=\"async\" src=\"https:\/\/www.escapadarural.com\/blog\/wp-content\/uploads\/2018\/03\/Coimbra-10-1-1024x335.jpg\" alt=\"Co\u00edmbra\" class=\"wp-image-27475\"\/><\/a><figcaption class=\"wp-element-caption\">Por S-F<\/figcaption><\/figure>\n\n\n\n<p>La ciudad universitaria, y del fado y de los poetas como Jo\u00e3o Cochofel, es el escenario de la historia de amor m\u00e1s famosa de Portugal. Tambi\u00e9n, la m\u00e1s tr\u00e1gica. Y es que \u00e9se es el sino de muchos de los amores prohibidos.<\/p>\n\n\n\n<p><strong>Cuenta la leyenda<\/strong> que estando casado el Infante Pedro con Do\u00f1a Constanza enviaba sus cartas de amor a In\u00e9s de Castro a trav\u00e9s de un canal de agua que comunicaba los jardines de la Quinta das L\u00e1grimas con el Pa\u00e7o Real. Para ello, introduc\u00eda las cartas en barquitos que confeccionaba de madera. La corriente del agua era el amor.<\/p>\n\n\n\n<p>Pedro e In\u00e9s mantuvieron encuentros rom\u00e1nticos en secreto hasta la muerte de Constan\u00e7a, en 1345. Nueve a\u00f1os despu\u00e9s, Don Pedro vivi\u00f3 abiertamente la relaci\u00f3n con la que durante tanto tiempo hab\u00eda sido su amante; pero el rey Don Afonso IV de Portugal conden\u00f3 siempre la relaci\u00f3n, hasta que, finalmente, orden\u00f3 la muerte de In\u00e9s.<\/p>\n\n\n\n<p>La leyenda explica que, destrozado de dolor, Don Pedro encabez\u00f3 una rebeli\u00f3n contra su padre, el rey. Cuando finalmente subi\u00f3 al trono en 1357, orden\u00f3 la captura de los asesinos de In\u00e9s de Castro y los mat\u00f3 arranc\u00e1ndoles el coraz\u00f3n, lo que le vali\u00f3 el apodo de \u201cel Cruel\u201d.<\/p>\n\n\n\n<p>Hoy en Co\u00edmbra podemos visitar algunos escenarios en los que aconteci\u00f3 esta tr\u00e1gica historia de amor. <strong>La Quinta das L\u00e1grima<\/strong>, donde Don Pedro e In\u00e9s se encontraban a escondidas, hoy es un hotel de lujo ubicado en la ribera izquierda del Mondego.<\/p>\n\n\n\n<p>En el lugar tambi\u00e9n est\u00e1 <strong><em>la Fonte das L\u00e1grimas<\/em><\/strong>. Y seg\u00fan la leyenda, su origen son las l\u00e1grimas derramadas por In\u00e9s en el momento de ser asesinada. Hay que dejarse contagiar por el romanticismo del lugar, pasear por los espl\u00e9ndidos jardines, disfrutar de sus rincones y de la gran diversidad de especies bot\u00e1nicas. \u00bfQui\u00e9n sabe? Tal vez veamos pasar por el canal de los amores uno de aquellos barquitos que usaron los enamorados para comunicarse a escondidas.<\/p>\n\n\n\n<p>La excepcional diversidad floral de los <strong>jardines de la Quinta das L\u00e1grimas<\/strong> se debe a la relaci\u00f3n de amistad de su creador con el director del <strong>Jard\u00edn Bot\u00e1nico<\/strong>, de visita imprescindible, de la Universidad de Co\u00edmbra. Y es que la Universidad es, adem\u00e1s de santo y se\u00f1a de la ciudad, elemento clave en la historia de Co\u00edmbra.<\/p>\n\n\n\n<h2 class=\"wp-block-heading title-rute\">La universidad de Co\u00edmbra<\/h2>\n\n\n\n<figure class=\"wp-block-image size-large\"><img decoding=\"async\" src=\"https:\/\/www.escapadarural.com\/blog\/wp-content\/uploads\/2018\/03\/Coimbra-6-1-1024x683.jpg\" alt=\"Co\u00edmbra\" class=\"wp-image-27474\"\/><figcaption class=\"wp-element-caption\">Por saiko3p<\/figcaption><\/figure>\n\n\n\n<p>Hasta tal punto es importante la instituci\u00f3n en la vida de Co\u00edmbra que <strong>el paso del tiempo lo marcan las campanas de la torre de la universidad<\/strong>. Salvo si viajas en periodo vacacional, en la ciudad se siente un murmullo continuo de estudiantes a todas horas y es muy probable que, en cualquiera de las calles cercanas a la universidad, encuentres tunas estudiantiles repartiendo jolgorio y broma.<\/p>\n\n\n\n<p>Pero el evento estrella entre los estudiantes es la famosa <strong>Queima das Fitas<\/strong> (Quema de las Cintas). Se celebra <strong>junto a la Catedral Vieja cada a\u00f1o<\/strong>, en mayo, coincidiendo con el final del curso acad\u00e9mico y el inicio del mes de estudios antes de los ex\u00e1menes finales.<\/p>\n\n\n\n<p>Se trata de una oportunidad especial para conocer en todo su esplendor a la ciudad de Co\u00edmbra. Los reci\u00e9n graduados entregan sus carpetas a los estudiantes de \u00faltimo a\u00f1o y durante una semana se viven numerosos eventos culturales, como la Serenata Monumental, la Verbena, el Cortejo dos Grelados, la Garraiada, la R\u00e9cita das Faculdades y la Bendici\u00f3n de las Carpetas.<\/p>\n\n\n\n<p>Y es que <strong>Co\u00edmbra es famosa por su hist\u00f3rica Universidad<\/strong>, la m\u00e1s antigua de Portugal. Fue fundada en el siglo XIII (Portugal fue el quinto pa\u00eds donde apareci\u00f3 una instituci\u00f3n de este tipo) y la Unesco la incluy\u00f3 como <strong>lugar Patrimonio de la Humanidad, junto a la Rua da Sofia y la parte alta de la ciudad<\/strong>.<\/p>\n\n\n\n<p>Paseando por la Rua da Sofia llegaremos hasta la zona de Almedina. La comercial calle de Ferreira Borges y la Coura\u00e7a de Lisboa marcan los l\u00edmites de la antigua muralla de la que quedan rastros aislados como el Arco de Almedina. Traspas\u00e1ndola, accedemos al laberinto de callejuelas, escaleras y cuestas adoquinadas que forman el bello centro hist\u00f3rico.<\/p>\n\n\n\n<p>Colindantes al conjunto patrimonial de la Universidad, podremos ver <strong>las distinta Rep\u00fablicas de Co\u00edmbra<\/strong>, espacios m\u00edticos de la vida acad\u00e9mica que el rey Don Dinis orden\u00f3 construir para alojar a los estudiantes a cambio de un pago y que,&nbsp; en 1957, alcanzaron su propio estatus jur\u00eddico.<\/p>\n\n\n\n<figure class=\"wp-block-image size-large\"><a href=\"https:\/\/www.escapadarural.com\/blog\/wp-content\/uploads\/2018\/03\/Coimbra-11-1-scaled.jpg\"><img decoding=\"async\" src=\"https:\/\/www.escapadarural.com\/blog\/wp-content\/uploads\/2018\/03\/Coimbra-11-1-1024x683.jpg\" alt=\"Co\u00edmbra\" class=\"wp-image-27473\"\/><\/a><figcaption class=\"wp-element-caption\">Por Benny Marty<\/figcaption><\/figure>\n\n\n\n<p>Hay que dejar atr\u00e1s el ayuntamiento, caminar, ver los bellos edificios, la Fonte Nova a nuestra izquierda. Luego, llegar hasta el <strong>Patio y Palacio de las Escuelas<\/strong>, un conjunto arquitect\u00f3nico dominado por la esbelta Torre de la Universidad. Y, por supuesto, tenemos que subir para disfrutar de <strong>un punto panor\u00e1mico de 360 grados sobre la ciudad<\/strong>.<\/p>\n\n\n\n<p>Dentro del recinto de la universidad, no podemos perdernos la hermosa Biblioteca Joanina, la Capilla de San Miguel, la Sala de los Arqueros, o la c\u00e1rcel acad\u00e9mica, que no, su funci\u00f3n no era castigar a los malos estudiantes; pero s\u00ed la de proteger a estudiantes y funcionarios de los posibles criminales que pudieran merodear tan privilegiada instituci\u00f3n.<\/p>\n\n\n\n<h2 class=\"wp-block-heading title-rute\">Otros lugares que visitar en Co\u00edmbra<\/h2>\n\n\n\n<figure class=\"wp-block-image size-large\"><a href=\"https:\/\/www.escapadarural.com\/blog\/wp-content\/uploads\/2018\/03\/Coimbra-3-1-scaled.jpg\"><img decoding=\"async\" src=\"https:\/\/www.escapadarural.com\/blog\/wp-content\/uploads\/2018\/03\/Coimbra-3-1-1024x683.jpg\" alt=\"Co\u00edmbra\" class=\"wp-image-27472\"\/><\/a><figcaption class=\"wp-element-caption\">Por saiko3p<\/figcaption><\/figure>\n\n\n\n<p>Hay m\u00e1s rincones llenos de romanticismo en Co\u00edmbra. Espacios es los que cualquier amor quedar\u00eda bien. Paseemos, por ejemplo, hasta <strong>Mosteiro de Santa Clara-a-Velha<\/strong>, en la margen izquierda del r\u00edo Mondego, con bellas vistas de la ciudad. O vayamos al margen contrario, al derecho, para <strong>visitar la Capilla de San Miguel<\/strong>, cuyo interior recubierto de bellos azulejos seguro que te impresionar\u00e1.<\/p>\n\n\n\n<p>A modo de repaso hist\u00f3rico de la ciudad, hay que entrar en <strong>el Museo Nacional Machado de Castro<\/strong>. Su bell\u00edsimo patio es la puerta de entrada a uno de los museos m\u00e1s importantes de Portugal. En pocos metros, toda la historia: aqu\u00ed estaba el centro administrativo, pol\u00edtico y religioso de la \u00e9poca Romana (Aeminium) y tambi\u00e9n un templo cristiano, el Palacio Episcopal original del siglo XII y el actual edificio del Museo, desde 1911.<\/p>\n\n\n\n<p>Y recuerda, si te escapas a esta bella ciudad, que hay un fado que dice: \u201cCo\u00edmbra del Choupal, todav\u00eda es capital del amor en Portugal, todav\u00eda\u201d.<\/p>\n\n\n\n<p>Mas informaci\u00f3n <a href=\"https:\/\/www.visitportugal.com\/es\" target=\"_blank\">www.visitportugal.com\/es<\/a><\/p>\n","protected":false},"excerpt":{"rendered":"<p>Co\u00edmbra se yergue sobre el r\u00edo Mondego en un conjunto api\u00f1ado de fachadas que remontan el cerro hasta la antigua universidad, que despunta como el faro de cultura que es. En los d\u00edas claros, el color blanco de las fachadas y el de la teja contrastan con el azul del cielo. Tal vez, alguna nube acabe por dar a la panor\u00e1mica la belleza de una postal.<\/p>\n","protected":false},"author":136,"featured_media":104798,"comment_status":"open","ping_status":"closed","sticky":false,"template":"","format":"standard","meta":{"_acf_changed":false,"om_disable_all_campaigns":false,"footnotes":""},"categories":[191,333],"tags":[2071,538],"class_list":["post-9413","post","type-post","status-publish","format-standard","has-post-thumbnail","hentry","category-destinos","category-guias","tag-coimbra","tag-portugal"],"acf":[],"featured_image_src":"https:\/\/www.escapadarural.com\/blog\/wp-content\/uploads\/2024\/10\/Coimbra-9-1024x683-6.jpg","author_info":{"display_name":"Escapada Rural","author_link":"https:\/\/www.escapadarural.com\/blog\/autor\/user\/"},"yoast_head":"<!-- This site is optimized with the Yoast SEO plugin v27.5 - https:\/\/yoast.com\/product\/yoast-seo-wordpress\/ -->\n<title>Co\u00edmbra, la ciudad m\u00e1s rom\u00e1ntica de Portugal - EscapadaRural<\/title>\n<meta name=\"robots\" content=\"index, follow, max-snippet:-1, max-image-preview:large, max-video-preview:-1\" \/>\n<link rel=\"canonical\" href=\"https:\/\/www.escapadarural.com\/blog\/coimbra-la-ciudad-mas-romantica-de-portugal\/\" \/>\n<meta property=\"og:locale\" content=\"es_ES\" \/>\n<meta property=\"og:type\" content=\"article\" \/>\n<meta property=\"og:title\" content=\"Co\u00edmbra, la ciudad m\u00e1s rom\u00e1ntica de Portugal - EscapadaRural\" \/>\n<meta property=\"og:description\" content=\"Co\u00edmbra se yergue sobre el r\u00edo Mondego en un conjunto api\u00f1ado de fachadas que remontan el cerro hasta la antigua universidad, que despunta como el faro de cultura que es. En los d\u00edas claros, el color blanco de las fachadas y el de la teja contrastan con el azul del cielo. Tal vez, alguna nube acabe por dar a la panor\u00e1mica la belleza de una postal.\" \/>\n<meta property=\"og:url\" content=\"https:\/\/www.escapadarural.com\/blog\/coimbra-la-ciudad-mas-romantica-de-portugal\/\" \/>\n<meta property=\"og:site_name\" content=\"Magazine de viajes de EscapadaRural\" \/>\n<meta property=\"article:publisher\" content=\"https:\/\/www.facebook.com\/escapadarural\" \/>\n<meta property=\"article:author\" content=\"https:\/\/www.facebook.com\/escapadarural\" \/>\n<meta property=\"article:published_time\" content=\"2018-03-08T10:00:19+00:00\" \/>\n<meta property=\"article:modified_time\" content=\"2024-10-21T11:22:36+00:00\" \/>\n<meta property=\"og:image\" content=\"https:\/\/www.escapadarural.com\/blog\/wp-content\/uploads\/2024\/10\/Coimbra-9-1024x683-6.jpg\" \/>\n\t<meta property=\"og:image:width\" content=\"1024\" \/>\n\t<meta property=\"og:image:height\" content=\"683\" \/>\n\t<meta property=\"og:image:type\" content=\"image\/jpeg\" \/>\n<meta name=\"author\" content=\"Escapada Rural\" \/>\n<meta name=\"twitter:card\" content=\"summary_large_image\" \/>\n<meta name=\"twitter:creator\" content=\"@https:\/\/x.com\/i\/flow\/login?redirect_after_login=escapadarural\" \/>\n<meta name=\"twitter:label1\" content=\"Escrito por\" \/>\n\t<meta name=\"twitter:data1\" content=\"Escapada Rural\" \/>\n\t<meta name=\"twitter:label2\" content=\"Tiempo de lectura\" \/>\n\t<meta name=\"twitter:data2\" content=\"6 minutos\" \/>\n<script type=\"application\/ld+json\" class=\"yoast-schema-graph\">{\"@context\":\"https:\\\/\\\/schema.org\",\"@graph\":[{\"@type\":\"Article\",\"@id\":\"https:\\\/\\\/www.escapadarural.com\\\/blog\\\/coimbra-la-ciudad-mas-romantica-de-portugal\\\/#article\",\"isPartOf\":{\"@id\":\"https:\\\/\\\/www.escapadarural.com\\\/blog\\\/coimbra-la-ciudad-mas-romantica-de-portugal\\\/\"},\"author\":{\"name\":\"Escapada Rural\",\"@id\":\"https:\\\/\\\/www.escapadarural.com\\\/blog\\\/#\\\/schema\\\/person\\\/d9ee55ff3e0cef41d6eac8922b4f972c\"},\"headline\":\"Co\u00edmbra, la ciudad m\u00e1s rom\u00e1ntica de Portugal\",\"datePublished\":\"2018-03-08T10:00:19+00:00\",\"dateModified\":\"2024-10-21T11:22:36+00:00\",\"mainEntityOfPage\":{\"@id\":\"https:\\\/\\\/www.escapadarural.com\\\/blog\\\/coimbra-la-ciudad-mas-romantica-de-portugal\\\/\"},\"wordCount\":1277,\"commentCount\":1,\"publisher\":{\"@id\":\"https:\\\/\\\/www.escapadarural.com\\\/blog\\\/#organization\"},\"image\":{\"@id\":\"https:\\\/\\\/www.escapadarural.com\\\/blog\\\/coimbra-la-ciudad-mas-romantica-de-portugal\\\/#primaryimage\"},\"thumbnailUrl\":\"https:\\\/\\\/www.escapadarural.com\\\/blog\\\/wp-content\\\/uploads\\\/2024\\\/10\\\/Coimbra-9-1024x683-6.jpg\",\"keywords\":[\"Co\u00edmbra\",\"portugal\"],\"articleSection\":[\"Destinos\",\"Gu\u00edas\"],\"inLanguage\":\"es\",\"potentialAction\":[{\"@type\":\"CommentAction\",\"name\":\"Comment\",\"target\":[\"https:\\\/\\\/www.escapadarural.com\\\/blog\\\/coimbra-la-ciudad-mas-romantica-de-portugal\\\/#respond\"]}]},{\"@type\":\"WebPage\",\"@id\":\"https:\\\/\\\/www.escapadarural.com\\\/blog\\\/coimbra-la-ciudad-mas-romantica-de-portugal\\\/\",\"url\":\"https:\\\/\\\/www.escapadarural.com\\\/blog\\\/coimbra-la-ciudad-mas-romantica-de-portugal\\\/\",\"name\":\"Co\u00edmbra, la ciudad m\u00e1s rom\u00e1ntica de Portugal - EscapadaRural\",\"isPartOf\":{\"@id\":\"https:\\\/\\\/www.escapadarural.com\\\/blog\\\/#website\"},\"primaryImageOfPage\":{\"@id\":\"https:\\\/\\\/www.escapadarural.com\\\/blog\\\/coimbra-la-ciudad-mas-romantica-de-portugal\\\/#primaryimage\"},\"image\":{\"@id\":\"https:\\\/\\\/www.escapadarural.com\\\/blog\\\/coimbra-la-ciudad-mas-romantica-de-portugal\\\/#primaryimage\"},\"thumbnailUrl\":\"https:\\\/\\\/www.escapadarural.com\\\/blog\\\/wp-content\\\/uploads\\\/2024\\\/10\\\/Coimbra-9-1024x683-6.jpg\",\"datePublished\":\"2018-03-08T10:00:19+00:00\",\"dateModified\":\"2024-10-21T11:22:36+00:00\",\"breadcrumb\":{\"@id\":\"https:\\\/\\\/www.escapadarural.com\\\/blog\\\/coimbra-la-ciudad-mas-romantica-de-portugal\\\/#breadcrumb\"},\"inLanguage\":\"es\",\"potentialAction\":[{\"@type\":\"ReadAction\",\"target\":[\"https:\\\/\\\/www.escapadarural.com\\\/blog\\\/coimbra-la-ciudad-mas-romantica-de-portugal\\\/\"]}]},{\"@type\":\"ImageObject\",\"inLanguage\":\"es\",\"@id\":\"https:\\\/\\\/www.escapadarural.com\\\/blog\\\/coimbra-la-ciudad-mas-romantica-de-portugal\\\/#primaryimage\",\"url\":\"https:\\\/\\\/www.escapadarural.com\\\/blog\\\/wp-content\\\/uploads\\\/2024\\\/10\\\/Coimbra-9-1024x683-6.jpg\",\"contentUrl\":\"https:\\\/\\\/www.escapadarural.com\\\/blog\\\/wp-content\\\/uploads\\\/2024\\\/10\\\/Coimbra-9-1024x683-6.jpg\",\"width\":1024,\"height\":683,\"caption\":\"Una vista de la ladera de Coimbra, Portugal, con edificios de colores con tejados de tejas rojas y la hist\u00f3rica Universidad de Coimbra con su prominente torre del reloj bajo un cielo azul con nubes dispersas.\"},{\"@type\":\"BreadcrumbList\",\"@id\":\"https:\\\/\\\/www.escapadarural.com\\\/blog\\\/coimbra-la-ciudad-mas-romantica-de-portugal\\\/#breadcrumb\",\"itemListElement\":[{\"@type\":\"ListItem\",\"position\":1,\"name\":\"Inicio\",\"item\":\"https:\\\/\\\/www.escapadarural.com\\\/blog\\\/\"},{\"@type\":\"ListItem\",\"position\":2,\"name\":\"Destinos\",\"item\":\"https:\\\/\\\/www.escapadarural.com\\\/blog\\\/categoria\\\/destinos\\\/\"},{\"@type\":\"ListItem\",\"position\":3,\"name\":\"Co\u00edmbra, la ciudad m\u00e1s rom\u00e1ntica de Portugal\"}]},{\"@type\":\"WebSite\",\"@id\":\"https:\\\/\\\/www.escapadarural.com\\\/blog\\\/#website\",\"url\":\"https:\\\/\\\/www.escapadarural.com\\\/blog\\\/\",\"name\":\"Blog de viajes | turismo rural, alojamientos e inspiraci\u00f3n\",\"description\":\"Alojamientos rurales e inspiraci\u00f3n para tus escapadas\",\"publisher\":{\"@id\":\"https:\\\/\\\/www.escapadarural.com\\\/blog\\\/#organization\"},\"alternateName\":\"Magazine de viajes de EscapadaRural\",\"potentialAction\":[{\"@type\":\"SearchAction\",\"target\":{\"@type\":\"EntryPoint\",\"urlTemplate\":\"https:\\\/\\\/www.escapadarural.com\\\/blog\\\/?s={search_term_string}\"},\"query-input\":{\"@type\":\"PropertyValueSpecification\",\"valueRequired\":true,\"valueName\":\"search_term_string\"}}],\"inLanguage\":\"es\"},{\"@type\":\"Organization\",\"@id\":\"https:\\\/\\\/www.escapadarural.com\\\/blog\\\/#organization\",\"name\":\"EscapadaRural\",\"url\":\"https:\\\/\\\/www.escapadarural.com\\\/blog\\\/\",\"logo\":{\"@type\":\"ImageObject\",\"inLanguage\":\"es\",\"@id\":\"https:\\\/\\\/www.escapadarural.com\\\/blog\\\/#\\\/schema\\\/logo\\\/image\\\/\",\"url\":\"https:\\\/\\\/www.escapadarural.com\\\/blog\\\/wp-content\\\/uploads\\\/2024\\\/10\\\/cropped-cropped-escapada-rural-icon-mag-3.png\",\"contentUrl\":\"https:\\\/\\\/www.escapadarural.com\\\/blog\\\/wp-content\\\/uploads\\\/2024\\\/10\\\/cropped-cropped-escapada-rural-icon-mag-3.png\",\"width\":512,\"height\":512,\"caption\":\"EscapadaRural\"},\"image\":{\"@id\":\"https:\\\/\\\/www.escapadarural.com\\\/blog\\\/#\\\/schema\\\/logo\\\/image\\\/\"},\"sameAs\":[\"https:\\\/\\\/www.facebook.com\\\/escapadarural\",\"https:\\\/\\\/www.instagram.com\\\/escapadarural\\\/\",\"https:\\\/\\\/www.youtube.com\\\/@escapadaruralcom\"]},{\"@type\":\"Person\",\"@id\":\"https:\\\/\\\/www.escapadarural.com\\\/blog\\\/#\\\/schema\\\/person\\\/d9ee55ff3e0cef41d6eac8922b4f972c\",\"name\":\"Escapada Rural\",\"image\":{\"@type\":\"ImageObject\",\"inLanguage\":\"es\",\"@id\":\"https:\\\/\\\/www.escapadarural.com\\\/blog\\\/wp-content\\\/uploads\\\/2024\\\/10\\\/cropped-cropped-escapada-rural-icon-mag-3-96x96.png\",\"url\":\"https:\\\/\\\/www.escapadarural.com\\\/blog\\\/wp-content\\\/uploads\\\/2024\\\/10\\\/cropped-cropped-escapada-rural-icon-mag-3-96x96.png\",\"contentUrl\":\"https:\\\/\\\/www.escapadarural.com\\\/blog\\\/wp-content\\\/uploads\\\/2024\\\/10\\\/cropped-cropped-escapada-rural-icon-mag-3-96x96.png\",\"caption\":\"Escapada Rural\"},\"sameAs\":[\"https:\\\/\\\/www.facebook.com\\\/escapadarural\",\"https:\\\/\\\/www.linkedin.com\\\/company\\\/escapada-rural\\\/?originalSubdomain=es\",\"https:\\\/\\\/x.com\\\/https:\\\/\\\/x.com\\\/i\\\/flow\\\/login?redirect_after_login=escapadarural\"],\"url\":\"https:\\\/\\\/www.escapadarural.com\\\/blog\\\/autor\\\/user\\\/\"}]}<\/script>\n<!-- \/ Yoast SEO plugin. -->","yoast_head_json":{"title":"Co\u00edmbra, la ciudad m\u00e1s rom\u00e1ntica de Portugal - EscapadaRural","robots":{"index":"index","follow":"follow","max-snippet":"max-snippet:-1","max-image-preview":"max-image-preview:large","max-video-preview":"max-video-preview:-1"},"canonical":"https:\/\/www.escapadarural.com\/blog\/coimbra-la-ciudad-mas-romantica-de-portugal\/","og_locale":"es_ES","og_type":"article","og_title":"Co\u00edmbra, la ciudad m\u00e1s rom\u00e1ntica de Portugal - EscapadaRural","og_description":"Co\u00edmbra se yergue sobre el r\u00edo Mondego en un conjunto api\u00f1ado de fachadas que remontan el cerro hasta la antigua universidad, que despunta como el faro de cultura que es. En los d\u00edas claros, el color blanco de las fachadas y el de la teja contrastan con el azul del cielo. Tal vez, alguna nube acabe por dar a la panor\u00e1mica la belleza de una postal.","og_url":"https:\/\/www.escapadarural.com\/blog\/coimbra-la-ciudad-mas-romantica-de-portugal\/","og_site_name":"Magazine de viajes de EscapadaRural","article_publisher":"https:\/\/www.facebook.com\/escapadarural","article_author":"https:\/\/www.facebook.com\/escapadarural","article_published_time":"2018-03-08T10:00:19+00:00","article_modified_time":"2024-10-21T11:22:36+00:00","og_image":[{"width":1024,"height":683,"url":"https:\/\/www.escapadarural.com\/blog\/wp-content\/uploads\/2024\/10\/Coimbra-9-1024x683-6.jpg","type":"image\/jpeg"}],"author":"Escapada Rural","twitter_card":"summary_large_image","twitter_creator":"@https:\/\/x.com\/i\/flow\/login?redirect_after_login=escapadarural","twitter_misc":{"Escrito por":"Escapada Rural","Tiempo de lectura":"6 minutos"},"schema":{"@context":"https:\/\/schema.org","@graph":[{"@type":"Article","@id":"https:\/\/www.escapadarural.com\/blog\/coimbra-la-ciudad-mas-romantica-de-portugal\/#article","isPartOf":{"@id":"https:\/\/www.escapadarural.com\/blog\/coimbra-la-ciudad-mas-romantica-de-portugal\/"},"author":{"name":"Escapada Rural","@id":"https:\/\/www.escapadarural.com\/blog\/#\/schema\/person\/d9ee55ff3e0cef41d6eac8922b4f972c"},"headline":"Co\u00edmbra, la ciudad m\u00e1s rom\u00e1ntica de Portugal","datePublished":"2018-03-08T10:00:19+00:00","dateModified":"2024-10-21T11:22:36+00:00","mainEntityOfPage":{"@id":"https:\/\/www.escapadarural.com\/blog\/coimbra-la-ciudad-mas-romantica-de-portugal\/"},"wordCount":1277,"commentCount":1,"publisher":{"@id":"https:\/\/www.escapadarural.com\/blog\/#organization"},"image":{"@id":"https:\/\/www.escapadarural.com\/blog\/coimbra-la-ciudad-mas-romantica-de-portugal\/#primaryimage"},"thumbnailUrl":"https:\/\/www.escapadarural.com\/blog\/wp-content\/uploads\/2024\/10\/Coimbra-9-1024x683-6.jpg","keywords":["Co\u00edmbra","portugal"],"articleSection":["Destinos","Gu\u00edas"],"inLanguage":"es","potentialAction":[{"@type":"CommentAction","name":"Comment","target":["https:\/\/www.escapadarural.com\/blog\/coimbra-la-ciudad-mas-romantica-de-portugal\/#respond"]}]},{"@type":"WebPage","@id":"https:\/\/www.escapadarural.com\/blog\/coimbra-la-ciudad-mas-romantica-de-portugal\/","url":"https:\/\/www.escapadarural.com\/blog\/coimbra-la-ciudad-mas-romantica-de-portugal\/","name":"Co\u00edmbra, la ciudad m\u00e1s rom\u00e1ntica de Portugal - EscapadaRural","isPartOf":{"@id":"https:\/\/www.escapadarural.com\/blog\/#website"},"primaryImageOfPage":{"@id":"https:\/\/www.escapadarural.com\/blog\/coimbra-la-ciudad-mas-romantica-de-portugal\/#primaryimage"},"image":{"@id":"https:\/\/www.escapadarural.com\/blog\/coimbra-la-ciudad-mas-romantica-de-portugal\/#primaryimage"},"thumbnailUrl":"https:\/\/www.escapadarural.com\/blog\/wp-content\/uploads\/2024\/10\/Coimbra-9-1024x683-6.jpg","datePublished":"2018-03-08T10:00:19+00:00","dateModified":"2024-10-21T11:22:36+00:00","breadcrumb":{"@id":"https:\/\/www.escapadarural.com\/blog\/coimbra-la-ciudad-mas-romantica-de-portugal\/#breadcrumb"},"inLanguage":"es","potentialAction":[{"@type":"ReadAction","target":["https:\/\/www.escapadarural.com\/blog\/coimbra-la-ciudad-mas-romantica-de-portugal\/"]}]},{"@type":"ImageObject","inLanguage":"es","@id":"https:\/\/www.escapadarural.com\/blog\/coimbra-la-ciudad-mas-romantica-de-portugal\/#primaryimage","url":"https:\/\/www.escapadarural.com\/blog\/wp-content\/uploads\/2024\/10\/Coimbra-9-1024x683-6.jpg","contentUrl":"https:\/\/www.escapadarural.com\/blog\/wp-content\/uploads\/2024\/10\/Coimbra-9-1024x683-6.jpg","width":1024,"height":683,"caption":"Una vista de la ladera de Coimbra, Portugal, con edificios de colores con tejados de tejas rojas y la hist\u00f3rica Universidad de Coimbra con su prominente torre del reloj bajo un cielo azul con nubes dispersas."},{"@type":"BreadcrumbList","@id":"https:\/\/www.escapadarural.com\/blog\/coimbra-la-ciudad-mas-romantica-de-portugal\/#breadcrumb","itemListElement":[{"@type":"ListItem","position":1,"name":"Inicio","item":"https:\/\/www.escapadarural.com\/blog\/"},{"@type":"ListItem","position":2,"name":"Destinos","item":"https:\/\/www.escapadarural.com\/blog\/categoria\/destinos\/"},{"@type":"ListItem","position":3,"name":"Co\u00edmbra, la ciudad m\u00e1s rom\u00e1ntica de Portugal"}]},{"@type":"WebSite","@id":"https:\/\/www.escapadarural.com\/blog\/#website","url":"https:\/\/www.escapadarural.com\/blog\/","name":"Blog de viajes | turismo rural, alojamientos e inspiraci\u00f3n","description":"Alojamientos rurales e inspiraci\u00f3n para tus escapadas","publisher":{"@id":"https:\/\/www.escapadarural.com\/blog\/#organization"},"alternateName":"Magazine de viajes de EscapadaRural","potentialAction":[{"@type":"SearchAction","target":{"@type":"EntryPoint","urlTemplate":"https:\/\/www.escapadarural.com\/blog\/?s={search_term_string}"},"query-input":{"@type":"PropertyValueSpecification","valueRequired":true,"valueName":"search_term_string"}}],"inLanguage":"es"},{"@type":"Organization","@id":"https:\/\/www.escapadarural.com\/blog\/#organization","name":"EscapadaRural","url":"https:\/\/www.escapadarural.com\/blog\/","logo":{"@type":"ImageObject","inLanguage":"es","@id":"https:\/\/www.escapadarural.com\/blog\/#\/schema\/logo\/image\/","url":"https:\/\/www.escapadarural.com\/blog\/wp-content\/uploads\/2024\/10\/cropped-cropped-escapada-rural-icon-mag-3.png","contentUrl":"https:\/\/www.escapadarural.com\/blog\/wp-content\/uploads\/2024\/10\/cropped-cropped-escapada-rural-icon-mag-3.png","width":512,"height":512,"caption":"EscapadaRural"},"image":{"@id":"https:\/\/www.escapadarural.com\/blog\/#\/schema\/logo\/image\/"},"sameAs":["https:\/\/www.facebook.com\/escapadarural","https:\/\/www.instagram.com\/escapadarural\/","https:\/\/www.youtube.com\/@escapadaruralcom"]},{"@type":"Person","@id":"https:\/\/www.escapadarural.com\/blog\/#\/schema\/person\/d9ee55ff3e0cef41d6eac8922b4f972c","name":"Escapada Rural","image":{"@type":"ImageObject","inLanguage":"es","@id":"https:\/\/www.escapadarural.com\/blog\/wp-content\/uploads\/2024\/10\/cropped-cropped-escapada-rural-icon-mag-3-96x96.png","url":"https:\/\/www.escapadarural.com\/blog\/wp-content\/uploads\/2024\/10\/cropped-cropped-escapada-rural-icon-mag-3-96x96.png","contentUrl":"https:\/\/www.escapadarural.com\/blog\/wp-content\/uploads\/2024\/10\/cropped-cropped-escapada-rural-icon-mag-3-96x96.png","caption":"Escapada Rural"},"sameAs":["https:\/\/www.facebook.com\/escapadarural","https:\/\/www.linkedin.com\/company\/escapada-rural\/?originalSubdomain=es","https:\/\/x.com\/https:\/\/x.com\/i\/flow\/login?redirect_after_login=escapadarural"],"url":"https:\/\/www.escapadarural.com\/blog\/autor\/user\/"}]}},"_links":{"self":[{"href":"https:\/\/www.escapadarural.com\/blog\/wp-json\/wp\/v2\/posts\/9413","targetHints":{"allow":["GET"]}}],"collection":[{"href":"https:\/\/www.escapadarural.com\/blog\/wp-json\/wp\/v2\/posts"}],"about":[{"href":"https:\/\/www.escapadarural.com\/blog\/wp-json\/wp\/v2\/types\/post"}],"author":[{"embeddable":true,"href":"https:\/\/www.escapadarural.com\/blog\/wp-json\/wp\/v2\/users\/136"}],"replies":[{"embeddable":true,"href":"https:\/\/www.escapadarural.com\/blog\/wp-json\/wp\/v2\/comments?post=9413"}],"version-history":[{"count":0,"href":"https:\/\/www.escapadarural.com\/blog\/wp-json\/wp\/v2\/posts\/9413\/revisions"}],"wp:featuredmedia":[{"embeddable":true,"href":"https:\/\/www.escapadarural.com\/blog\/wp-json\/wp\/v2\/media\/104798"}],"wp:attachment":[{"href":"https:\/\/www.escapadarural.com\/blog\/wp-json\/wp\/v2\/media?parent=9413"}],"wp:term":[{"taxonomy":"category","embeddable":true,"href":"https:\/\/www.escapadarural.com\/blog\/wp-json\/wp\/v2\/categories?post=9413"},{"taxonomy":"post_tag","embeddable":true,"href":"https:\/\/www.escapadarural.com\/blog\/wp-json\/wp\/v2\/tags?post=9413"}],"curies":[{"name":"wp","href":"https:\/\/api.w.org\/{rel}","templated":true}]}}