{"id":9427,"date":"2021-04-08T10:00:00","date_gmt":"2021-04-08T09:00:00","guid":{"rendered":"http:\/\/15.188.81.248\/2018\/03\/14\/12-aldeas-historicas-de-portugal\/"},"modified":"2025-08-12T10:03:46","modified_gmt":"2025-08-12T08:03:46","slug":"aldeas-historicas-de-portugal","status":"publish","type":"post","link":"https:\/\/www.escapadarural.com\/blog\/aldeas-historicas-de-portugal\/","title":{"rendered":"Las 12 aldeas hist\u00f3ricas de Portugal"},"content":{"rendered":"\n<figure class=\"wp-block-image size-large\"><a href=\"https:\/\/www.escapadarural.com\/blog\/wp-content\/uploads\/2018\/03\/Sortelha-2-1-scaled.jpg\"><img decoding=\"async\" src=\"https:\/\/www.escapadarural.com\/blog\/wp-content\/uploads\/2018\/03\/Sortelha-2-1-1024x682.jpg\" alt=\"aldeas hist\u00f3ricas de Portugal\" class=\"wp-image-27463\"\/><\/a><figcaption class=\"wp-element-caption\">Sortelha. Por Peek Creative Collective<\/figcaption><\/figure>\n\n\n\n<p>El viajero sentir\u00e1 como hoy reina la paz; pero en otras \u00e9pocas, en estas <strong>tierras de la Beira portuguesa<\/strong> se vivieron luchas, refriegas, escaramuzas, recelos y conquistas. Y es que as\u00ed se dibujan las fronteras, ya sea entre tiras y aflojas de castellanos contra portugueses, de musulmanes contra cristianos o de invasores franceses, que todos pasaron por aqu\u00ed.<\/p>\n\n\n\n<p><strong>Las aldeas hist\u00f3ricas de Portugal<\/strong> pueden parecer lugares salpicados en el mapa, pero lo cierto es que ayudaron a forjar el destino de un pa\u00eds y a marcar la frontera con Espa\u00f1a.<\/p>\n\n\n\n<p>Estas aldeas crecieron alrededor de un castillo, se refugiaron tras murallas, recibieron cartas forales y privilegios para los que se estableciera all\u00ed, porque la tierra deb\u00eda habitarse. Las capillas, las iglesias y las leyendas contribuyeron a crear patria. Todo aquello pas\u00f3 y hoy nos quedaron un grupo de villas. Conocerlas es hacer un viaje a otra \u00e9poca mientras disfrutamos de las comodidades de nuestro tiempo.<\/p>\n\n\n\n<h2 class=\"wp-block-heading title-rute\" id=\"0-la-red-de-aldeas-hist%C3%B3ricas-de-portugal\">La red de Aldeas hist\u00f3ricas de Portugal<\/h2>\n\n\n\n<p>Las <a href=\"https:\/\/www.visitportugal.com\/es\/node\/73751\" target=\"_blank\">aldeas hist\u00f3ricas de Portugal<\/a> son <strong>doce villas ubicadas en la regi\u00f3n Centro de Portugal<\/strong>. Hacen equilibrios a lo largo de la frontera con Extremadura y se encaraman en sierras que son fortificaciones naturales.<\/p>\n\n\n\n<p>La red naci\u00f3 como una estrategia de apoyo entre los pueblos y hoy se ha convertido en <strong>uno de los destinos m\u00e1s destacados de turismo rural en Portugal<\/strong>, lo cual ha contribuido en la recuperaci\u00f3n de las antiguas aldeas como patrimonio hist\u00f3rico-cultural. Nos aguarda una rica gastronom\u00eda, artesan\u00eda, naturaleza, museos y sostenibilidad. Recientemente, ha recibido el sello <em>Biophere Destination<\/em>, del que solo disfrutan otros 120 destinos en todo el mundo. \u00bfViajamos al Portugal Medieval?<\/p>\n\n\n\n<h2 class=\"wp-block-heading title-rute\" id=\"1-1-castelo-mendo\"><strong>1.<\/strong> Castelo Mendo<\/h2>\n\n\n\n<figure class=\"wp-block-image size-large\"><a href=\"https:\/\/www.escapadarural.com\/blog\/wp-content\/uploads\/2018\/03\/Castelo-Mendo-3-1-scaled.jpg\"><img decoding=\"async\" src=\"https:\/\/www.escapadarural.com\/blog\/wp-content\/uploads\/2018\/03\/Castelo-Mendo-3-1-1024x683.jpg\" alt=\"Castelo Mendo\" class=\"wp-image-27462\"\/><\/a><figcaption class=\"wp-element-caption\">Por Peek Creative Collective<\/figcaption><\/figure>\n\n\n\n<p>A s\u00f3lo 10 kil\u00f3metros de la frontera con Espa\u00f1a, Castelo Mendo nos da la bienvenida a la Beira portuguesa. Acerc\u00e1ndonos, vemos un peque\u00f1o conjunto de casas sobre la elevaci\u00f3n de un cerro. En un extremo, las ruinas de la Igreja Nossa Senhora do Castelo que domina los valles circundantes y m\u00e1s all\u00e1 el r\u00edo C\u00f4a.<\/p>\n\n\n\n<p>Desde aqu\u00ed, con esta amplia panor\u00e1mica, comprenderemos la importancia estrat\u00e9gica de estos pueblos hist\u00f3ricos. Aunque hoy, al entrar a la villa por&nbsp;la \u00abPorta dos Berroes\u00bb, el viajero s\u00f3lo encontrar\u00e1 el sosiego de un lugar sin prisas.<\/p>\n\n\n\n<h2 class=\"wp-block-heading title-rute\" id=\"2-2-almeida\"><strong>2.<\/strong> Almeida<\/h2>\n\n\n\n<figure class=\"wp-block-image size-large\"><a href=\"https:\/\/www.escapadarural.com\/blog\/wp-content\/uploads\/2018\/03\/Almeida-2-1-scaled.jpg\"><img decoding=\"async\" src=\"https:\/\/www.escapadarural.com\/blog\/wp-content\/uploads\/2018\/03\/Almeida-2-1-1024x682.jpg\" alt=\"Almeida\" class=\"wp-image-27461\"\/><\/a><figcaption class=\"wp-element-caption\">Por Peek Creative Collective<\/figcaption><\/figure>\n\n\n\n<p>Una sorprendente villa dentro de una fortificaci\u00f3n en forma de estrella, nos aguarda en la ruta de aldeas hist\u00f3ricas de Portugal. Casi tres kil\u00f3metros de murallas, fosos insuperables y bater\u00edas de ca\u00f1ones son viva muestra de la ingenier\u00eda militar&nbsp;de los siglos XVII y XVIII.&nbsp;<\/p>\n\n\n\n<p><strong>Acceder por la puerta monumental de Almeida es como traspasar un t\u00fanel del tiempo<\/strong>. Al traspasarla nos aguarda un coqueto jard\u00edn con algunas direcciones indicadas. Lo mejor ser\u00e1 dejarnos llevar y descubrir poco a poco el pueblo.<\/p>\n\n\n\n<h2 class=\"wp-block-heading title-rute\" id=\"3-3-castelo-novo\"><strong>3.<\/strong> Castelo Novo<\/h2>\n\n\n\n<figure class=\"wp-block-image size-large\"><a href=\"https:\/\/www.escapadarural.com\/blog\/wp-content\/uploads\/2018\/03\/Castelo-Novo-1-scaled.jpg\"><img decoding=\"async\" src=\"https:\/\/www.escapadarural.com\/blog\/wp-content\/uploads\/2018\/03\/Castelo-Novo-1-1024x682.jpg\" alt=\"Castelo Novo\" class=\"wp-image-27460\"\/><\/a><figcaption class=\"wp-element-caption\">Por Peek Creative Collective<\/figcaption><\/figure>\n\n\n\n<p>\u201cCastelo Novo \u2013dice Jos\u00e9 Saramago en <em>Viaje a Portugal<\/em>\u2013 es uno de los recuerdos m\u00e1s conmovedores para el viajero. Tal vez un d\u00eda vuelva, tal vez no regrese nunca, tal vez hasta evite volver, porque s\u00e9 que hay experiencias que no se repiten\u201d.<\/p>\n\n\n\n<p>Despu\u00e9s de que la autopista nos deje en el estrecho camino que nos conducir\u00e1 a otra \u00e9poca, la villa se divisa en un promontorio a nuestra derecha. Sus calles saben a casta\u00f1as y aceite de oliva, a tradiciones antiguas, y serpentean del color de la piedra hasta el castillo que las ampar\u00f3 desde el comienzo.<\/p>\n\n\n\n<h2 class=\"wp-block-heading title-rute\" id=\"4-4-sortelha\"><strong>4.<\/strong> Sortelha<\/h2>\n\n\n\n<figure class=\"wp-block-image size-large\"><a href=\"https:\/\/www.escapadarural.com\/blog\/wp-content\/uploads\/2018\/03\/Sortelha-3-1-scaled.jpg\"><img decoding=\"async\" src=\"https:\/\/www.escapadarural.com\/blog\/wp-content\/uploads\/2018\/03\/Sortelha-3-1-1024x686.jpg\" alt=\"Sortelha\" class=\"wp-image-27459\"\/><\/a><figcaption class=\"wp-element-caption\">Por Vector99<\/figcaption><\/figure>\n\n\n\n<p>En su libro&nbsp;<em>Viaje a Portugal<\/em>,&nbsp;tambi\u00e9n Saramago&nbsp;describe la llegada a esta aldea hist\u00f3rica: \u201c<strong>Entrar en Sortelha es entrar en la Edad Media<\/strong>\u201d. Lo dice por lo enorme de sus murallas, por la dureza de la calzada y por las calles empinadas. El castillo de Sortelha son apenas muros, pero sigue imponiendo igual que en la torre del homenaje sigue ondeando la bandera portuguesa.<\/p>\n\n\n\n<p>Desde el promontorio del castillo, las viviendas de la hist\u00f3rica villa descienden escalonadas. Aqu\u00ed <strong>el color y la textura que dominan es la del granito<\/strong>, en armon\u00eda con el silencioso paso del tiempo.<\/p>\n\n\n\n<h2 class=\"wp-block-heading title-rute\" id=\"5-5-belmonte\"><strong>5.<\/strong> Belmonte<\/h2>\n\n\n\n<figure class=\"wp-block-image size-large\"><a href=\"https:\/\/www.escapadarural.com\/blog\/wp-content\/uploads\/2018\/03\/Belmonte-2-1-scaled.jpg\"><img decoding=\"async\" src=\"https:\/\/www.escapadarural.com\/blog\/wp-content\/uploads\/2018\/03\/Belmonte-2-1-1024x683.jpg\" alt=\"Belmonte\" class=\"wp-image-27458\"\/><\/a><figcaption class=\"wp-element-caption\">Por Rui Vale Sousa<\/figcaption><\/figure>\n\n\n\n<p>El hijo m\u00e1s ilustre de Belmonte es Pedro \u00c1lvares Cabral, descubridor de Brasil. En esta villa conviene pasear por el barrio de Marruecos, donde se estableci\u00f3 la importante comunidad de jud\u00edos expulsado de Espa\u00f1a. Si atendemos con detalle, podremos ver grabados en las piedras distintos s\u00edmbolos sefarditas.<\/p>\n\n\n\n<h2 class=\"wp-block-heading title-rute\" id=\"6-6-linhares-da-beira\"><strong>6.<\/strong> Linhares da Beira<\/h2>\n\n\n\n<figure class=\"wp-block-image size-large\"><a href=\"https:\/\/www.escapadarural.com\/blog\/wp-content\/uploads\/2018\/03\/Linhares-da-Beira-1-scaled.jpg\"><img decoding=\"async\" src=\"https:\/\/www.escapadarural.com\/blog\/wp-content\/uploads\/2018\/03\/Linhares-da-Beira-1-1024x728.jpg\" alt=\"Linhares da Beira\" class=\"wp-image-27457\"\/><\/a><figcaption class=\"wp-element-caption\">Por Vector99<\/figcaption><\/figure>\n\n\n\n<p>El de Linhares da Beira est\u00e1 considerada <strong>uno de los castillos g\u00f3ticos m\u00e1s importantes de la&nbsp;Beira Interior<\/strong>. A lomos de una gran mole de granito que al viajero tal vez le recuerde al elefante de la novela de Jos\u00e9 Saramago, el castillo con sus torres domina el panorama del valle, hermoso al atardecer.<\/p>\n\n\n\n<h2 class=\"wp-block-heading title-rute\" id=\"7-7-trancoso\"><strong>7.<\/strong> Trancoso<\/h2>\n\n\n\n<p>El castilo de Trancoso es uno de los mejores conservados de las aldeas hist\u00f3ricas. Al aproximarnos, lo vemos sobre la meseta que ocupa el pueblo. Si el viajero comienza a contar, ver\u00e1 que el castillo tiene hasta quince torres, suficientes para proteger el territorio del asedio de los castellanos. Aqu\u00ed creci\u00f3 la comunidad jud\u00eda hasta que en 1536 se instal\u00f3 la Inquisici\u00f3n en Portugal.<\/p>\n\n\n\n<h2 class=\"wp-block-heading title-rute\" id=\"8-8-monsanto\"><strong>8.<\/strong> Monsanto<\/h2>\n\n\n\n<figure class=\"wp-block-image size-large\"><a href=\"https:\/\/www.escapadarural.com\/blog\/wp-content\/uploads\/2019\/06\/Monsanto-2-1.jpg\"><img decoding=\"async\" src=\"https:\/\/www.escapadarural.com\/blog\/wp-content\/uploads\/2019\/06\/Monsanto-2-1.jpg\" alt=\"Monsanto\" class=\"wp-image-24651\"\/><\/a><figcaption class=\"wp-element-caption\">Por leoks<\/figcaption><\/figure>\n\n\n\n<p>El impresionante castillo de Monsanto domina las dehesas con encinas y alcornoques. La villa, erguida sobre un saliente escarpado parece dar la raz\u00f3n al dicho popular: \u00abNunca se sabe en Monsanto, donde las \u00e1guilas rozan con las alas, si la casa nace de la roca\u00bb. En 1938, fue considerado <strong>el pueblo m\u00e1s portugu\u00e9s de Portugal<\/strong>. No obstante, Monsanto conserva el trazado urban\u00edstico de las urbes de La Beira, lo que, adem\u00e1s, le brinda una atm\u00f3sfera plenamente medieval.<\/p>\n\n\n\n<h2 class=\"wp-block-heading title-rute\" id=\"9-9-idanha-a-velha\"><strong>9.<\/strong> Idanha-a-Velha<\/h2>\n\n\n\n<figure class=\"wp-block-image size-large\"><a href=\"https:\/\/www.escapadarural.com\/blog\/wp-content\/uploads\/2018\/03\/Idanha-a-Velha-1-scaled.jpg\"><img decoding=\"async\" src=\"https:\/\/www.escapadarural.com\/blog\/wp-content\/uploads\/2018\/03\/Idanha-a-Velha-1-1024x683.jpg\" alt=\"Idanha-a-Velha\" class=\"wp-image-27456\"\/><\/a><figcaption class=\"wp-element-caption\">Por Peek Creative Collective<\/figcaption><\/figure>\n\n\n\n<p>Idanha-a-Velha es una pintoresca villa que fue declarada Monumento Nacional. Su historia es resumen de la de la zona: se levanta en el lugar donde en tiempos existi\u00f3 una ciudad de fundaci\u00f3n romana (siglo I a.C.), m\u00e1s tarde fue sede episcopal bajo el dominio suevo y visig\u00f3tico. En el siglo VII, estuvo ocupada por los musulmanes y fue reconquistada por los cristianos en el siglo XII. Destacan la muralla romana con sus ocho torres defensivas semicil\u00edndricas y la Iglesia de Santa Mar\u00eda.<\/p>\n\n\n\n<h2 class=\"wp-block-heading title-rute\" id=\"10-10-castelo-rodrigo\"><strong>10.<\/strong> Castelo Rodrigo<\/h2>\n\n\n\n<figure class=\"wp-block-image size-large\"><a href=\"https:\/\/www.escapadarural.com\/blog\/wp-content\/uploads\/2018\/03\/Castelo-Rodrigo-1-scaled.jpg\"><img decoding=\"async\" src=\"https:\/\/www.escapadarural.com\/blog\/wp-content\/uploads\/2018\/03\/Castelo-Rodrigo-1-1024x681.jpg\" alt=\"Castelo Rodrigo\" class=\"wp-image-27455\"\/><\/a><figcaption class=\"wp-element-caption\">Por Vector99<\/figcaption><\/figure>\n\n\n\n<p><strong>Los peregrinos del Camino de Santiago pasan por esta villa<\/strong>, toda ella un verdadero conjunto monumental que refleja la historia de este territorio fronterizo. Durante m\u00e1s de 600 a\u00f1os, Castelo Rodrigo fue villa y capital de provincia.<\/p>\n\n\n\n<p>Su importancia se remonta al reinado de&nbsp;Alfonso IX de Le\u00f3n, cuando conquista a los musulmanes este territorio y levanta la serie de fortificaciones a lo largo del&nbsp;r\u00edo C\u00f4a. Hoy las ruinas del palacio de Crist\u00f3bal Moura se levantan sobre los tejados de las casas. Anta\u00f1o, hasta trece torreones compon\u00edan la muralla. Hay que ver la cisterna medieval, la torre del homenaje y del reloj, y la bella Puerta del Sol, con vistas al convento de Santa Mar\u00eda de Aguiar.<\/p>\n\n\n\n<h2 class=\"wp-block-heading title-rute\" id=\"11-11-pi%C3%B3d%C3%A3o\"><strong>11.<\/strong> Pi\u00f3d\u00e3o<\/h2>\n\n\n\n<figure class=\"wp-block-image size-large\"><a href=\"https:\/\/www.escapadarural.com\/blog\/wp-content\/uploads\/2020\/04\/shutterstock_639355768-1.jpg\"><img decoding=\"async\" src=\"https:\/\/www.escapadarural.com\/blog\/wp-content\/uploads\/2020\/04\/shutterstock_639355768-1-1024x693.jpg\" alt=\"Piodao\" class=\"wp-image-17759\"\/><\/a><figcaption class=\"wp-element-caption\">Por alexilena<\/figcaption><\/figure>\n\n\n\n<p>Pi\u00f3d\u00e3o est\u00e1 reconocido como \u00abLugar de Inter\u00e9s P\u00fablico\u00bb. <strong>El viajero se encuentra con un pueblo fabuloso<\/strong> de gran\u00edtica fachada encaramado a la Serra do A\u00e7\u00f4r. Las casas, rodeadas de bancales y en medio de pendientes, se adaptan y se api\u00f1an hasta la parte m\u00e1s elevada. Por algo este es el \u00fanico de los pueblos hist\u00f3ricos sin defensas: no le hac\u00eda falta, la naturaleza era la mejor muralla.<\/p>\n\n\n\n<h2 class=\"wp-block-heading title-rute\" id=\"12-12-marialva\"><strong>12.<\/strong> Marialva<\/h2>\n\n\n\n<figure class=\"wp-block-image size-large\"><a href=\"https:\/\/www.escapadarural.com\/blog\/wp-content\/uploads\/2018\/03\/Marialva-1-scaled.jpg\"><img decoding=\"async\" src=\"https:\/\/www.escapadarural.com\/blog\/wp-content\/uploads\/2018\/03\/Marialva-1-1024x681.jpg\" alt=\"Marialva\" class=\"wp-image-27454\"\/><\/a><figcaption class=\"wp-element-caption\">Por Vector99<\/figcaption><\/figure>\n\n\n\n<p>La Aldea de Marialva se encuentra a solo 7 Km de la sede del municipio de M\u00eada, en la margen izquierda de la ribera de Marialva. Podemos visitar tres n\u00facleos distintos: la Ciudadela en el interior del Castillo, ahora despoblada y un remanso de paz; el Arrabalde que prolonga la villa m\u00e1s all\u00e1 de las murallas; y, m\u00e1s al sur, la Devesa, que se extiende por la llanura hasta la ribera del r\u00edo Marialva y se asienta sobre la antigua ciudad romana. Forma todo un escenario que transporta al viajero a las ra\u00edces m\u00e1s profundas de la historia del pa\u00eds, al Portugal medieval, el que acab\u00f3 por fijar la actual frontera con Espa\u00f1a.<\/p>\n\n\n\n<h2 class=\"wp-block-heading\" id=\"13-%C2%BFc%C3%B3mo-recorrer-la-red-de-aldeas-hist%C3%B3ricas-de-portugal\">\u00bfC\u00f3mo recorrer la red de aldeas hist\u00f3ricas de Portugal?<\/h2>\n\n\n\n<p>Las Aldeas Hist\u00f3ricas de Portugal son un destino \u00fanico que va mucho m\u00e1s all\u00e1 del rico legado hist\u00f3rico. Hay que <strong>destacar la naturaleza de la Beira portuguesa tambi\u00e9n como un importante patrimonio<\/strong>: el Parque Natural de la Sierra de la Estrella, el <a href=\"https:\/\/www.escapadarural.com\/casas-rurales\/parque-natural-del-tajo-internacional\">Parque Natural del Tajo Internacional<\/a>, el Parque Natural del Duero Internacional, la Reserva Natural de la Sierra de Malcata o el Paisaje Protegido Regional de la Sierra de la Gardunha constituyen el marco f\u00edsico de las aldeas, unidas por una gran cantidad de caminos marcados que podremos hacer a pie (el GR22 o Gran Ruta de las Aldeas Hist\u00f3ricas de Portugal), en bicicleta o en coche. \u00a1T\u00fa eliges!<\/p>\n\n\n\n<p>Mas informaci\u00f3n <a href=\"https:\/\/www.visitportugal.com\/es\" target=\"_blank\">www.visitportugal.com\/es<\/a><\/p>\n","protected":false},"excerpt":{"rendered":"<p>Las aldeas hist\u00f3ricas de Portugal ayudaron a forjar el destino de un pa\u00eds y a marcar la frontera con Espa\u00f1a.<\/p>\n","protected":false},"author":85,"featured_media":101956,"comment_status":"open","ping_status":"closed","sticky":false,"template":"","format":"standard","meta":{"_acf_changed":false,"om_disable_all_campaigns":false,"footnotes":""},"categories":[191],"tags":[2291,402,215,538,212],"class_list":["post-9427","post","type-post","status-publish","format-standard","has-post-thumbnail","hentry","category-destinos","tag-aldeas-historicas","tag-castillos","tag-listado","tag-portugal","tag-pueblos"],"acf":[],"featured_image_src":"https:\/\/www.escapadarural.com\/blog\/wp-content\/uploads\/2024\/10\/Sortelha-2-1-1024x682-2.jpg","author_info":{"display_name":"Redacci\u00f3n ER","author_link":"https:\/\/www.escapadarural.com\/blog\/autor\/admin\/"},"yoast_head":"<!-- This site is optimized with the Yoast SEO plugin v27.5 - https:\/\/yoast.com\/product\/yoast-seo-wordpress\/ -->\n<title>Las 12 aldeas hist\u00f3ricas de Portugal - EscapadaRural<\/title>\n<meta name=\"robots\" content=\"index, follow, max-snippet:-1, max-image-preview:large, max-video-preview:-1\" \/>\n<link rel=\"canonical\" href=\"https:\/\/www.escapadarural.com\/blog\/aldeas-historicas-de-portugal\/\" \/>\n<meta property=\"og:locale\" content=\"es_ES\" \/>\n<meta property=\"og:type\" content=\"article\" \/>\n<meta property=\"og:title\" content=\"Las 12 aldeas hist\u00f3ricas de Portugal - EscapadaRural\" \/>\n<meta property=\"og:description\" content=\"Las aldeas hist\u00f3ricas de Portugal ayudaron a forjar el destino de un pa\u00eds y a marcar la frontera con Espa\u00f1a.\" \/>\n<meta property=\"og:url\" content=\"https:\/\/www.escapadarural.com\/blog\/aldeas-historicas-de-portugal\/\" \/>\n<meta property=\"og:site_name\" content=\"Magazine de viajes de EscapadaRural\" \/>\n<meta property=\"article:publisher\" content=\"https:\/\/www.facebook.com\/escapadarural\" \/>\n<meta property=\"article:published_time\" content=\"2021-04-08T09:00:00+00:00\" \/>\n<meta property=\"article:modified_time\" content=\"2025-08-12T08:03:46+00:00\" \/>\n<meta property=\"og:image\" content=\"https:\/\/www.escapadarural.com\/blog\/wp-content\/uploads\/2024\/10\/Sortelha-2-1-1024x682-2.jpg?v=1754985827\" \/>\n\t<meta property=\"og:image:width\" content=\"1024\" \/>\n\t<meta property=\"og:image:height\" content=\"682\" \/>\n\t<meta property=\"og:image:type\" content=\"image\/jpeg\" \/>\n<meta name=\"author\" content=\"Redacci\u00f3n ER\" \/>\n<meta name=\"twitter:card\" content=\"summary_large_image\" \/>\n<meta name=\"twitter:label1\" content=\"Escrito por\" \/>\n\t<meta name=\"twitter:data1\" content=\"Redacci\u00f3n ER\" \/>\n\t<meta name=\"twitter:label2\" content=\"Tiempo de lectura\" \/>\n\t<meta name=\"twitter:data2\" content=\"8 minutos\" \/>\n<script type=\"application\/ld+json\" class=\"yoast-schema-graph\">{\"@context\":\"https:\\\/\\\/schema.org\",\"@graph\":[{\"@type\":\"Article\",\"@id\":\"https:\\\/\\\/www.escapadarural.com\\\/blog\\\/aldeas-historicas-de-portugal\\\/#article\",\"isPartOf\":{\"@id\":\"https:\\\/\\\/www.escapadarural.com\\\/blog\\\/aldeas-historicas-de-portugal\\\/\"},\"author\":{\"name\":\"Redacci\u00f3n ER\",\"@id\":\"https:\\\/\\\/www.escapadarural.com\\\/blog\\\/#\\\/schema\\\/person\\\/bd5b0d7ad308a0bf4efed73e8308b4fa\"},\"headline\":\"Las 12 aldeas hist\u00f3ricas de Portugal\",\"datePublished\":\"2021-04-08T09:00:00+00:00\",\"dateModified\":\"2025-08-12T08:03:46+00:00\",\"mainEntityOfPage\":{\"@id\":\"https:\\\/\\\/www.escapadarural.com\\\/blog\\\/aldeas-historicas-de-portugal\\\/\"},\"wordCount\":1551,\"commentCount\":4,\"publisher\":{\"@id\":\"https:\\\/\\\/www.escapadarural.com\\\/blog\\\/#organization\"},\"image\":{\"@id\":\"https:\\\/\\\/www.escapadarural.com\\\/blog\\\/aldeas-historicas-de-portugal\\\/#primaryimage\"},\"thumbnailUrl\":\"https:\\\/\\\/www.escapadarural.com\\\/blog\\\/wp-content\\\/uploads\\\/2024\\\/10\\\/Sortelha-2-1-1024x682-2.jpg\",\"keywords\":[\"Aldeas hist\u00f3ricas\",\"castillos\",\"Listado\",\"portugal\",\"pueblos\"],\"articleSection\":[\"Destinos\"],\"inLanguage\":\"es\",\"potentialAction\":[{\"@type\":\"CommentAction\",\"name\":\"Comment\",\"target\":[\"https:\\\/\\\/www.escapadarural.com\\\/blog\\\/aldeas-historicas-de-portugal\\\/#respond\"]}]},{\"@type\":\"WebPage\",\"@id\":\"https:\\\/\\\/www.escapadarural.com\\\/blog\\\/aldeas-historicas-de-portugal\\\/\",\"url\":\"https:\\\/\\\/www.escapadarural.com\\\/blog\\\/aldeas-historicas-de-portugal\\\/\",\"name\":\"Las 12 aldeas hist\u00f3ricas de Portugal - EscapadaRural\",\"isPartOf\":{\"@id\":\"https:\\\/\\\/www.escapadarural.com\\\/blog\\\/#website\"},\"primaryImageOfPage\":{\"@id\":\"https:\\\/\\\/www.escapadarural.com\\\/blog\\\/aldeas-historicas-de-portugal\\\/#primaryimage\"},\"image\":{\"@id\":\"https:\\\/\\\/www.escapadarural.com\\\/blog\\\/aldeas-historicas-de-portugal\\\/#primaryimage\"},\"thumbnailUrl\":\"https:\\\/\\\/www.escapadarural.com\\\/blog\\\/wp-content\\\/uploads\\\/2024\\\/10\\\/Sortelha-2-1-1024x682-2.jpg\",\"datePublished\":\"2021-04-08T09:00:00+00:00\",\"dateModified\":\"2025-08-12T08:03:46+00:00\",\"breadcrumb\":{\"@id\":\"https:\\\/\\\/www.escapadarural.com\\\/blog\\\/aldeas-historicas-de-portugal\\\/#breadcrumb\"},\"inLanguage\":\"es\",\"potentialAction\":[{\"@type\":\"ReadAction\",\"target\":[\"https:\\\/\\\/www.escapadarural.com\\\/blog\\\/aldeas-historicas-de-portugal\\\/\"]}]},{\"@type\":\"ImageObject\",\"inLanguage\":\"es\",\"@id\":\"https:\\\/\\\/www.escapadarural.com\\\/blog\\\/aldeas-historicas-de-portugal\\\/#primaryimage\",\"url\":\"https:\\\/\\\/www.escapadarural.com\\\/blog\\\/wp-content\\\/uploads\\\/2024\\\/10\\\/Sortelha-2-1-1024x682-2.jpg\",\"contentUrl\":\"https:\\\/\\\/www.escapadarural.com\\\/blog\\\/wp-content\\\/uploads\\\/2024\\\/10\\\/Sortelha-2-1-1024x682-2.jpg\",\"width\":1024,\"height\":682,\"caption\":\"Vista a\u00e9rea de un pueblo en lo alto de una colina con edificios de tejados rojos rodeados de muros de piedra, rodeado de un paisaje verde y monta\u00f1as lejanas bajo un cielo parcialmente nublado.\"},{\"@type\":\"BreadcrumbList\",\"@id\":\"https:\\\/\\\/www.escapadarural.com\\\/blog\\\/aldeas-historicas-de-portugal\\\/#breadcrumb\",\"itemListElement\":[{\"@type\":\"ListItem\",\"position\":1,\"name\":\"Inicio\",\"item\":\"https:\\\/\\\/www.escapadarural.com\\\/blog\\\/\"},{\"@type\":\"ListItem\",\"position\":2,\"name\":\"Destinos\",\"item\":\"https:\\\/\\\/www.escapadarural.com\\\/blog\\\/categoria\\\/destinos\\\/\"},{\"@type\":\"ListItem\",\"position\":3,\"name\":\"Las 12 aldeas hist\u00f3ricas de Portugal\"}]},{\"@type\":\"WebSite\",\"@id\":\"https:\\\/\\\/www.escapadarural.com\\\/blog\\\/#website\",\"url\":\"https:\\\/\\\/www.escapadarural.com\\\/blog\\\/\",\"name\":\"Blog de viajes | turismo rural, alojamientos e inspiraci\u00f3n\",\"description\":\"Alojamientos rurales e inspiraci\u00f3n para tus escapadas\",\"publisher\":{\"@id\":\"https:\\\/\\\/www.escapadarural.com\\\/blog\\\/#organization\"},\"alternateName\":\"Magazine de viajes de EscapadaRural\",\"potentialAction\":[{\"@type\":\"SearchAction\",\"target\":{\"@type\":\"EntryPoint\",\"urlTemplate\":\"https:\\\/\\\/www.escapadarural.com\\\/blog\\\/?s={search_term_string}\"},\"query-input\":{\"@type\":\"PropertyValueSpecification\",\"valueRequired\":true,\"valueName\":\"search_term_string\"}}],\"inLanguage\":\"es\"},{\"@type\":\"Organization\",\"@id\":\"https:\\\/\\\/www.escapadarural.com\\\/blog\\\/#organization\",\"name\":\"EscapadaRural\",\"url\":\"https:\\\/\\\/www.escapadarural.com\\\/blog\\\/\",\"logo\":{\"@type\":\"ImageObject\",\"inLanguage\":\"es\",\"@id\":\"https:\\\/\\\/www.escapadarural.com\\\/blog\\\/#\\\/schema\\\/logo\\\/image\\\/\",\"url\":\"https:\\\/\\\/www.escapadarural.com\\\/blog\\\/wp-content\\\/uploads\\\/2024\\\/10\\\/cropped-cropped-escapada-rural-icon-mag-3.png\",\"contentUrl\":\"https:\\\/\\\/www.escapadarural.com\\\/blog\\\/wp-content\\\/uploads\\\/2024\\\/10\\\/cropped-cropped-escapada-rural-icon-mag-3.png\",\"width\":512,\"height\":512,\"caption\":\"EscapadaRural\"},\"image\":{\"@id\":\"https:\\\/\\\/www.escapadarural.com\\\/blog\\\/#\\\/schema\\\/logo\\\/image\\\/\"},\"sameAs\":[\"https:\\\/\\\/www.facebook.com\\\/escapadarural\",\"https:\\\/\\\/www.instagram.com\\\/escapadarural\\\/\",\"https:\\\/\\\/www.youtube.com\\\/@escapadaruralcom\"]},{\"@type\":\"Person\",\"@id\":\"https:\\\/\\\/www.escapadarural.com\\\/blog\\\/#\\\/schema\\\/person\\\/bd5b0d7ad308a0bf4efed73e8308b4fa\",\"name\":\"Redacci\u00f3n ER\",\"image\":{\"@type\":\"ImageObject\",\"inLanguage\":\"es\",\"@id\":\"https:\\\/\\\/www.escapadarural.com\\\/blog\\\/wp-content\\\/uploads\\\/2024\\\/10\\\/cropped-cropped-escapada-rural-icon-mag-3-96x96.png\",\"url\":\"https:\\\/\\\/www.escapadarural.com\\\/blog\\\/wp-content\\\/uploads\\\/2024\\\/10\\\/cropped-cropped-escapada-rural-icon-mag-3-96x96.png\",\"contentUrl\":\"https:\\\/\\\/www.escapadarural.com\\\/blog\\\/wp-content\\\/uploads\\\/2024\\\/10\\\/cropped-cropped-escapada-rural-icon-mag-3-96x96.png\",\"caption\":\"Redacci\u00f3n ER\"},\"description\":\"Nos encanta inspirar a viajeros y ayudar a los propietarios con nuestros contenidos\",\"url\":\"https:\\\/\\\/www.escapadarural.com\\\/blog\\\/autor\\\/admin\\\/\"}]}<\/script>\n<!-- \/ Yoast SEO plugin. -->","yoast_head_json":{"title":"Las 12 aldeas hist\u00f3ricas de Portugal - EscapadaRural","robots":{"index":"index","follow":"follow","max-snippet":"max-snippet:-1","max-image-preview":"max-image-preview:large","max-video-preview":"max-video-preview:-1"},"canonical":"https:\/\/www.escapadarural.com\/blog\/aldeas-historicas-de-portugal\/","og_locale":"es_ES","og_type":"article","og_title":"Las 12 aldeas hist\u00f3ricas de Portugal - EscapadaRural","og_description":"Las aldeas hist\u00f3ricas de Portugal ayudaron a forjar el destino de un pa\u00eds y a marcar la frontera con Espa\u00f1a.","og_url":"https:\/\/www.escapadarural.com\/blog\/aldeas-historicas-de-portugal\/","og_site_name":"Magazine de viajes de EscapadaRural","article_publisher":"https:\/\/www.facebook.com\/escapadarural","article_published_time":"2021-04-08T09:00:00+00:00","article_modified_time":"2025-08-12T08:03:46+00:00","og_image":[{"width":1024,"height":682,"url":"https:\/\/www.escapadarural.com\/blog\/wp-content\/uploads\/2024\/10\/Sortelha-2-1-1024x682-2.jpg?v=1754985827","type":"image\/jpeg"}],"author":"Redacci\u00f3n ER","twitter_card":"summary_large_image","twitter_misc":{"Escrito por":"Redacci\u00f3n ER","Tiempo de lectura":"8 minutos"},"schema":{"@context":"https:\/\/schema.org","@graph":[{"@type":"Article","@id":"https:\/\/www.escapadarural.com\/blog\/aldeas-historicas-de-portugal\/#article","isPartOf":{"@id":"https:\/\/www.escapadarural.com\/blog\/aldeas-historicas-de-portugal\/"},"author":{"name":"Redacci\u00f3n ER","@id":"https:\/\/www.escapadarural.com\/blog\/#\/schema\/person\/bd5b0d7ad308a0bf4efed73e8308b4fa"},"headline":"Las 12 aldeas hist\u00f3ricas de Portugal","datePublished":"2021-04-08T09:00:00+00:00","dateModified":"2025-08-12T08:03:46+00:00","mainEntityOfPage":{"@id":"https:\/\/www.escapadarural.com\/blog\/aldeas-historicas-de-portugal\/"},"wordCount":1551,"commentCount":4,"publisher":{"@id":"https:\/\/www.escapadarural.com\/blog\/#organization"},"image":{"@id":"https:\/\/www.escapadarural.com\/blog\/aldeas-historicas-de-portugal\/#primaryimage"},"thumbnailUrl":"https:\/\/www.escapadarural.com\/blog\/wp-content\/uploads\/2024\/10\/Sortelha-2-1-1024x682-2.jpg","keywords":["Aldeas hist\u00f3ricas","castillos","Listado","portugal","pueblos"],"articleSection":["Destinos"],"inLanguage":"es","potentialAction":[{"@type":"CommentAction","name":"Comment","target":["https:\/\/www.escapadarural.com\/blog\/aldeas-historicas-de-portugal\/#respond"]}]},{"@type":"WebPage","@id":"https:\/\/www.escapadarural.com\/blog\/aldeas-historicas-de-portugal\/","url":"https:\/\/www.escapadarural.com\/blog\/aldeas-historicas-de-portugal\/","name":"Las 12 aldeas hist\u00f3ricas de Portugal - EscapadaRural","isPartOf":{"@id":"https:\/\/www.escapadarural.com\/blog\/#website"},"primaryImageOfPage":{"@id":"https:\/\/www.escapadarural.com\/blog\/aldeas-historicas-de-portugal\/#primaryimage"},"image":{"@id":"https:\/\/www.escapadarural.com\/blog\/aldeas-historicas-de-portugal\/#primaryimage"},"thumbnailUrl":"https:\/\/www.escapadarural.com\/blog\/wp-content\/uploads\/2024\/10\/Sortelha-2-1-1024x682-2.jpg","datePublished":"2021-04-08T09:00:00+00:00","dateModified":"2025-08-12T08:03:46+00:00","breadcrumb":{"@id":"https:\/\/www.escapadarural.com\/blog\/aldeas-historicas-de-portugal\/#breadcrumb"},"inLanguage":"es","potentialAction":[{"@type":"ReadAction","target":["https:\/\/www.escapadarural.com\/blog\/aldeas-historicas-de-portugal\/"]}]},{"@type":"ImageObject","inLanguage":"es","@id":"https:\/\/www.escapadarural.com\/blog\/aldeas-historicas-de-portugal\/#primaryimage","url":"https:\/\/www.escapadarural.com\/blog\/wp-content\/uploads\/2024\/10\/Sortelha-2-1-1024x682-2.jpg","contentUrl":"https:\/\/www.escapadarural.com\/blog\/wp-content\/uploads\/2024\/10\/Sortelha-2-1-1024x682-2.jpg","width":1024,"height":682,"caption":"Vista a\u00e9rea de un pueblo en lo alto de una colina con edificios de tejados rojos rodeados de muros de piedra, rodeado de un paisaje verde y monta\u00f1as lejanas bajo un cielo parcialmente nublado."},{"@type":"BreadcrumbList","@id":"https:\/\/www.escapadarural.com\/blog\/aldeas-historicas-de-portugal\/#breadcrumb","itemListElement":[{"@type":"ListItem","position":1,"name":"Inicio","item":"https:\/\/www.escapadarural.com\/blog\/"},{"@type":"ListItem","position":2,"name":"Destinos","item":"https:\/\/www.escapadarural.com\/blog\/categoria\/destinos\/"},{"@type":"ListItem","position":3,"name":"Las 12 aldeas hist\u00f3ricas de Portugal"}]},{"@type":"WebSite","@id":"https:\/\/www.escapadarural.com\/blog\/#website","url":"https:\/\/www.escapadarural.com\/blog\/","name":"Blog de viajes | turismo rural, alojamientos e inspiraci\u00f3n","description":"Alojamientos rurales e inspiraci\u00f3n para tus escapadas","publisher":{"@id":"https:\/\/www.escapadarural.com\/blog\/#organization"},"alternateName":"Magazine de viajes de EscapadaRural","potentialAction":[{"@type":"SearchAction","target":{"@type":"EntryPoint","urlTemplate":"https:\/\/www.escapadarural.com\/blog\/?s={search_term_string}"},"query-input":{"@type":"PropertyValueSpecification","valueRequired":true,"valueName":"search_term_string"}}],"inLanguage":"es"},{"@type":"Organization","@id":"https:\/\/www.escapadarural.com\/blog\/#organization","name":"EscapadaRural","url":"https:\/\/www.escapadarural.com\/blog\/","logo":{"@type":"ImageObject","inLanguage":"es","@id":"https:\/\/www.escapadarural.com\/blog\/#\/schema\/logo\/image\/","url":"https:\/\/www.escapadarural.com\/blog\/wp-content\/uploads\/2024\/10\/cropped-cropped-escapada-rural-icon-mag-3.png","contentUrl":"https:\/\/www.escapadarural.com\/blog\/wp-content\/uploads\/2024\/10\/cropped-cropped-escapada-rural-icon-mag-3.png","width":512,"height":512,"caption":"EscapadaRural"},"image":{"@id":"https:\/\/www.escapadarural.com\/blog\/#\/schema\/logo\/image\/"},"sameAs":["https:\/\/www.facebook.com\/escapadarural","https:\/\/www.instagram.com\/escapadarural\/","https:\/\/www.youtube.com\/@escapadaruralcom"]},{"@type":"Person","@id":"https:\/\/www.escapadarural.com\/blog\/#\/schema\/person\/bd5b0d7ad308a0bf4efed73e8308b4fa","name":"Redacci\u00f3n ER","image":{"@type":"ImageObject","inLanguage":"es","@id":"https:\/\/www.escapadarural.com\/blog\/wp-content\/uploads\/2024\/10\/cropped-cropped-escapada-rural-icon-mag-3-96x96.png","url":"https:\/\/www.escapadarural.com\/blog\/wp-content\/uploads\/2024\/10\/cropped-cropped-escapada-rural-icon-mag-3-96x96.png","contentUrl":"https:\/\/www.escapadarural.com\/blog\/wp-content\/uploads\/2024\/10\/cropped-cropped-escapada-rural-icon-mag-3-96x96.png","caption":"Redacci\u00f3n ER"},"description":"Nos encanta inspirar a viajeros y ayudar a los propietarios con nuestros contenidos","url":"https:\/\/www.escapadarural.com\/blog\/autor\/admin\/"}]}},"_links":{"self":[{"href":"https:\/\/www.escapadarural.com\/blog\/wp-json\/wp\/v2\/posts\/9427","targetHints":{"allow":["GET"]}}],"collection":[{"href":"https:\/\/www.escapadarural.com\/blog\/wp-json\/wp\/v2\/posts"}],"about":[{"href":"https:\/\/www.escapadarural.com\/blog\/wp-json\/wp\/v2\/types\/post"}],"author":[{"embeddable":true,"href":"https:\/\/www.escapadarural.com\/blog\/wp-json\/wp\/v2\/users\/85"}],"replies":[{"embeddable":true,"href":"https:\/\/www.escapadarural.com\/blog\/wp-json\/wp\/v2\/comments?post=9427"}],"version-history":[{"count":0,"href":"https:\/\/www.escapadarural.com\/blog\/wp-json\/wp\/v2\/posts\/9427\/revisions"}],"wp:featuredmedia":[{"embeddable":true,"href":"https:\/\/www.escapadarural.com\/blog\/wp-json\/wp\/v2\/media\/101956"}],"wp:attachment":[{"href":"https:\/\/www.escapadarural.com\/blog\/wp-json\/wp\/v2\/media?parent=9427"}],"wp:term":[{"taxonomy":"category","embeddable":true,"href":"https:\/\/www.escapadarural.com\/blog\/wp-json\/wp\/v2\/categories?post=9427"},{"taxonomy":"post_tag","embeddable":true,"href":"https:\/\/www.escapadarural.com\/blog\/wp-json\/wp\/v2\/tags?post=9427"}],"curies":[{"name":"wp","href":"https:\/\/api.w.org\/{rel}","templated":true}]}}