{"id":9430,"date":"2018-03-15T10:00:33","date_gmt":"2018-03-15T09:00:33","guid":{"rendered":"http:\/\/15.188.81.248\/2018\/03\/15\/5-planes-para-escaparte-en-semana-santa\/"},"modified":"2024-10-21T13:19:12","modified_gmt":"2024-10-21T11:19:12","slug":"5-planes-para-escaparte-en-semana-santa","status":"publish","type":"post","link":"https:\/\/www.escapadarural.com\/blog\/5-planes-para-escaparte-en-semana-santa\/","title":{"rendered":"5 planes para escaparte en Semana Santa"},"content":{"rendered":"\n<figure class=\"wp-block-image size-large\"><a href=\"https:\/\/www.escapadarural.com\/blog\/wp-content\/uploads\/2018\/03\/Semana-Santa-1-scaled.jpg\"><img decoding=\"async\" src=\"https:\/\/www.escapadarural.com\/blog\/wp-content\/uploads\/2018\/03\/Semana-Santa-1-1024x683.jpg\" alt=\"Semana Santa\" class=\"wp-image-27450\"\/><\/a><figcaption>Por carlosvelayos<\/figcaption><\/figure>\n\n\n\n<p>Aunque parece que fue ayer cuando tomamos las uvas, y nadie entiende muy bien c\u00f3mo es posible estar ya en marzo, es hora de ir preparando la <strong>escapada de Semana Santa<\/strong>. De hecho, al ritmo que avanza el tiempo es posible que cuando acabes de leer este post ya sea Jueves Santo.<\/p>\n\n\n\n<p>Esquiar, salir de vinos, bailar al ritmo de tambores, perderse en la naturaleza o seguir los pasos de las procesiones son algunas de nuestras propuestas para disfrutar de estos cuatro d\u00edas de fiesta haciendo lo que m\u00e1s nos gusta o siguiendo lo que marca la tradici\u00f3n. T\u00fa eliges.<\/p>\n\n\n\n<!--more-->\n\n\n\n<h2 class=\"title-rute wp-block-heading\"><strong>1.<\/strong> Ruta por la sierra de Tramuntana (Mallorca)<\/h2>\n\n\n\n<figure class=\"wp-block-image size-large\"><a href=\"https:\/\/www.escapadarural.com\/blog\/wp-content\/uploads\/2019\/11\/Mirador-de-Formentor-1.jpg\"><img decoding=\"async\" src=\"https:\/\/www.escapadarural.com\/blog\/wp-content\/uploads\/2019\/11\/Mirador-de-Formentor-1-1024x678.jpg\" alt=\"Mirador de Formentor\" class=\"wp-image-23124\"\/><\/a><figcaption>Fuente: Nanisimova \/ Shutterstock<\/figcaption><\/figure>\n\n\n\n<p>Declarada Patrimonio de la Humanidad, la <strong>sierra de Tramuntana<\/strong> es uno de los lugares m\u00e1s representativos de <a href=\"https:\/\/www.escapadarural.com\/casas-rurales\/mallorca\" target=\"_blank\" rel=\"noopener noreferrer\">Mallorca<\/a>. Su pico m\u00e1s alto, el Puig Major (1.445 metros) corona todo el macizo ofreciendo las mejores vistas de toda la isla.<\/p>\n\n\n\n<p>Para explorar la sierra lo mejor es realizar alguna de las rutas que marcan las diferentes sendas. Una de las m\u00e1s bonitas es la GR 221, 167 kil\u00f3metros divididos en varias etapas que pasan junto a vestigios hist\u00f3ricos.<\/p>\n\n\n\n<p>Los que prefieren subir m\u00e1s alto, existe otro itinerario que llega hasta la <strong>cumbre de Puig des Teix<\/strong>, situada a algo m\u00e1s de 1.000 metros. Otras rutas recomendadas son la del tren de S\u00f3ller y la literaria que discurre entre Valldemossa a Pollen\u00e7a.<\/p>\n\n\n\n<p>La Semana Santa es una buena \u00e9poca para visitar la sierra de Tramuntana y practicar algunos deportes de aventura como barranquismo por las gargantas de la sierra, realizar rutas de BTT, salir a pescar y disfrutar del pirag\u00fcismo en la costa de S\u00f3ller.<\/p>\n\n\n\n<h2 class=\"title-rute wp-block-heading\"><strong>2.<\/strong> San Genar\u00edn y Las M\u00e9dulas (Le\u00f3n)<\/h2>\n\n\n\n<figure class=\"wp-block-image size-large\"><a href=\"https:\/\/www.escapadarural.com\/blog\/wp-content\/uploads\/2019\/09\/Las-M\u00e9dulas.-Le\u00f3n.jpg\"><img decoding=\"async\" src=\"https:\/\/www.escapadarural.com\/blog\/wp-content\/uploads\/2019\/09\/Las-M\u00e9dulas.-Le\u00f3n-1024x683.jpg\" alt=\"Las M\u00e9dulas\" class=\"wp-image-23639\"\/><\/a><figcaption>Por Jose Ignacio Soto<\/figcaption><\/figure>\n\n\n\n<p>Cada Jueves Santo, los leoneses sacan a pasear por el barrio H\u00famedo a <strong>San Genar\u00edn<\/strong>, el patr\u00f3n de los borrachos. Genar\u00edn era un hombre muy conocido de Le\u00f3n. Al amanecer del Viernes Santo de 1929, el cami\u00f3n de la basura le atropell\u00f3 mientras hac\u00eda sus necesidades junto a la muralla de Le\u00f3n. Desde entonces, cada aniversario la cofrad\u00eda que lleva su nombre lo saca en procesi\u00f3n durante la noche.<\/p>\n\n\n\n<p>Otra de las costumbres m\u00e1s t\u00edpicas en el barrio H\u00famedo durante la <strong>Semana Santa es \u201cmatar jud\u00edos\u201d<\/strong>, que consiste en ir de bar en bar a beber limonada de vino durante las fiestas.<\/p>\n\n\n\n<p>Para pasar la resaca, nada mejor que un paseo por uno de los patrimonios m\u00e1s valiosos de <a href=\"https:\/\/www.escapadarural.com\/casas-rurales\/el-bierzo\">El Bierzo<\/a> (Le\u00f3n): Las M\u00e9dulas. Una de las minas a cielo abierto m\u00e1s importantes del Imperio romano. Actualmente existen varias rutas que permiten explorar sus alrededores y conocer c\u00f3mo se extra\u00eda el oro en la antig\u00fcedad.<\/p>\n\n\n\n<h2 class=\"title-rute wp-block-heading\"><strong>3.<\/strong> Esqu\u00ed en Sierra Nevada y la Alhambra (Granada)<\/h2>\n\n\n\n<figure class=\"wp-block-image size-large\"><a href=\"https:\/\/www.escapadarural.com\/blog\/wp-content\/uploads\/2018\/03\/Parque-Nacional-Sierra-Nevada.-Granada-3-1.jpg\"><img decoding=\"async\" src=\"https:\/\/www.escapadarural.com\/blog\/wp-content\/uploads\/2018\/03\/Parque-Nacional-Sierra-Nevada.-Granada-3-1.jpg\" alt=\"Parque Nacional Sierra Nevada. Granada\" class=\"wp-image-27449\"\/><\/a><figcaption>Por Nick Stubbs<\/figcaption><\/figure>\n\n\n\n<p>Nuestra propuesta en <a href=\"https:\/\/www.escapadarural.com\/casas-rurales\/granada\" target=\"_blank\" rel=\"noopener noreferrer\">Granada<\/a> a\u00fana dos actividades que har\u00e1n que disfrutemos de la naturaleza y de la cultura de esta ciudad andaluza. Una de ellas es acercarse a esquiar a <a href=\"https:\/\/www.escapadarural.com\/casas-rurales\/sierra-nevada\" target=\"_blank\" rel=\"noopener noreferrer\">Sierra Nevada<\/a>, una de las mejores estaciones del sur que ofrece un gran abanico de actividades en la nieve.<\/p>\n\n\n\n<p>Al terminar la jornada de esqu\u00ed podemos acercarnos hasta uno de los numerosos ba\u00f1os \u00e1rabes de la ciudad, para darnos un masaje y relajarnos. Aunque para entender la cultura \u00e1rabe ser\u00e1 imprescindible una <strong>visita a la Alhambra<\/strong>. Esta ciudadela del reino nazar\u00ed, declarada Patrimonio de la Humanidad, es una de las joyas del arte andalus\u00ed.<\/p>\n\n\n\n<h2 class=\"title-rute wp-block-heading\"><strong>4.<\/strong> Tambores, nazarenos e historia en Moratalla (Murcia)<\/h2>\n\n\n\n<figure class=\"wp-block-image size-large\"><a href=\"https:\/\/www.escapadarural.com\/blog\/wp-content\/uploads\/2018\/03\/shutterstock_134288486-1-scaled.jpg\"><img decoding=\"async\" src=\"https:\/\/www.escapadarural.com\/blog\/wp-content\/uploads\/2018\/03\/shutterstock_134288486-1-1024x683.jpg\" alt=\"Semana Santa en Moratalla\" class=\"wp-image-27448\"\/><\/a><figcaption>Por Sergio Foto<\/figcaption><\/figure>\n\n\n\n<p>Situado en lo alto de un cerro, coronado por un castillo y su torre del Homenaje, <a href=\"https:\/\/www.escapadarural.com\/casas-rurales\/moratalla\" target=\"_blank\" rel=\"noopener noreferrer\">Moratalla<\/a> destaca por contener una de las <strong>colecciones de arte rupestre<\/strong> m\u00e1s importantes de <a href=\"https:\/\/www.escapadarural.com\/casas-rurales\/murcia\" target=\"_blank\" rel=\"noopener noreferrer\">Murcia<\/a>. Las pinturas est\u00e1n declaradas Patrimonio de la Humanidad y en sus alrededores tambi\u00e9n se pueden visitar antiguos asentamientos ib\u00e9ricos, medievales y romanos.<\/p>\n\n\n\n<p>La mejor \u00e9poca para visitar Moratalla es en Semana Santa, pues es cuando se celebra su <strong>popular tamborada<\/strong> de Inter\u00e9s Tur\u00edstico Regional. La <strong>Fiesta del Tambor<\/strong> es la que se lleva todo el protagonismo, aunque tambi\u00e9n hay procesiones que desde hace m\u00e1s de cinco siglos recorren las angostas calles del pueblo.<\/p>\n\n\n\n<h2 class=\"title-rute wp-block-heading\"><strong>5.<\/strong> Los Picaos de San Vicente de la Sonsierra y vinos (La Rioja)<\/h2>\n\n\n\n<figure class=\"wp-block-image size-large\"><a href=\"https:\/\/www.escapadarural.com\/blog\/wp-content\/uploads\/2018\/03\/shutterstock_50186539-1-scaled.jpg\"><img decoding=\"async\" src=\"https:\/\/www.escapadarural.com\/blog\/wp-content\/uploads\/2018\/03\/shutterstock_50186539-1-1024x769.jpg\" alt=\"Picaos de San Vicente de la Sonsierra\" class=\"wp-image-27447\"\/><\/a><figcaption>Por fotosub<\/figcaption><\/figure>\n\n\n\n<p>Las <strong>procesiones de Semana Santa<\/strong> no son exclusivamente del sur de Espa\u00f1a, aunque muchas de ellas se hayan ganado la fama de ser las mejores del pa\u00eds. En <a href=\"https:\/\/www.escapadarural.com\/casas-rurales\/la-rioja\" target=\"_blank\" rel=\"noopener noreferrer\">La Rioja<\/a> esta festividad tambi\u00e9n se celebra a lo grande. De hecho, son la \u00fanica comunidad que a\u00fan mantiene viva una de las tradiciones m\u00e1s religiosas: la <strong>autoflagelaci\u00f3n<\/strong> como acto de fe.<\/p>\n\n\n\n<p>Conocida como <strong>Los Picaos<\/strong> de <a href=\"https:\/\/www.escapadarural.com\/casas-rurales\/san-vicente-de-la-sonsierra\" target=\"_blank\" rel=\"noopener noreferrer\">San Vicente de Sonsierra<\/a>, esta costumbre ancestral la organiza la Cofrad\u00eda de la Santa Vera Cruz, a la que pertenecen los disciplinantes que se someter\u00e1n a la penitencia durante el Jueves y el Viernes Santo.<\/p>\n\n\n\n<p>San Vicente de Sonsierra est\u00e1 muy cerca de <a href=\"https:\/\/www.escapadarural.com\/casas-rurales\/haro\" target=\"_blank\" rel=\"noopener noreferrer\">Haro<\/a>, por lo que podemos aprovechar para hacer <strong>enoturismo<\/strong> y visitar algunas de las bodegas m\u00e1s conocidas de La Rioja. El <strong>Barrio de la Estaci\u00f3n de Haro<\/strong> es perfecto para adentrarse en esta cultura y realizar una cata de los mejores vinos riojanos.<\/p>\n","protected":false},"excerpt":{"rendered":"<p>Esquiar, ver procesiones, disfrutar del enoturismo o aislarse en la naturaleza son algunas de las propuestas para realizar una escapada esta Semana Santa&#8230;<\/p>\n","protected":false},"author":89,"featured_media":104785,"comment_status":"open","ping_status":"closed","sticky":false,"template":"","format":"standard","meta":{"_acf_changed":false,"om_disable_all_campaigns":false,"footnotes":""},"categories":[191],"tags":[625,215,935,1088],"class_list":["post-9430","post","type-post","status-publish","format-standard","has-post-thumbnail","hentry","category-destinos","tag-folclore-y-tradiciones","tag-listado","tag-planes","tag-semana-santa"],"acf":[],"featured_image_src":"https:\/\/www.escapadarural.com\/blog\/wp-content\/uploads\/2024\/10\/Semana-Santa-1-1024x683-4.jpg","author_info":{"display_name":"Laura Fern\u00e1ndez","author_link":"https:\/\/www.escapadarural.com\/blog\/autor\/laura\/"},"yoast_head":"<!-- This site is optimized with the Yoast SEO plugin v27.5 - https:\/\/yoast.com\/product\/yoast-seo-wordpress\/ -->\n<title>5 planes para escaparte en Semana Santa - EscapadaRural<\/title>\n<meta name=\"robots\" content=\"index, follow, max-snippet:-1, max-image-preview:large, max-video-preview:-1\" \/>\n<link rel=\"canonical\" href=\"https:\/\/www.escapadarural.com\/blog\/5-planes-para-escaparte-en-semana-santa\/\" \/>\n<meta property=\"og:locale\" content=\"es_ES\" \/>\n<meta property=\"og:type\" content=\"article\" \/>\n<meta property=\"og:title\" content=\"5 planes para escaparte en Semana Santa - EscapadaRural\" \/>\n<meta property=\"og:description\" content=\"Esquiar, ver procesiones, disfrutar del enoturismo o aislarse en la naturaleza son algunas de las propuestas para realizar una escapada esta Semana Santa...\" \/>\n<meta property=\"og:url\" content=\"https:\/\/www.escapadarural.com\/blog\/5-planes-para-escaparte-en-semana-santa\/\" \/>\n<meta property=\"og:site_name\" content=\"Magazine de viajes de EscapadaRural\" \/>\n<meta property=\"article:publisher\" content=\"https:\/\/www.facebook.com\/escapadarural\" \/>\n<meta property=\"article:published_time\" content=\"2018-03-15T09:00:33+00:00\" \/>\n<meta property=\"article:modified_time\" content=\"2024-10-21T11:19:12+00:00\" \/>\n<meta property=\"og:image\" content=\"https:\/\/www.escapadarural.com\/blog\/wp-content\/uploads\/2024\/10\/Semana-Santa-1-1024x683-4.jpg\" \/>\n\t<meta property=\"og:image:width\" content=\"1024\" \/>\n\t<meta property=\"og:image:height\" content=\"683\" \/>\n\t<meta property=\"og:image:type\" content=\"image\/jpeg\" \/>\n<meta name=\"author\" content=\"Laura Fern\u00e1ndez\" \/>\n<meta name=\"twitter:card\" content=\"summary_large_image\" \/>\n<meta name=\"twitter:label1\" content=\"Escrito por\" \/>\n\t<meta name=\"twitter:data1\" content=\"Laura Fern\u00e1ndez\" \/>\n\t<meta name=\"twitter:label2\" content=\"Tiempo de lectura\" \/>\n\t<meta name=\"twitter:data2\" content=\"4 minutos\" \/>\n<script type=\"application\/ld+json\" class=\"yoast-schema-graph\">{\"@context\":\"https:\\\/\\\/schema.org\",\"@graph\":[{\"@type\":\"Article\",\"@id\":\"https:\\\/\\\/www.escapadarural.com\\\/blog\\\/5-planes-para-escaparte-en-semana-santa\\\/#article\",\"isPartOf\":{\"@id\":\"https:\\\/\\\/www.escapadarural.com\\\/blog\\\/5-planes-para-escaparte-en-semana-santa\\\/\"},\"author\":{\"name\":\"Laura Fern\u00e1ndez\",\"@id\":\"https:\\\/\\\/www.escapadarural.com\\\/blog\\\/#\\\/schema\\\/person\\\/a9b46ae4d047d8a2c719f31e75206cff\"},\"headline\":\"5 planes para escaparte en Semana Santa\",\"datePublished\":\"2018-03-15T09:00:33+00:00\",\"dateModified\":\"2024-10-21T11:19:12+00:00\",\"mainEntityOfPage\":{\"@id\":\"https:\\\/\\\/www.escapadarural.com\\\/blog\\\/5-planes-para-escaparte-en-semana-santa\\\/\"},\"wordCount\":895,\"commentCount\":0,\"publisher\":{\"@id\":\"https:\\\/\\\/www.escapadarural.com\\\/blog\\\/#organization\"},\"image\":{\"@id\":\"https:\\\/\\\/www.escapadarural.com\\\/blog\\\/5-planes-para-escaparte-en-semana-santa\\\/#primaryimage\"},\"thumbnailUrl\":\"https:\\\/\\\/www.escapadarural.com\\\/blog\\\/wp-content\\\/uploads\\\/2024\\\/10\\\/Semana-Santa-1-1024x683-4.jpg\",\"keywords\":[\"Folclore y tradiciones\",\"Listado\",\"planes\",\"Semana Santa\"],\"articleSection\":[\"Destinos\"],\"inLanguage\":\"es\",\"potentialAction\":[{\"@type\":\"CommentAction\",\"name\":\"Comment\",\"target\":[\"https:\\\/\\\/www.escapadarural.com\\\/blog\\\/5-planes-para-escaparte-en-semana-santa\\\/#respond\"]}]},{\"@type\":\"WebPage\",\"@id\":\"https:\\\/\\\/www.escapadarural.com\\\/blog\\\/5-planes-para-escaparte-en-semana-santa\\\/\",\"url\":\"https:\\\/\\\/www.escapadarural.com\\\/blog\\\/5-planes-para-escaparte-en-semana-santa\\\/\",\"name\":\"5 planes para escaparte en Semana Santa - EscapadaRural\",\"isPartOf\":{\"@id\":\"https:\\\/\\\/www.escapadarural.com\\\/blog\\\/#website\"},\"primaryImageOfPage\":{\"@id\":\"https:\\\/\\\/www.escapadarural.com\\\/blog\\\/5-planes-para-escaparte-en-semana-santa\\\/#primaryimage\"},\"image\":{\"@id\":\"https:\\\/\\\/www.escapadarural.com\\\/blog\\\/5-planes-para-escaparte-en-semana-santa\\\/#primaryimage\"},\"thumbnailUrl\":\"https:\\\/\\\/www.escapadarural.com\\\/blog\\\/wp-content\\\/uploads\\\/2024\\\/10\\\/Semana-Santa-1-1024x683-4.jpg\",\"datePublished\":\"2018-03-15T09:00:33+00:00\",\"dateModified\":\"2024-10-21T11:19:12+00:00\",\"breadcrumb\":{\"@id\":\"https:\\\/\\\/www.escapadarural.com\\\/blog\\\/5-planes-para-escaparte-en-semana-santa\\\/#breadcrumb\"},\"inLanguage\":\"es\",\"potentialAction\":[{\"@type\":\"ReadAction\",\"target\":[\"https:\\\/\\\/www.escapadarural.com\\\/blog\\\/5-planes-para-escaparte-en-semana-santa\\\/\"]}]},{\"@type\":\"ImageObject\",\"inLanguage\":\"es\",\"@id\":\"https:\\\/\\\/www.escapadarural.com\\\/blog\\\/5-planes-para-escaparte-en-semana-santa\\\/#primaryimage\",\"url\":\"https:\\\/\\\/www.escapadarural.com\\\/blog\\\/wp-content\\\/uploads\\\/2024\\\/10\\\/Semana-Santa-1-1024x683-4.jpg\",\"contentUrl\":\"https:\\\/\\\/www.escapadarural.com\\\/blog\\\/wp-content\\\/uploads\\\/2024\\\/10\\\/Semana-Santa-1-1024x683-4.jpg\",\"width\":1024,\"height\":683,\"caption\":\"Semana Santa\"},{\"@type\":\"BreadcrumbList\",\"@id\":\"https:\\\/\\\/www.escapadarural.com\\\/blog\\\/5-planes-para-escaparte-en-semana-santa\\\/#breadcrumb\",\"itemListElement\":[{\"@type\":\"ListItem\",\"position\":1,\"name\":\"Inicio\",\"item\":\"https:\\\/\\\/www.escapadarural.com\\\/blog\\\/\"},{\"@type\":\"ListItem\",\"position\":2,\"name\":\"Destinos\",\"item\":\"https:\\\/\\\/www.escapadarural.com\\\/blog\\\/categoria\\\/destinos\\\/\"},{\"@type\":\"ListItem\",\"position\":3,\"name\":\"5 planes para escaparte en Semana Santa\"}]},{\"@type\":\"WebSite\",\"@id\":\"https:\\\/\\\/www.escapadarural.com\\\/blog\\\/#website\",\"url\":\"https:\\\/\\\/www.escapadarural.com\\\/blog\\\/\",\"name\":\"Blog de viajes | turismo rural, alojamientos e inspiraci\u00f3n\",\"description\":\"Alojamientos rurales e inspiraci\u00f3n para tus escapadas\",\"publisher\":{\"@id\":\"https:\\\/\\\/www.escapadarural.com\\\/blog\\\/#organization\"},\"alternateName\":\"Magazine de viajes de EscapadaRural\",\"potentialAction\":[{\"@type\":\"SearchAction\",\"target\":{\"@type\":\"EntryPoint\",\"urlTemplate\":\"https:\\\/\\\/www.escapadarural.com\\\/blog\\\/?s={search_term_string}\"},\"query-input\":{\"@type\":\"PropertyValueSpecification\",\"valueRequired\":true,\"valueName\":\"search_term_string\"}}],\"inLanguage\":\"es\"},{\"@type\":\"Organization\",\"@id\":\"https:\\\/\\\/www.escapadarural.com\\\/blog\\\/#organization\",\"name\":\"EscapadaRural\",\"url\":\"https:\\\/\\\/www.escapadarural.com\\\/blog\\\/\",\"logo\":{\"@type\":\"ImageObject\",\"inLanguage\":\"es\",\"@id\":\"https:\\\/\\\/www.escapadarural.com\\\/blog\\\/#\\\/schema\\\/logo\\\/image\\\/\",\"url\":\"https:\\\/\\\/www.escapadarural.com\\\/blog\\\/wp-content\\\/uploads\\\/2024\\\/10\\\/cropped-cropped-escapada-rural-icon-mag-3.png\",\"contentUrl\":\"https:\\\/\\\/www.escapadarural.com\\\/blog\\\/wp-content\\\/uploads\\\/2024\\\/10\\\/cropped-cropped-escapada-rural-icon-mag-3.png\",\"width\":512,\"height\":512,\"caption\":\"EscapadaRural\"},\"image\":{\"@id\":\"https:\\\/\\\/www.escapadarural.com\\\/blog\\\/#\\\/schema\\\/logo\\\/image\\\/\"},\"sameAs\":[\"https:\\\/\\\/www.facebook.com\\\/escapadarural\",\"https:\\\/\\\/www.instagram.com\\\/escapadarural\\\/\",\"https:\\\/\\\/www.youtube.com\\\/@escapadaruralcom\"]},{\"@type\":\"Person\",\"@id\":\"https:\\\/\\\/www.escapadarural.com\\\/blog\\\/#\\\/schema\\\/person\\\/a9b46ae4d047d8a2c719f31e75206cff\",\"name\":\"Laura Fern\u00e1ndez\",\"image\":{\"@type\":\"ImageObject\",\"inLanguage\":\"es\",\"@id\":\"https:\\\/\\\/www.escapadarural.com\\\/blog\\\/wp-content\\\/uploads\\\/2025\\\/01\\\/cropped-laura_raponchii-96x96.jpg\",\"url\":\"https:\\\/\\\/www.escapadarural.com\\\/blog\\\/wp-content\\\/uploads\\\/2025\\\/01\\\/cropped-laura_raponchii-96x96.jpg\",\"contentUrl\":\"https:\\\/\\\/www.escapadarural.com\\\/blog\\\/wp-content\\\/uploads\\\/2025\\\/01\\\/cropped-laura_raponchii-96x96.jpg\",\"caption\":\"Laura Fern\u00e1ndez\"},\"description\":\"Periodista, blogger y viajera. No necesariamente en ese orden. En ocasiones me despierto sin saber d\u00f3nde estoy. Adicta a los c\u00f3mics y a los noodles con salsa de cacahuete. Redactora en @escapadarural, colaboradora en la Conde Nast Traveler y en la Divinity. Mi casa: Meridiano180.\",\"sameAs\":[\"http:\\\/\\\/www.meridiano180.com\\\/\"],\"url\":\"https:\\\/\\\/www.escapadarural.com\\\/blog\\\/autor\\\/laura\\\/\"}]}<\/script>\n<!-- \/ Yoast SEO plugin. -->","yoast_head_json":{"title":"5 planes para escaparte en Semana Santa - EscapadaRural","robots":{"index":"index","follow":"follow","max-snippet":"max-snippet:-1","max-image-preview":"max-image-preview:large","max-video-preview":"max-video-preview:-1"},"canonical":"https:\/\/www.escapadarural.com\/blog\/5-planes-para-escaparte-en-semana-santa\/","og_locale":"es_ES","og_type":"article","og_title":"5 planes para escaparte en Semana Santa - EscapadaRural","og_description":"Esquiar, ver procesiones, disfrutar del enoturismo o aislarse en la naturaleza son algunas de las propuestas para realizar una escapada esta Semana Santa...","og_url":"https:\/\/www.escapadarural.com\/blog\/5-planes-para-escaparte-en-semana-santa\/","og_site_name":"Magazine de viajes de EscapadaRural","article_publisher":"https:\/\/www.facebook.com\/escapadarural","article_published_time":"2018-03-15T09:00:33+00:00","article_modified_time":"2024-10-21T11:19:12+00:00","og_image":[{"width":1024,"height":683,"url":"https:\/\/www.escapadarural.com\/blog\/wp-content\/uploads\/2024\/10\/Semana-Santa-1-1024x683-4.jpg","type":"image\/jpeg"}],"author":"Laura Fern\u00e1ndez","twitter_card":"summary_large_image","twitter_misc":{"Escrito por":"Laura Fern\u00e1ndez","Tiempo de lectura":"4 minutos"},"schema":{"@context":"https:\/\/schema.org","@graph":[{"@type":"Article","@id":"https:\/\/www.escapadarural.com\/blog\/5-planes-para-escaparte-en-semana-santa\/#article","isPartOf":{"@id":"https:\/\/www.escapadarural.com\/blog\/5-planes-para-escaparte-en-semana-santa\/"},"author":{"name":"Laura Fern\u00e1ndez","@id":"https:\/\/www.escapadarural.com\/blog\/#\/schema\/person\/a9b46ae4d047d8a2c719f31e75206cff"},"headline":"5 planes para escaparte en Semana Santa","datePublished":"2018-03-15T09:00:33+00:00","dateModified":"2024-10-21T11:19:12+00:00","mainEntityOfPage":{"@id":"https:\/\/www.escapadarural.com\/blog\/5-planes-para-escaparte-en-semana-santa\/"},"wordCount":895,"commentCount":0,"publisher":{"@id":"https:\/\/www.escapadarural.com\/blog\/#organization"},"image":{"@id":"https:\/\/www.escapadarural.com\/blog\/5-planes-para-escaparte-en-semana-santa\/#primaryimage"},"thumbnailUrl":"https:\/\/www.escapadarural.com\/blog\/wp-content\/uploads\/2024\/10\/Semana-Santa-1-1024x683-4.jpg","keywords":["Folclore y tradiciones","Listado","planes","Semana Santa"],"articleSection":["Destinos"],"inLanguage":"es","potentialAction":[{"@type":"CommentAction","name":"Comment","target":["https:\/\/www.escapadarural.com\/blog\/5-planes-para-escaparte-en-semana-santa\/#respond"]}]},{"@type":"WebPage","@id":"https:\/\/www.escapadarural.com\/blog\/5-planes-para-escaparte-en-semana-santa\/","url":"https:\/\/www.escapadarural.com\/blog\/5-planes-para-escaparte-en-semana-santa\/","name":"5 planes para escaparte en Semana Santa - EscapadaRural","isPartOf":{"@id":"https:\/\/www.escapadarural.com\/blog\/#website"},"primaryImageOfPage":{"@id":"https:\/\/www.escapadarural.com\/blog\/5-planes-para-escaparte-en-semana-santa\/#primaryimage"},"image":{"@id":"https:\/\/www.escapadarural.com\/blog\/5-planes-para-escaparte-en-semana-santa\/#primaryimage"},"thumbnailUrl":"https:\/\/www.escapadarural.com\/blog\/wp-content\/uploads\/2024\/10\/Semana-Santa-1-1024x683-4.jpg","datePublished":"2018-03-15T09:00:33+00:00","dateModified":"2024-10-21T11:19:12+00:00","breadcrumb":{"@id":"https:\/\/www.escapadarural.com\/blog\/5-planes-para-escaparte-en-semana-santa\/#breadcrumb"},"inLanguage":"es","potentialAction":[{"@type":"ReadAction","target":["https:\/\/www.escapadarural.com\/blog\/5-planes-para-escaparte-en-semana-santa\/"]}]},{"@type":"ImageObject","inLanguage":"es","@id":"https:\/\/www.escapadarural.com\/blog\/5-planes-para-escaparte-en-semana-santa\/#primaryimage","url":"https:\/\/www.escapadarural.com\/blog\/wp-content\/uploads\/2024\/10\/Semana-Santa-1-1024x683-4.jpg","contentUrl":"https:\/\/www.escapadarural.com\/blog\/wp-content\/uploads\/2024\/10\/Semana-Santa-1-1024x683-4.jpg","width":1024,"height":683,"caption":"Semana Santa"},{"@type":"BreadcrumbList","@id":"https:\/\/www.escapadarural.com\/blog\/5-planes-para-escaparte-en-semana-santa\/#breadcrumb","itemListElement":[{"@type":"ListItem","position":1,"name":"Inicio","item":"https:\/\/www.escapadarural.com\/blog\/"},{"@type":"ListItem","position":2,"name":"Destinos","item":"https:\/\/www.escapadarural.com\/blog\/categoria\/destinos\/"},{"@type":"ListItem","position":3,"name":"5 planes para escaparte en Semana Santa"}]},{"@type":"WebSite","@id":"https:\/\/www.escapadarural.com\/blog\/#website","url":"https:\/\/www.escapadarural.com\/blog\/","name":"Blog de viajes | turismo rural, alojamientos e inspiraci\u00f3n","description":"Alojamientos rurales e inspiraci\u00f3n para tus escapadas","publisher":{"@id":"https:\/\/www.escapadarural.com\/blog\/#organization"},"alternateName":"Magazine de viajes de EscapadaRural","potentialAction":[{"@type":"SearchAction","target":{"@type":"EntryPoint","urlTemplate":"https:\/\/www.escapadarural.com\/blog\/?s={search_term_string}"},"query-input":{"@type":"PropertyValueSpecification","valueRequired":true,"valueName":"search_term_string"}}],"inLanguage":"es"},{"@type":"Organization","@id":"https:\/\/www.escapadarural.com\/blog\/#organization","name":"EscapadaRural","url":"https:\/\/www.escapadarural.com\/blog\/","logo":{"@type":"ImageObject","inLanguage":"es","@id":"https:\/\/www.escapadarural.com\/blog\/#\/schema\/logo\/image\/","url":"https:\/\/www.escapadarural.com\/blog\/wp-content\/uploads\/2024\/10\/cropped-cropped-escapada-rural-icon-mag-3.png","contentUrl":"https:\/\/www.escapadarural.com\/blog\/wp-content\/uploads\/2024\/10\/cropped-cropped-escapada-rural-icon-mag-3.png","width":512,"height":512,"caption":"EscapadaRural"},"image":{"@id":"https:\/\/www.escapadarural.com\/blog\/#\/schema\/logo\/image\/"},"sameAs":["https:\/\/www.facebook.com\/escapadarural","https:\/\/www.instagram.com\/escapadarural\/","https:\/\/www.youtube.com\/@escapadaruralcom"]},{"@type":"Person","@id":"https:\/\/www.escapadarural.com\/blog\/#\/schema\/person\/a9b46ae4d047d8a2c719f31e75206cff","name":"Laura Fern\u00e1ndez","image":{"@type":"ImageObject","inLanguage":"es","@id":"https:\/\/www.escapadarural.com\/blog\/wp-content\/uploads\/2025\/01\/cropped-laura_raponchii-96x96.jpg","url":"https:\/\/www.escapadarural.com\/blog\/wp-content\/uploads\/2025\/01\/cropped-laura_raponchii-96x96.jpg","contentUrl":"https:\/\/www.escapadarural.com\/blog\/wp-content\/uploads\/2025\/01\/cropped-laura_raponchii-96x96.jpg","caption":"Laura Fern\u00e1ndez"},"description":"Periodista, blogger y viajera. No necesariamente en ese orden. En ocasiones me despierto sin saber d\u00f3nde estoy. Adicta a los c\u00f3mics y a los noodles con salsa de cacahuete. Redactora en @escapadarural, colaboradora en la Conde Nast Traveler y en la Divinity. Mi casa: Meridiano180.","sameAs":["http:\/\/www.meridiano180.com\/"],"url":"https:\/\/www.escapadarural.com\/blog\/autor\/laura\/"}]}},"_links":{"self":[{"href":"https:\/\/www.escapadarural.com\/blog\/wp-json\/wp\/v2\/posts\/9430","targetHints":{"allow":["GET"]}}],"collection":[{"href":"https:\/\/www.escapadarural.com\/blog\/wp-json\/wp\/v2\/posts"}],"about":[{"href":"https:\/\/www.escapadarural.com\/blog\/wp-json\/wp\/v2\/types\/post"}],"author":[{"embeddable":true,"href":"https:\/\/www.escapadarural.com\/blog\/wp-json\/wp\/v2\/users\/89"}],"replies":[{"embeddable":true,"href":"https:\/\/www.escapadarural.com\/blog\/wp-json\/wp\/v2\/comments?post=9430"}],"version-history":[{"count":0,"href":"https:\/\/www.escapadarural.com\/blog\/wp-json\/wp\/v2\/posts\/9430\/revisions"}],"wp:featuredmedia":[{"embeddable":true,"href":"https:\/\/www.escapadarural.com\/blog\/wp-json\/wp\/v2\/media\/104785"}],"wp:attachment":[{"href":"https:\/\/www.escapadarural.com\/blog\/wp-json\/wp\/v2\/media?parent=9430"}],"wp:term":[{"taxonomy":"category","embeddable":true,"href":"https:\/\/www.escapadarural.com\/blog\/wp-json\/wp\/v2\/categories?post=9430"},{"taxonomy":"post_tag","embeddable":true,"href":"https:\/\/www.escapadarural.com\/blog\/wp-json\/wp\/v2\/tags?post=9430"}],"curies":[{"name":"wp","href":"https:\/\/api.w.org\/{rel}","templated":true}]}}