{"id":9439,"date":"2018-11-29T09:30:33","date_gmt":"2018-11-29T09:30:33","guid":{"rendered":"http:\/\/15.188.81.248\/2018\/11\/29\/minas-y-geologia-en-region-norte\/"},"modified":"2025-07-17T15:55:55","modified_gmt":"2025-07-17T13:55:55","slug":"minas-y-geologia-en-region-norte","status":"publish","type":"post","link":"https:\/\/www.escapadarural.com\/blog\/minas-y-geologia-en-region-norte\/","title":{"rendered":"Minas y geolog\u00eda en Regi\u00f3n Norte"},"content":{"rendered":"\n<figure class=\"wp-block-image size-large\"><a href=\"https:\/\/www.escapadarural.com\/blog\/wp-content\/uploads\/2018\/11\/arouca-1.jpg\"><img decoding=\"async\" src=\"https:\/\/www.escapadarural.com\/blog\/wp-content\/uploads\/2018\/11\/arouca-1.jpg\" alt=\"Pasarelas de Paiva\" class=\"wp-image-25401\"\/><\/a><figcaption class=\"wp-element-caption\">Por cristovao31<\/figcaption><\/figure>\n\n\n\n<p>Primero griegos, despu\u00e9s fenicios y cartaginenses y, luego, la fiebre del oro tambi\u00e9n atrajo a los romanos al nordeste de Hispania. Plinio el Viejo habl\u00f3 de una abundancia en oro, plomo, hierro, cobre y plata incomparable en el mundo conocido entonces. Los romanos no dudaron en hacer lo necesario para extraer estas riquezas y desarrollaron t\u00e9cnicas intensivas que fueron dejando marcas en el territorio. Y es a estas tierras del <strong>norte de Portugal<\/strong> a las que vamos a viajar. En muchos casos ser\u00e1 un verdadero viaje en el tiempo a trav\u00e9s de millones de a\u00f1os de historia de la Tierra y de las diferentes civilizaciones que la ocuparon.<\/p>\n\n\n\n<h2 class=\"wp-block-heading title-rute\" id=\"h-ruta-de-las-minas-y-puntos-de-interes-minero-y-geologico-de-portugal\">Ruta de las minas y puntos de inter\u00e9s minero y geol\u00f3gico de Portugal<\/h2>\n\n\n\n<p>Una forma diferente de conocer Portugal, eso es lo que promueven las diferentes iniciativas locales que se han desarrollado en los \u00faltimos tiempos en un entorno patrimonial \u00fanico de gran importancia hist\u00f3rica. La divulgaci\u00f3n cient\u00edfica y el turismo se unen en una experiencia diferente: el geoturismo.<\/p>\n\n\n\n<p>Vamos a encontrarnos con paisajes explotados desde la antig\u00fcedad, conoceremos infraestructuras de todas las \u00e9pocas, sentiremos la textura de los minerales, los colores de la tierra, el \u00f3xido de las antiguas minas. Contemplaremos los famosos <a rel=\"noopener noreferrer\" href=\"https:\/\/es.wikipedia.org\/wiki\/Trilobita\" target=\"_blank\" class=\"rank-math-link\">trilobites<\/a> gigantes de Canelas o los <a rel=\"noopener noreferrer\" href=\"https:\/\/es.wikipedia.org\/wiki\/Icnof%C3%B3sil\" target=\"_blank\" class=\"rank-math-link\">icnof\u00f3siles<\/a> de Cabanas Longas, ubicados en el entorno de la sierra de Freita, y batearemos oro dentro de un r\u00edo como hicieron los primeros mineros. Grutas naturales, senderismo, tradiciones y los sabores de la gastronom\u00eda son s\u00f3lo una parte de lo que nos aguarda en el norte de Portugal. Desde la costa de Oporto, pasando por el interior del pa\u00eds, hasta tocar con la comunidad de Castilla y Le\u00f3n, en Espa\u00f1a.<\/p>\n\n\n\n<h2 class=\"wp-block-heading title-rute\" id=\"h-el-geoparque-arouca\">El Geoparque Arouca<\/h2>\n\n\n\n<figure class=\"wp-block-image size-large\"><a href=\"https:\/\/www.escapadarural.com\/blog\/wp-content\/uploads\/2018\/11\/arouca-Portugal-1.jpg\"><img decoding=\"async\" src=\"https:\/\/www.escapadarural.com\/blog\/wp-content\/uploads\/2018\/11\/arouca-Portugal-1.jpg\" alt=\"Geoparque de Arouca\" class=\"wp-image-25400\"\/><\/a><figcaption class=\"wp-element-caption\">Por Nelson Garrido Silva<\/figcaption><\/figure>\n\n\n\n<p>Debido a su excepcional patrimonio, este parque es una de las joyas del <strong>geoturismo en Portugal<\/strong>.&nbsp;A s\u00f3lo una hora de camino de Oporto, encontramos un entorno natural espectacular formado por las monta\u00f1as m\u00e1gicas de la sierra de Freita, Montemuro y el r\u00edo Paiva, conocido como el r\u00edo m\u00e1s bello de Portugal. Un paisaje con granitos de m\u00e1s de 550 millones de a\u00f1os.<\/p>\n\n\n\n<p>Este geoparque suma hasta 41 lugares de inter\u00e9s. Aqu\u00ed nos esperan <strong>las sorprendentes piedras parideras<\/strong>, \u00fanicas en el mundo. Se llaman as\u00ed por un extra\u00f1o efecto de erosi\u00f3n que hace que estas rocas gran\u00edticas suelten sus discos incrustados. Es como si nacieran peque\u00f1as piedras de la piedra madre. Otro lugar de visita imprescindible es el <strong>Centro de Interpretaci\u00f3n Geol\u00f3gica de Canelas<\/strong>, que se encuentra en el PR9 (Ruta del esquisto). Aqu\u00ed encontramos una colecci\u00f3n de f\u00f3siles de trilobites gigantes \u2013animales marinos\u2013\u2013 que, con cerca de 465 millones de a\u00f1os, son los mayores ejemplares de trilobites del mundo.<\/p>\n\n\n\n<p>El geoparque lo atraviesan varios r\u00edos, lo cual lo convierte en una <strong>estupenda zona para la pr\u00e1ctica de deportes de aventura<\/strong> como el barranquismo, pirag\u00fcismo, kayak y el rafting. Por otro lado, el mayor monumento de Arouca es su convento, cuyos edificios est\u00e1n integrados en el entramado urban\u00edstico del pueblo. Tambi\u00e9n vale la pena visitar el Museo de Arte sacro y la siller\u00eda de la iglesia. Si lo que buscas son vistas, hay que subir al mirador de la Virgen de la Mo para contemplar la panor\u00e1mica del pueblo y del valle.<\/p>\n\n\n\n<h2 class=\"wp-block-heading title-rute\" id=\"h-geologia-en-el-distrito-de-oporto\">Geolog\u00eda en el distrito de Oporto<\/h2>\n\n\n\n<figure class=\"wp-block-image size-large\"><a href=\"https:\/\/www.escapadarural.com\/blog\/wp-content\/uploads\/2018\/11\/Foz-do-Douro-1.jpg\"><img decoding=\"async\" src=\"https:\/\/www.escapadarural.com\/blog\/wp-content\/uploads\/2018\/11\/Foz-do-Douro-1.jpg\" alt=\"Oporto\" class=\"wp-image-25399\"\/><\/a><figcaption class=\"wp-element-caption\">Por TasfotoNL<\/figcaption><\/figure>\n\n\n\n<p>Vayamos hasta Oporto para seguir con las riquezas geol\u00f3gicas de Portugal. \u00bfQu\u00e9 decir de uno de los destinos tur\u00edsticos m\u00e1s antiguos de Europa? Las rocas que afloran en la costa de la ciudad son de las m\u00e1s antiguas de Portugal y constituyen un patrimonio geol\u00f3gico de alto inter\u00e9s cient\u00edfico y did\u00e1ctico. El paseo geol\u00f3gico de la desembocadura del r\u00edo es un complejo geol\u00f3gico clasificado como Patrimonio Natural Municipal.<\/p>\n\n\n\n<p>Subiremos al tranv\u00eda en la Pra\u00e7a da Liberdade para hacer un viaje en el tiempo y en el espacio hasta Foz. Una vez all\u00ed, entre los lugares a visitar, iremos al <strong>Paseo Geol\u00f3gico de Foz do Douro<\/strong>.<\/p>\n\n\n\n<p>En Oporto podemos visitar el <strong>Museo de la Fe<\/strong>, una interesante instituci\u00f3n que integra, entre otros, el n\u00facleo muse\u00edstico del Departamento de Ingenier\u00eda de Minas. Y el <strong>Museo del Isep<\/strong>, que re\u00fane diferentes instrumentos cient\u00edficos y un considerable patrimonio bibliogr\u00e1fico con obras de referencia como la enciclopedia de Diderot e Alembert, o un libro de arquitectura de Leon Battista Alberti.<\/p>\n\n\n\n<p>En las proximidades de Oporto podremos ir a Matosinhos, una de las mayores ciudades del distrito, donde se ubica el <strong>Museo de los yacimientos minerales portugueses<\/strong>. Los yacimientos son de varios tipos. Los m\u00e1s importantes son el cobre o el zinc, tambi\u00e9n volframio y oro. Si hay hambre, aprovechemos para comer. La tradicional sardina asada o los mariscos frescos de alta calidad son una delicia. Hay donde escoger, <strong>en Matosinhos hay m\u00e1s de 600 restaurantes<\/strong>.<\/p>\n\n\n\n<p>Apenas a 6 kil\u00f3metros de Oporto, encontramos en pleno litoral del Duero el pueblo de Gondomar, donde podremos visitar el antiguo complejo industrial de miner\u00eda de S\u00e3o Pedro da Cova. El complejo revela la importante industria de la extracci\u00f3n de carb\u00f3n que exist\u00eda en la parroquia durante hace pr\u00e1cticamente 170 a\u00f1os. Podremos aprovechar para relajarnos en alguna de sus bellas playas fluviales o disfrutar de la gastronom\u00eda. En Gondomar se nota la influencia del Duero en su cocina con la presencia del s\u00e1balo y la lamprea, sus m\u00e1s emblem\u00e1ticos productos.<\/p>\n\n\n\n<p>En el interior del distrito, en la sierra, encontramos Valongo y Paredes. El primero es un claro referente de turismo de naturaleza en Portugal debido a su biodiversidad, su patrimonio paisaj\u00edstico y los vestigios de culturas hist\u00f3ricas. En Valongo encontraremos el <strong>Parque Paleoz\u00f3ico<\/strong>, proyecto en desarrollo con la importante Universidad de Oporto, y el <strong>Museo da Lousa<\/strong>, formado por tres viviendas construidas con la t\u00e9cnica tradicional de la pizarra que evocan las antiguas casas de los mineros de la zona. M\u00e1s al este pasamos por Paredes, donde est\u00e1n las importantes <strong>minas de oro de Castromil<\/strong>, testimonio de que hace cerca de 2.000 a\u00f1os los romanos desarrollaron actividades de extracci\u00f3n de oro.<\/p>\n\n\n\n<h2 class=\"wp-block-heading title-rute\" id=\"h-geologia-en-el-distrito-de-vila-real\">Geolog\u00eda en el distrito de Vila Real<\/h2>\n\n\n\n<figure class=\"wp-block-image size-large\"><a href=\"https:\/\/www.escapadarural.com\/blog\/wp-content\/uploads\/2018\/11\/Vila-Real-asentamiento-romano-1.jpg\"><img decoding=\"async\" src=\"https:\/\/www.escapadarural.com\/blog\/wp-content\/uploads\/2018\/11\/Vila-Real-asentamiento-romano-1.jpg\" alt=\"Panoias\" class=\"wp-image-25398\"\/><\/a><figcaption class=\"wp-element-caption\">Por Vector<\/figcaption><\/figure>\n\n\n\n<p>Siguiendo ruta, hay que hacer parada en <strong>Marco de Canaveses<\/strong>, donde la piedra se convierte en un monumento a la cultura ancestral de la miner\u00eda. Algo que revela el <strong>Museo de la Piedra<\/strong> y las siete peque\u00f1as rutas de senderismo que parten del municipio. En ellas destaca el patrimonio natural, las albuferas del Carrapatelo y del Torrao, as\u00ed como su valor arquitect\u00f3nico. En este sentido, no hay que perderse la singular iglesia parroquial de Santa Mar\u00eda, una joya de la arquitectura moderna firmada por el importante arquitecto Siza Vieira (Premio Pritzker en 1992). Sin dejar la regi\u00f3n norte nos adentramos en el distrito de Vila Real.<\/p>\n\n\n\n<p>Millones de a\u00f1os de historia nos esperan en el <strong>Museo de Geolog\u00eda Fernando Real<\/strong> de Vila Real. Al ver la ubicaci\u00f3n de esta localidad se entiende su vital importancia geol\u00f3gica: el viajero se encuentra a Vila Real encaramada en colinas rocosas, sobre la confluencia de los r\u00edos Corgo y Cabril. El museo fue fundado en 1985 y se ubica en un edificio del campus de la Universidad de Tr\u00e1s-os-Montes e Alto Douro. Se trata de una excelente forma de conocer los minerales, rocas y f\u00f3siles de todo Portugal. Adem\u00e1s, en Vila Real hay que pasear por su centro hist\u00f3rico, a lo largo de la avenida Carvalho Ara\u00fajo y ver el bello palacio de Mateus, la catedral de Vila Real y la casa donde naci\u00f3 Diogo C\u00e3o Escudeiro, explorador de la costa occidental de \u00c1frica entre 1482 y 1486.<\/p>\n\n\n\n<p>M\u00e1s al norte de Vila Real est\u00e1n <strong>Vila Pouca de Aguiar<\/strong>, enclavado entre las sierras del Alv\u00e3o y de la Padrela, en pleno Camino de Santiago; y <strong>Boticas<\/strong>. En el primero encontraremos un nuevo testimonio de la antigua presencia de los romanos en el Complejo Minero romano de Tresminas. Mientras que en las cinco aldeas que integran Boticas tenemos el Parque arqueol\u00f3gico del valle de Terva, que es todo un mundo por descubrir.<\/p>\n\n\n\n<h2 class=\"wp-block-heading title-rute\" id=\"h-hacia-la-frontera-con-espana\">Hacia la frontera con Espa\u00f1a<\/h2>\n\n\n\n<figure class=\"wp-block-embed is-type-video is-provider-youtube wp-block-embed-youtube wp-embed-aspect-16-9 wp-has-aspect-ratio\"><div class=\"wp-block-embed__wrapper\">\n<span class=\"gaE61UHoqf4PoZwR5tHTPyeh2fUYCAJh7q8TGkM0YSsxewBMjaKLtKsE9ASuyx230iF4GQm53cIJkOibNudDzbln\"><div class=\"video-shortcode\"><iframe title=\"Filme promocional do Terras de Cavaleiros Geoparque Mundial da UNESCO\" width=\"1200\" height=\"675\" src=\"https:\/\/www.youtube.com\/embed\/XiY9e3Y7oy8?start=1&#038;feature=oembed\" frameborder=\"0\" allow=\"accelerometer; autoplay; clipboard-write; encrypted-media; gyroscope; picture-in-picture; web-share\" referrerpolicy=\"strict-origin-when-cross-origin\" allowfullscreen><\/iframe><\/div><\/span>\n<\/div><\/figure>\n\n\n\n<p>Muy cerca de Espa\u00f1a se encuentra el <strong>Geoparque Terras De Cavaleiros<\/strong>, en Macedo de Cavaleiros, municipio donde la geolog\u00eda se combina a la perfecci\u00f3n con la naturaleza, los sabores intensos de la gastronom\u00eda (con, por ejemplo, los platos de caza, cazuelas secas con butelo, el pudin de casta\u00f1as o el arroz dulce), el arte y la tradici\u00f3n. Adem\u00e1s de las rutas geol\u00f3gicas, podremos disfrutar del monta\u00f1ismo y de la escalada, sin olvidarnos de disfrutar del paisaje protegido de la albufera.<\/p>\n\n\n\n<p>Hay hasta 42 geositios, concentrados sobre todo alrededor del monte de Morais y de la albufera. Uno de ellos es el <strong>Miradouro da Sra. Do Campo<\/strong>, desde el que podremos comprender los trazos m\u00e1s significativos de esta regi\u00f3n minera. Entre las rutas marcadas hay museos rurales y de arte sacro, como el que se encuentra instalado en la casa Falc\u00e3o, un solar del siglo XVIII en el centro de la ciudad donde se encuentra tambi\u00e9n la Oficina de Turismo.<\/p>\n\n\n\n<p>A poco menos de tres horas de Salamanca, y colindante al Parque Natural de Arribes del Duero, llegaremos a Torre de Moncorvo, famoso lugar por la amabilidad de sus habitantes. Visitaremos el <strong>Museo Do Ferro e Da Regiao de Moncorvo<\/strong>. Este es un buen enclave para asimilar la importancia minera de Portugal, pues en esta regi\u00f3n de se halla uno de los mayores dep\u00f3sitos de hierro de todo Europa. Esta riqueza mineral fue explotada desde la \u00e9poca romana; pero la extracci\u00f3n a gran escala aconteci\u00f3 entre 1951 y los primeros a\u00f1os 80 del XX. El museo contextualiza esta larga historia.<\/p>\n\n\n\n<h2 class=\"wp-block-heading\" id=\"h-mas-sobre-geoparques-en-espana\">M\u00e1s sobre Geoparques en Espa\u00f1a<\/h2>\n\n\n<section class=\"wp-block-ub-post-grid ub-block-post-grid align  is-equal-height preserve-post-image-aspect-ratio\" style=\"\" id=\"ub-post-grid-\"><div class=\"ub-post-grid-items is-list\" style=\"row-gap: 32px; column-gap: 32px; \"><article id=\"post-39185\" class=\"ub-post-grid-item post-39185 post type-post status-publish format-standard has-post-thumbnail hentry category-rutas-y-excursiones tag-alto-tajo tag-articulo tag-que-ver-en-castilla-la-mancha tag-familia tag-geologia tag-geoparque tag-que-ver-en-guadalajara tag-parque-natural-del-alto-tajo tag-parques-naturales tag-rio-gallo tag-senderismo\" style=\"\"><div class=\"ub-block-post-grid-image\" style=\"\"><a href=\"https:\/\/www.escapadarural.com\/blog\/ruta-por-el-barranco-de-la-hoz-de-corduente-en-guadalajara-patrimonio-geologico-mundial\/\" rel=\"bookmark\" aria-hidden=\"true\" tabindex=\"-1\"><img loading=\"lazy\" decoding=\"async\" width=\"1024\" height=\"683\" src=\"https:\/\/www.escapadarural.com\/blog\/wp-content\/uploads\/2024\/10\/AdobeStock_254268988-1024x683-2.jpeg\" class=\"attachment-full size-full\" alt=\"Acantilados de roca roja se alzan tras \u00e1rboles sin hojas y pinos verdes bajo un cielo parcialmente nublado, con un amplio campo seco y marr\u00f3n en primer plano.\" style=\"max-width: 600px; \" srcset=\"https:\/\/www.escapadarural.com\/blog\/wp-content\/uploads\/2024\/10\/AdobeStock_254268988-1024x683-2-200x133.jpeg 200w, https:\/\/www.escapadarural.com\/blog\/wp-content\/uploads\/2024\/10\/AdobeStock_254268988-1024x683-2-300x200.jpeg 300w, https:\/\/www.escapadarural.com\/blog\/wp-content\/uploads\/2024\/10\/AdobeStock_254268988-1024x683-2-400x267.jpeg 400w, https:\/\/www.escapadarural.com\/blog\/wp-content\/uploads\/2024\/10\/AdobeStock_254268988-1024x683-2-600x400.jpeg 600w, https:\/\/www.escapadarural.com\/blog\/wp-content\/uploads\/2024\/10\/AdobeStock_254268988-1024x683-2-768x512.jpeg 768w, https:\/\/www.escapadarural.com\/blog\/wp-content\/uploads\/2024\/10\/AdobeStock_254268988-1024x683-2-800x534.jpeg 800w, https:\/\/www.escapadarural.com\/blog\/wp-content\/uploads\/2024\/10\/AdobeStock_254268988-1024x683-2.jpeg 1024w\" sizes=\"auto, (max-width: 1024px) 100vw, 1024px\"><\/a><\/div><div class=\"ub-block-post-grid-text\" style=\"\"><div class=\"ub-block-post-grid-header-content\"><header class=\"ub-block-post-grid-header\"><h3 class=\"ub-block-post-grid-title\"><a style=\"\" href=\"https:\/\/www.escapadarural.com\/blog\/ruta-por-el-barranco-de-la-hoz-de-corduente-en-guadalajara-patrimonio-geologico-mundial\/\" rel=\"bookmark\">Ruta por el barranco de la Hoz de Corduente, Guadalajara, patrimonio geol\u00f3gico mundial<\/a><\/h3><\/header><\/div><div class=\"ub-block-post-grid-excerpt\"><div class=\"ub-block-post-grid-excerpt-text\" style=\"\"><p>Un gran ca\u00f1\u00f3n de tonos rojizos labrado por el r\u00edo Gallo compone el barranco de la Hoz de Corduente, en Guadalajara. Se trata de uno de los espacios de mayor valor geol\u00f3gico, ecol\u00f3gico y cultural del Parque Natural del Alto Tajo y forma parte del patrimonio geol\u00f3gico mundial. <\/p>\n<\/div><\/div><\/div><\/article>\n<article id=\"post-58782\" class=\"ub-post-grid-item post-58782 post type-post status-publish format-standard has-post-thumbnail hentry category-destinos tag-espacios-naturales tag-geoparque tag-humedales tag-lagos tag-listado tag-lo-mas-leido-en-febrero tag-naturaleza\" style=\"\"><div class=\"ub-block-post-grid-image\" style=\"\"><a href=\"https:\/\/www.escapadarural.com\/blog\/espacios-naturales-en-espana\/\" rel=\"bookmark\" aria-hidden=\"true\" tabindex=\"-1\"><img loading=\"lazy\" decoding=\"async\" width=\"1024\" height=\"430\" src=\"https:\/\/www.escapadarural.com\/blog\/wp-content\/uploads\/2024\/10\/lagunas-de-naila-burgos-1024x430-1.jpg\" class=\"attachment-full size-full\" alt=\"Vista panor\u00e1mica de dos lagos de monta\u00f1a rodeados de bosques y colinas rocosas, con cordilleras distantes bajo un cielo parcialmente nublado.\" style=\"max-width: 600px; \" srcset=\"https:\/\/www.escapadarural.com\/blog\/wp-content\/uploads\/2024\/10\/lagunas-de-naila-burgos-1024x430-1-200x84.jpg 200w, https:\/\/www.escapadarural.com\/blog\/wp-content\/uploads\/2024\/10\/lagunas-de-naila-burgos-1024x430-1-300x126.jpg 300w, https:\/\/www.escapadarural.com\/blog\/wp-content\/uploads\/2024\/10\/lagunas-de-naila-burgos-1024x430-1-400x168.jpg 400w, https:\/\/www.escapadarural.com\/blog\/wp-content\/uploads\/2024\/10\/lagunas-de-naila-burgos-1024x430-1-600x252.jpg 600w, https:\/\/www.escapadarural.com\/blog\/wp-content\/uploads\/2024\/10\/lagunas-de-naila-burgos-1024x430-1-768x323.jpg 768w, https:\/\/www.escapadarural.com\/blog\/wp-content\/uploads\/2024\/10\/lagunas-de-naila-burgos-1024x430-1-800x336.jpg 800w, https:\/\/www.escapadarural.com\/blog\/wp-content\/uploads\/2024\/10\/lagunas-de-naila-burgos-1024x430-1.jpg 1024w\" sizes=\"auto, (max-width: 1024px) 100vw, 1024px\"><\/a><\/div><div class=\"ub-block-post-grid-text\" style=\"\"><div class=\"ub-block-post-grid-header-content\"><header class=\"ub-block-post-grid-header\"><h3 class=\"ub-block-post-grid-title\"><a style=\"\" href=\"https:\/\/www.escapadarural.com\/blog\/espacios-naturales-en-espana\/\" rel=\"bookmark\">6 espacios naturales en Espa\u00f1a con paisajes sorprendentes<\/a><\/h3><\/header><\/div><div class=\"ub-block-post-grid-excerpt\"><div class=\"ub-block-post-grid-excerpt-text\" style=\"\"><p>Estos espacios naturales en Espa\u00f1a tienen gran valor cient\u00edfico, educativo y cultural. Son imprescindibles para salvaguardar la diversidad biol\u00f3gica. <\/p>\n<\/div><\/div><\/div><\/article>\n<article id=\"post-9238\" class=\"ub-post-grid-item post-9238 post type-post status-publish format-standard has-post-thumbnail hentry category-destinos tag-costa tag-costa-vasca tag-euskadi tag-flysch tag-geologia tag-geoparque tag-guipuzcoa tag-imprescindibles tag-imprescindibles-pais-vasco tag-planes-en-el-pais-vasco tag-que-ver-en-pais-vasco tag-zumaia\" style=\"\"><div class=\"ub-block-post-grid-image\" style=\"\"><a href=\"https:\/\/www.escapadarural.com\/blog\/flysch-los-acantilados-que-recogen-la-historia-de-la-tierra\/\" rel=\"bookmark\" aria-hidden=\"true\" tabindex=\"-1\"><img loading=\"lazy\" decoding=\"async\" width=\"1024\" height=\"684\" src=\"https:\/\/www.escapadarural.com\/blog\/wp-content\/uploads\/2022\/04\/05_Gaztelugatxe_Noradoa_AdobeStock_212739305_WP05.webp\" class=\"attachment-full size-full\" alt=\"Formaciones de flysch al pie de San Juan de Gaztelugatxe.\" style=\"max-width: 600px; \" srcset=\"https:\/\/www.escapadarural.com\/blog\/wp-content\/uploads\/2022\/04\/05_Gaztelugatxe_Noradoa_AdobeStock_212739305_WP05-200x134.webp 200w, https:\/\/www.escapadarural.com\/blog\/wp-content\/uploads\/2022\/04\/05_Gaztelugatxe_Noradoa_AdobeStock_212739305_WP05-300x200.webp 300w, https:\/\/www.escapadarural.com\/blog\/wp-content\/uploads\/2022\/04\/05_Gaztelugatxe_Noradoa_AdobeStock_212739305_WP05-400x267.webp 400w, https:\/\/www.escapadarural.com\/blog\/wp-content\/uploads\/2022\/04\/05_Gaztelugatxe_Noradoa_AdobeStock_212739305_WP05-600x401.webp 600w, https:\/\/www.escapadarural.com\/blog\/wp-content\/uploads\/2022\/04\/05_Gaztelugatxe_Noradoa_AdobeStock_212739305_WP05-768x513.webp 768w, https:\/\/www.escapadarural.com\/blog\/wp-content\/uploads\/2022\/04\/05_Gaztelugatxe_Noradoa_AdobeStock_212739305_WP05-800x534.webp 800w, https:\/\/www.escapadarural.com\/blog\/wp-content\/uploads\/2022\/04\/05_Gaztelugatxe_Noradoa_AdobeStock_212739305_WP05.webp 1024w\" sizes=\"auto, (max-width: 1024px) 100vw, 1024px\"><\/a><\/div><div class=\"ub-block-post-grid-text\" style=\"\"><div class=\"ub-block-post-grid-header-content\"><header class=\"ub-block-post-grid-header\"><h3 class=\"ub-block-post-grid-title\"><a style=\"\" href=\"https:\/\/www.escapadarural.com\/blog\/flysch-los-acantilados-que-recogen-la-historia-de-la-tierra\/\" rel=\"bookmark\">Flysch, los acantilados que recogen la Historia de la Tierra<\/a><\/h3><\/header><\/div><div class=\"ub-block-post-grid-excerpt\"><div class=\"ub-block-post-grid-excerpt-text\" style=\"\"><p>Uno de los paisajes m\u00e1s sobrecogedores de la costa vasca es el que forman los acantilados del Flysch. Trece kil\u00f3metros de incalculable valor geol\u00f3gico que recorren el litoral de Guip\u00fazcoa entre las localidades de Deba y Zumaia ofreciendo a su paso escenarios de indiscutible fotogenia. Un tesoro natural admirado a partes iguales por fot\u00f3grafos y ge\u00f3logos y cuya espectacularidad llega a emocionar.<\/p>\n<\/div><\/div><\/div><\/article>\n<article id=\"post-11680\" class=\"ub-post-grid-item post-11680 post type-post status-publish format-standard has-post-thumbnail hentry category-destinos tag-costa-vasca tag-geoparque tag-geoturismo tag-listado tag-pirineos tag-sierra-norte\" style=\"\"><div class=\"ub-block-post-grid-image\" style=\"\"><a href=\"https:\/\/www.escapadarural.com\/blog\/una-visita-a-los-geoparques-de-espana\/\" rel=\"bookmark\" aria-hidden=\"true\" tabindex=\"-1\"><img loading=\"lazy\" decoding=\"async\" width=\"500\" height=\"333\" src=\"https:\/\/www.escapadarural.com\/blog\/wp-content\/uploads\/2020\/04\/sobrarbe-1.jpg\" class=\"attachment-full size-full\" alt=\"Geoparque del Sobrarbe, Huesca\" style=\"max-width: 600px; \" srcset=\"https:\/\/www.escapadarural.com\/blog\/wp-content\/uploads\/2020\/04\/sobrarbe-1-200x133.jpg 200w, https:\/\/www.escapadarural.com\/blog\/wp-content\/uploads\/2020\/04\/sobrarbe-1-300x200.jpg 300w, https:\/\/www.escapadarural.com\/blog\/wp-content\/uploads\/2020\/04\/sobrarbe-1-400x266.jpg 400w, https:\/\/www.escapadarural.com\/blog\/wp-content\/uploads\/2020\/04\/sobrarbe-1.jpg 500w\" sizes=\"auto, (max-width: 500px) 100vw, 500px\"><\/a><\/div><div class=\"ub-block-post-grid-text\" style=\"\"><div class=\"ub-block-post-grid-header-content\"><header class=\"ub-block-post-grid-header\"><h3 class=\"ub-block-post-grid-title\"><a style=\"\" href=\"https:\/\/www.escapadarural.com\/blog\/una-visita-a-los-geoparques-de-espana\/\" rel=\"bookmark\">Una visita a 12 geoparques de Espa\u00f1a<\/a><\/h3><\/header><\/div><div class=\"ub-block-post-grid-excerpt\"><div class=\"ub-block-post-grid-excerpt-text\" style=\"\"><p>Los Geoparques Mundiales de la Unesco nos cuentan la historia de 4.500 millones de a\u00f1os del planeta. Adem\u00e1s, son un excelente plan para tu pr\u00f3xima escapada rural. Estos son los doce geoparques espa\u00f1oles que se pueden visitar en la actualidad. En todo caso, mucho m\u00e1s que piedras.<\/p>\n<\/div><\/div><\/div><\/article>\n<article id=\"post-2988\" class=\"ub-post-grid-item post-2988 post type-post status-publish format-standard has-post-thumbnail hentry category-destinos tag-aliaga tag-que-ver-en-aragon tag-articulo tag-espana tag-geoparque tag-que-ver-en-teruel\" style=\"\"><div class=\"ub-block-post-grid-image\" style=\"\"><a href=\"https:\/\/www.escapadarural.com\/blog\/aliaga-el-primer-geoparque-de-espana\/\" rel=\"bookmark\" aria-hidden=\"true\" tabindex=\"-1\"><img loading=\"lazy\" decoding=\"async\" width=\"1024\" height=\"786\" src=\"https:\/\/www.escapadarural.com\/blog\/wp-content\/uploads\/2024\/10\/Aliaga-2-1.jpg\" class=\"attachment-full size-full\" alt=\"Un castillo de piedra en ruinas se asienta sobre una ladera rocosa rodeada de monta\u00f1as escarpadas, con manchas de \u00e1rboles verdes y campos en el valle de abajo. En la esquina inferior derecha se ve un peque\u00f1o pueblo con una torre de iglesia.\" style=\"max-width: 600px; \" srcset=\"https:\/\/www.escapadarural.com\/blog\/wp-content\/uploads\/2024\/10\/Aliaga-2-1-200x154.jpg 200w, https:\/\/www.escapadarural.com\/blog\/wp-content\/uploads\/2024\/10\/Aliaga-2-1-300x230.jpg 300w, https:\/\/www.escapadarural.com\/blog\/wp-content\/uploads\/2024\/10\/Aliaga-2-1-400x307.jpg 400w, https:\/\/www.escapadarural.com\/blog\/wp-content\/uploads\/2024\/10\/Aliaga-2-1-600x461.jpg 600w, https:\/\/www.escapadarural.com\/blog\/wp-content\/uploads\/2024\/10\/Aliaga-2-1-768x590.jpg 768w, https:\/\/www.escapadarural.com\/blog\/wp-content\/uploads\/2024\/10\/Aliaga-2-1-800x614.jpg 800w, https:\/\/www.escapadarural.com\/blog\/wp-content\/uploads\/2024\/10\/Aliaga-2-1.jpg 1024w\" sizes=\"auto, (max-width: 1024px) 100vw, 1024px\"><\/a><\/div><div class=\"ub-block-post-grid-text\" style=\"\"><div class=\"ub-block-post-grid-header-content\"><header class=\"ub-block-post-grid-header\"><h3 class=\"ub-block-post-grid-title\"><a style=\"\" href=\"https:\/\/www.escapadarural.com\/blog\/aliaga-el-primer-geoparque-de-espana\/\" rel=\"bookmark\">Aliaga, el primer Geoparque de Espa\u00f1a<\/a><\/h3><\/header><\/div><div class=\"ub-block-post-grid-excerpt\"><div class=\"ub-block-post-grid-excerpt-text\" style=\"\"><p>Un Geoparque es un mirador para contemplar los \u00faltimos 200 millones de a\u00f1os de historia del planeta. El de Aliaga es\u2026<\/p>\n<\/div><\/div><\/div><\/article>\n<\/div><\/section>","protected":false},"excerpt":{"rendered":"<p>Geoturismo, una forma diferente de conocer Portugal. Esto es lo que promueven las diferentes iniciativas locales a trav\u00e9s de una ruta que nos lleva por un entorno patrimonial \u00fanico de minas y puntos de inter\u00e9s geol\u00f3gico. <\/p>\n","protected":false},"author":112,"featured_media":185075,"comment_status":"open","ping_status":"closed","sticky":false,"template":"","format":"standard","meta":{"_acf_changed":false,"om_disable_all_campaigns":false,"footnotes":""},"categories":[191],"tags":[787,2180,2181,922,2182,1382,538,2183],"class_list":["post-9439","post","type-post","status-publish","format-standard","has-post-thumbnail","hentry","category-destinos","tag-geoparque","tag-geoparque-arouca","tag-geoparque-terras-de-cavaleiros","tag-geoturismo","tag-norte-de-portugal","tag-oporto","tag-portugal","tag-vila-real"],"acf":[],"featured_image_src":"https:\/\/www.escapadarural.com\/blog\/wp-content\/uploads\/2024\/12\/Arena-coloreada-en-Geoparque-Alto-Tajo.-Por-jaime-scaled.jpeg","author_info":{"display_name":"Jos\u00e9 Alejandro Adamuz","author_link":"https:\/\/www.escapadarural.com\/blog\/autor\/josealejandro\/"},"yoast_head":"<!-- This site is optimized with the Yoast SEO plugin v27.5 - https:\/\/yoast.com\/product\/yoast-seo-wordpress\/ -->\n<title>Minas y geolog\u00eda en Regi\u00f3n Norte - EscapadaRural<\/title>\n<meta name=\"robots\" content=\"index, follow, max-snippet:-1, max-image-preview:large, max-video-preview:-1\" \/>\n<link rel=\"canonical\" href=\"https:\/\/www.escapadarural.com\/blog\/minas-y-geologia-en-region-norte\/\" \/>\n<meta property=\"og:locale\" content=\"es_ES\" \/>\n<meta property=\"og:type\" content=\"article\" \/>\n<meta property=\"og:title\" content=\"Minas y geolog\u00eda en Regi\u00f3n Norte - EscapadaRural\" \/>\n<meta property=\"og:description\" content=\"Geoturismo, una forma diferente de conocer Portugal. Esto es lo que promueven las diferentes iniciativas locales a trav\u00e9s de una ruta que nos lleva por un entorno patrimonial \u00fanico de minas y puntos de inter\u00e9s geol\u00f3gico.\" \/>\n<meta property=\"og:url\" content=\"https:\/\/www.escapadarural.com\/blog\/minas-y-geologia-en-region-norte\/\" \/>\n<meta property=\"og:site_name\" content=\"Magazine de viajes de EscapadaRural\" \/>\n<meta property=\"article:publisher\" content=\"https:\/\/www.facebook.com\/escapadarural\" \/>\n<meta property=\"article:published_time\" content=\"2018-11-29T09:30:33+00:00\" \/>\n<meta property=\"article:modified_time\" content=\"2025-07-17T13:55:55+00:00\" \/>\n<meta property=\"og:image\" content=\"https:\/\/www.escapadarural.com\/blog\/wp-content\/uploads\/2024\/12\/Arena-coloreada-en-Geoparque-Alto-Tajo.-Por-jaime-scaled.jpeg?v=1752760556\" \/>\n\t<meta property=\"og:image:width\" content=\"2048\" \/>\n\t<meta property=\"og:image:height\" content=\"1536\" \/>\n\t<meta property=\"og:image:type\" content=\"image\/jpeg\" \/>\n<meta name=\"author\" content=\"Jos\u00e9 Alejandro Adamuz\" \/>\n<meta name=\"twitter:card\" content=\"summary_large_image\" \/>\n<meta name=\"twitter:label1\" content=\"Escrito por\" \/>\n\t<meta name=\"twitter:data1\" content=\"Jos\u00e9 Alejandro Adamuz\" \/>\n\t<meta name=\"twitter:label2\" content=\"Tiempo de lectura\" \/>\n\t<meta name=\"twitter:data2\" content=\"9 minutos\" \/>\n<script type=\"application\/ld+json\" class=\"yoast-schema-graph\">{\"@context\":\"https:\\\/\\\/schema.org\",\"@graph\":[{\"@type\":\"Article\",\"@id\":\"https:\\\/\\\/www.escapadarural.com\\\/blog\\\/minas-y-geologia-en-region-norte\\\/#article\",\"isPartOf\":{\"@id\":\"https:\\\/\\\/www.escapadarural.com\\\/blog\\\/minas-y-geologia-en-region-norte\\\/\"},\"author\":{\"name\":\"Jos\u00e9 Alejandro Adamuz\",\"@id\":\"https:\\\/\\\/www.escapadarural.com\\\/blog\\\/#\\\/schema\\\/person\\\/ac6969ba5ab90987dda9465be409d6b3\"},\"headline\":\"Minas y geolog\u00eda en Regi\u00f3n Norte\",\"datePublished\":\"2018-11-29T09:30:33+00:00\",\"dateModified\":\"2025-07-17T13:55:55+00:00\",\"mainEntityOfPage\":{\"@id\":\"https:\\\/\\\/www.escapadarural.com\\\/blog\\\/minas-y-geologia-en-region-norte\\\/\"},\"wordCount\":1726,\"commentCount\":0,\"publisher\":{\"@id\":\"https:\\\/\\\/www.escapadarural.com\\\/blog\\\/#organization\"},\"image\":{\"@id\":\"https:\\\/\\\/www.escapadarural.com\\\/blog\\\/minas-y-geologia-en-region-norte\\\/#primaryimage\"},\"thumbnailUrl\":\"https:\\\/\\\/www.escapadarural.com\\\/blog\\\/wp-content\\\/uploads\\\/2024\\\/12\\\/Arena-coloreada-en-Geoparque-Alto-Tajo.-Por-jaime-scaled.jpeg\",\"keywords\":[\"Geoparque\",\"Geoparque Arouca\",\"Geoparque Terras de Cavaleiros\",\"Geoturismo\",\"Norte de Portugal\",\"Oporto\",\"portugal\",\"Vila Real\"],\"articleSection\":[\"Destinos\"],\"inLanguage\":\"es\",\"potentialAction\":[{\"@type\":\"CommentAction\",\"name\":\"Comment\",\"target\":[\"https:\\\/\\\/www.escapadarural.com\\\/blog\\\/minas-y-geologia-en-region-norte\\\/#respond\"]}]},{\"@type\":\"WebPage\",\"@id\":\"https:\\\/\\\/www.escapadarural.com\\\/blog\\\/minas-y-geologia-en-region-norte\\\/\",\"url\":\"https:\\\/\\\/www.escapadarural.com\\\/blog\\\/minas-y-geologia-en-region-norte\\\/\",\"name\":\"Minas y geolog\u00eda en Regi\u00f3n Norte - EscapadaRural\",\"isPartOf\":{\"@id\":\"https:\\\/\\\/www.escapadarural.com\\\/blog\\\/#website\"},\"primaryImageOfPage\":{\"@id\":\"https:\\\/\\\/www.escapadarural.com\\\/blog\\\/minas-y-geologia-en-region-norte\\\/#primaryimage\"},\"image\":{\"@id\":\"https:\\\/\\\/www.escapadarural.com\\\/blog\\\/minas-y-geologia-en-region-norte\\\/#primaryimage\"},\"thumbnailUrl\":\"https:\\\/\\\/www.escapadarural.com\\\/blog\\\/wp-content\\\/uploads\\\/2024\\\/12\\\/Arena-coloreada-en-Geoparque-Alto-Tajo.-Por-jaime-scaled.jpeg\",\"datePublished\":\"2018-11-29T09:30:33+00:00\",\"dateModified\":\"2025-07-17T13:55:55+00:00\",\"breadcrumb\":{\"@id\":\"https:\\\/\\\/www.escapadarural.com\\\/blog\\\/minas-y-geologia-en-region-norte\\\/#breadcrumb\"},\"inLanguage\":\"es\",\"potentialAction\":[{\"@type\":\"ReadAction\",\"target\":[\"https:\\\/\\\/www.escapadarural.com\\\/blog\\\/minas-y-geologia-en-region-norte\\\/\"]}]},{\"@type\":\"ImageObject\",\"inLanguage\":\"es\",\"@id\":\"https:\\\/\\\/www.escapadarural.com\\\/blog\\\/minas-y-geologia-en-region-norte\\\/#primaryimage\",\"url\":\"https:\\\/\\\/www.escapadarural.com\\\/blog\\\/wp-content\\\/uploads\\\/2024\\\/12\\\/Arena-coloreada-en-Geoparque-Alto-Tajo.-Por-jaime-scaled.jpeg\",\"contentUrl\":\"https:\\\/\\\/www.escapadarural.com\\\/blog\\\/wp-content\\\/uploads\\\/2024\\\/12\\\/Arena-coloreada-en-Geoparque-Alto-Tajo.-Por-jaime-scaled.jpeg\",\"width\":2048,\"height\":1536,\"caption\":\"Arena coloreda en geoparque Pe\u00f1alen, Molina de Arag\u00f3n, Guadalajara\"},{\"@type\":\"BreadcrumbList\",\"@id\":\"https:\\\/\\\/www.escapadarural.com\\\/blog\\\/minas-y-geologia-en-region-norte\\\/#breadcrumb\",\"itemListElement\":[{\"@type\":\"ListItem\",\"position\":1,\"name\":\"Inicio\",\"item\":\"https:\\\/\\\/www.escapadarural.com\\\/blog\\\/\"},{\"@type\":\"ListItem\",\"position\":2,\"name\":\"Destinos\",\"item\":\"https:\\\/\\\/www.escapadarural.com\\\/blog\\\/categoria\\\/destinos\\\/\"},{\"@type\":\"ListItem\",\"position\":3,\"name\":\"Minas y geolog\u00eda en Regi\u00f3n Norte\"}]},{\"@type\":\"WebSite\",\"@id\":\"https:\\\/\\\/www.escapadarural.com\\\/blog\\\/#website\",\"url\":\"https:\\\/\\\/www.escapadarural.com\\\/blog\\\/\",\"name\":\"Blog de viajes | turismo rural, alojamientos e inspiraci\u00f3n\",\"description\":\"Alojamientos rurales e inspiraci\u00f3n para tus escapadas\",\"publisher\":{\"@id\":\"https:\\\/\\\/www.escapadarural.com\\\/blog\\\/#organization\"},\"alternateName\":\"Magazine de viajes de EscapadaRural\",\"potentialAction\":[{\"@type\":\"SearchAction\",\"target\":{\"@type\":\"EntryPoint\",\"urlTemplate\":\"https:\\\/\\\/www.escapadarural.com\\\/blog\\\/?s={search_term_string}\"},\"query-input\":{\"@type\":\"PropertyValueSpecification\",\"valueRequired\":true,\"valueName\":\"search_term_string\"}}],\"inLanguage\":\"es\"},{\"@type\":\"Organization\",\"@id\":\"https:\\\/\\\/www.escapadarural.com\\\/blog\\\/#organization\",\"name\":\"EscapadaRural\",\"url\":\"https:\\\/\\\/www.escapadarural.com\\\/blog\\\/\",\"logo\":{\"@type\":\"ImageObject\",\"inLanguage\":\"es\",\"@id\":\"https:\\\/\\\/www.escapadarural.com\\\/blog\\\/#\\\/schema\\\/logo\\\/image\\\/\",\"url\":\"https:\\\/\\\/www.escapadarural.com\\\/blog\\\/wp-content\\\/uploads\\\/2024\\\/10\\\/cropped-cropped-escapada-rural-icon-mag-3.png\",\"contentUrl\":\"https:\\\/\\\/www.escapadarural.com\\\/blog\\\/wp-content\\\/uploads\\\/2024\\\/10\\\/cropped-cropped-escapada-rural-icon-mag-3.png\",\"width\":512,\"height\":512,\"caption\":\"EscapadaRural\"},\"image\":{\"@id\":\"https:\\\/\\\/www.escapadarural.com\\\/blog\\\/#\\\/schema\\\/logo\\\/image\\\/\"},\"sameAs\":[\"https:\\\/\\\/www.facebook.com\\\/escapadarural\",\"https:\\\/\\\/www.instagram.com\\\/escapadarural\\\/\",\"https:\\\/\\\/www.youtube.com\\\/@escapadaruralcom\"]},{\"@type\":\"Person\",\"@id\":\"https:\\\/\\\/www.escapadarural.com\\\/blog\\\/#\\\/schema\\\/person\\\/ac6969ba5ab90987dda9465be409d6b3\",\"name\":\"Jos\u00e9 Alejandro Adamuz\",\"image\":{\"@type\":\"ImageObject\",\"inLanguage\":\"es\",\"@id\":\"https:\\\/\\\/www.escapadarural.com\\\/blog\\\/wp-content\\\/uploads\\\/2025\\\/02\\\/cropped-jose_alejandro_viajar-96x96.webp\",\"url\":\"https:\\\/\\\/www.escapadarural.com\\\/blog\\\/wp-content\\\/uploads\\\/2025\\\/02\\\/cropped-jose_alejandro_viajar-96x96.webp\",\"contentUrl\":\"https:\\\/\\\/www.escapadarural.com\\\/blog\\\/wp-content\\\/uploads\\\/2025\\\/02\\\/cropped-jose_alejandro_viajar-96x96.webp\",\"caption\":\"Jos\u00e9 Alejandro Adamuz\"},\"description\":\"Soy licenciado en filolog\u00eda hisp\u00e1nica y periodista por vocaci\u00f3n. Tambi\u00e9n soy disl\u00e9xico, por lo que suelo confundir la derecha con la izquierda y los kil\u00f3metros con la literatura. Pero de momento me va bien as\u00ed. Colaboro habitualmente en diferentes medios haciendo cr\u00f3nica de viajes y periodismo cultural. Me gusta que los viajes cuenten historias y que las historias me hagan viajar.\",\"sameAs\":[\"https:\\\/\\\/viviratodaletra.com\\\/\"],\"url\":\"https:\\\/\\\/www.escapadarural.com\\\/blog\\\/autor\\\/josealejandro\\\/\"}]}<\/script>\n<!-- \/ Yoast SEO plugin. -->","yoast_head_json":{"title":"Minas y geolog\u00eda en Regi\u00f3n Norte - EscapadaRural","robots":{"index":"index","follow":"follow","max-snippet":"max-snippet:-1","max-image-preview":"max-image-preview:large","max-video-preview":"max-video-preview:-1"},"canonical":"https:\/\/www.escapadarural.com\/blog\/minas-y-geologia-en-region-norte\/","og_locale":"es_ES","og_type":"article","og_title":"Minas y geolog\u00eda en Regi\u00f3n Norte - EscapadaRural","og_description":"Geoturismo, una forma diferente de conocer Portugal. Esto es lo que promueven las diferentes iniciativas locales a trav\u00e9s de una ruta que nos lleva por un entorno patrimonial \u00fanico de minas y puntos de inter\u00e9s geol\u00f3gico.","og_url":"https:\/\/www.escapadarural.com\/blog\/minas-y-geologia-en-region-norte\/","og_site_name":"Magazine de viajes de EscapadaRural","article_publisher":"https:\/\/www.facebook.com\/escapadarural","article_published_time":"2018-11-29T09:30:33+00:00","article_modified_time":"2025-07-17T13:55:55+00:00","og_image":[{"width":2048,"height":1536,"url":"https:\/\/www.escapadarural.com\/blog\/wp-content\/uploads\/2024\/12\/Arena-coloreada-en-Geoparque-Alto-Tajo.-Por-jaime-scaled.jpeg?v=1752760556","type":"image\/jpeg"}],"author":"Jos\u00e9 Alejandro Adamuz","twitter_card":"summary_large_image","twitter_misc":{"Escrito por":"Jos\u00e9 Alejandro Adamuz","Tiempo de lectura":"9 minutos"},"schema":{"@context":"https:\/\/schema.org","@graph":[{"@type":"Article","@id":"https:\/\/www.escapadarural.com\/blog\/minas-y-geologia-en-region-norte\/#article","isPartOf":{"@id":"https:\/\/www.escapadarural.com\/blog\/minas-y-geologia-en-region-norte\/"},"author":{"name":"Jos\u00e9 Alejandro Adamuz","@id":"https:\/\/www.escapadarural.com\/blog\/#\/schema\/person\/ac6969ba5ab90987dda9465be409d6b3"},"headline":"Minas y geolog\u00eda en Regi\u00f3n Norte","datePublished":"2018-11-29T09:30:33+00:00","dateModified":"2025-07-17T13:55:55+00:00","mainEntityOfPage":{"@id":"https:\/\/www.escapadarural.com\/blog\/minas-y-geologia-en-region-norte\/"},"wordCount":1726,"commentCount":0,"publisher":{"@id":"https:\/\/www.escapadarural.com\/blog\/#organization"},"image":{"@id":"https:\/\/www.escapadarural.com\/blog\/minas-y-geologia-en-region-norte\/#primaryimage"},"thumbnailUrl":"https:\/\/www.escapadarural.com\/blog\/wp-content\/uploads\/2024\/12\/Arena-coloreada-en-Geoparque-Alto-Tajo.-Por-jaime-scaled.jpeg","keywords":["Geoparque","Geoparque Arouca","Geoparque Terras de Cavaleiros","Geoturismo","Norte de Portugal","Oporto","portugal","Vila Real"],"articleSection":["Destinos"],"inLanguage":"es","potentialAction":[{"@type":"CommentAction","name":"Comment","target":["https:\/\/www.escapadarural.com\/blog\/minas-y-geologia-en-region-norte\/#respond"]}]},{"@type":"WebPage","@id":"https:\/\/www.escapadarural.com\/blog\/minas-y-geologia-en-region-norte\/","url":"https:\/\/www.escapadarural.com\/blog\/minas-y-geologia-en-region-norte\/","name":"Minas y geolog\u00eda en Regi\u00f3n Norte - EscapadaRural","isPartOf":{"@id":"https:\/\/www.escapadarural.com\/blog\/#website"},"primaryImageOfPage":{"@id":"https:\/\/www.escapadarural.com\/blog\/minas-y-geologia-en-region-norte\/#primaryimage"},"image":{"@id":"https:\/\/www.escapadarural.com\/blog\/minas-y-geologia-en-region-norte\/#primaryimage"},"thumbnailUrl":"https:\/\/www.escapadarural.com\/blog\/wp-content\/uploads\/2024\/12\/Arena-coloreada-en-Geoparque-Alto-Tajo.-Por-jaime-scaled.jpeg","datePublished":"2018-11-29T09:30:33+00:00","dateModified":"2025-07-17T13:55:55+00:00","breadcrumb":{"@id":"https:\/\/www.escapadarural.com\/blog\/minas-y-geologia-en-region-norte\/#breadcrumb"},"inLanguage":"es","potentialAction":[{"@type":"ReadAction","target":["https:\/\/www.escapadarural.com\/blog\/minas-y-geologia-en-region-norte\/"]}]},{"@type":"ImageObject","inLanguage":"es","@id":"https:\/\/www.escapadarural.com\/blog\/minas-y-geologia-en-region-norte\/#primaryimage","url":"https:\/\/www.escapadarural.com\/blog\/wp-content\/uploads\/2024\/12\/Arena-coloreada-en-Geoparque-Alto-Tajo.-Por-jaime-scaled.jpeg","contentUrl":"https:\/\/www.escapadarural.com\/blog\/wp-content\/uploads\/2024\/12\/Arena-coloreada-en-Geoparque-Alto-Tajo.-Por-jaime-scaled.jpeg","width":2048,"height":1536,"caption":"Arena coloreda en geoparque Pe\u00f1alen, Molina de Arag\u00f3n, Guadalajara"},{"@type":"BreadcrumbList","@id":"https:\/\/www.escapadarural.com\/blog\/minas-y-geologia-en-region-norte\/#breadcrumb","itemListElement":[{"@type":"ListItem","position":1,"name":"Inicio","item":"https:\/\/www.escapadarural.com\/blog\/"},{"@type":"ListItem","position":2,"name":"Destinos","item":"https:\/\/www.escapadarural.com\/blog\/categoria\/destinos\/"},{"@type":"ListItem","position":3,"name":"Minas y geolog\u00eda en Regi\u00f3n Norte"}]},{"@type":"WebSite","@id":"https:\/\/www.escapadarural.com\/blog\/#website","url":"https:\/\/www.escapadarural.com\/blog\/","name":"Blog de viajes | turismo rural, alojamientos e inspiraci\u00f3n","description":"Alojamientos rurales e inspiraci\u00f3n para tus escapadas","publisher":{"@id":"https:\/\/www.escapadarural.com\/blog\/#organization"},"alternateName":"Magazine de viajes de EscapadaRural","potentialAction":[{"@type":"SearchAction","target":{"@type":"EntryPoint","urlTemplate":"https:\/\/www.escapadarural.com\/blog\/?s={search_term_string}"},"query-input":{"@type":"PropertyValueSpecification","valueRequired":true,"valueName":"search_term_string"}}],"inLanguage":"es"},{"@type":"Organization","@id":"https:\/\/www.escapadarural.com\/blog\/#organization","name":"EscapadaRural","url":"https:\/\/www.escapadarural.com\/blog\/","logo":{"@type":"ImageObject","inLanguage":"es","@id":"https:\/\/www.escapadarural.com\/blog\/#\/schema\/logo\/image\/","url":"https:\/\/www.escapadarural.com\/blog\/wp-content\/uploads\/2024\/10\/cropped-cropped-escapada-rural-icon-mag-3.png","contentUrl":"https:\/\/www.escapadarural.com\/blog\/wp-content\/uploads\/2024\/10\/cropped-cropped-escapada-rural-icon-mag-3.png","width":512,"height":512,"caption":"EscapadaRural"},"image":{"@id":"https:\/\/www.escapadarural.com\/blog\/#\/schema\/logo\/image\/"},"sameAs":["https:\/\/www.facebook.com\/escapadarural","https:\/\/www.instagram.com\/escapadarural\/","https:\/\/www.youtube.com\/@escapadaruralcom"]},{"@type":"Person","@id":"https:\/\/www.escapadarural.com\/blog\/#\/schema\/person\/ac6969ba5ab90987dda9465be409d6b3","name":"Jos\u00e9 Alejandro Adamuz","image":{"@type":"ImageObject","inLanguage":"es","@id":"https:\/\/www.escapadarural.com\/blog\/wp-content\/uploads\/2025\/02\/cropped-jose_alejandro_viajar-96x96.webp","url":"https:\/\/www.escapadarural.com\/blog\/wp-content\/uploads\/2025\/02\/cropped-jose_alejandro_viajar-96x96.webp","contentUrl":"https:\/\/www.escapadarural.com\/blog\/wp-content\/uploads\/2025\/02\/cropped-jose_alejandro_viajar-96x96.webp","caption":"Jos\u00e9 Alejandro Adamuz"},"description":"Soy licenciado en filolog\u00eda hisp\u00e1nica y periodista por vocaci\u00f3n. Tambi\u00e9n soy disl\u00e9xico, por lo que suelo confundir la derecha con la izquierda y los kil\u00f3metros con la literatura. Pero de momento me va bien as\u00ed. Colaboro habitualmente en diferentes medios haciendo cr\u00f3nica de viajes y periodismo cultural. Me gusta que los viajes cuenten historias y que las historias me hagan viajar.","sameAs":["https:\/\/viviratodaletra.com\/"],"url":"https:\/\/www.escapadarural.com\/blog\/autor\/josealejandro\/"}]}},"_links":{"self":[{"href":"https:\/\/www.escapadarural.com\/blog\/wp-json\/wp\/v2\/posts\/9439","targetHints":{"allow":["GET"]}}],"collection":[{"href":"https:\/\/www.escapadarural.com\/blog\/wp-json\/wp\/v2\/posts"}],"about":[{"href":"https:\/\/www.escapadarural.com\/blog\/wp-json\/wp\/v2\/types\/post"}],"author":[{"embeddable":true,"href":"https:\/\/www.escapadarural.com\/blog\/wp-json\/wp\/v2\/users\/112"}],"replies":[{"embeddable":true,"href":"https:\/\/www.escapadarural.com\/blog\/wp-json\/wp\/v2\/comments?post=9439"}],"version-history":[{"count":0,"href":"https:\/\/www.escapadarural.com\/blog\/wp-json\/wp\/v2\/posts\/9439\/revisions"}],"wp:featuredmedia":[{"embeddable":true,"href":"https:\/\/www.escapadarural.com\/blog\/wp-json\/wp\/v2\/media\/185075"}],"wp:attachment":[{"href":"https:\/\/www.escapadarural.com\/blog\/wp-json\/wp\/v2\/media?parent=9439"}],"wp:term":[{"taxonomy":"category","embeddable":true,"href":"https:\/\/www.escapadarural.com\/blog\/wp-json\/wp\/v2\/categories?post=9439"},{"taxonomy":"post_tag","embeddable":true,"href":"https:\/\/www.escapadarural.com\/blog\/wp-json\/wp\/v2\/tags?post=9439"}],"curies":[{"name":"wp","href":"https:\/\/api.w.org\/{rel}","templated":true}]}}