{"id":954,"date":"2011-02-25T18:25:45","date_gmt":"2011-02-25T18:25:45","guid":{"rendered":"http:\/\/15.188.81.248\/2011\/02\/25\/la-fiesta-dels-traginers-de-balsareny\/"},"modified":"2025-01-16T15:03:51","modified_gmt":"2025-01-16T13:03:51","slug":"la-fiesta-dels-traginers-de-balsareny","status":"publish","type":"post","link":"https:\/\/www.escapadarural.com\/blog\/la-fiesta-dels-traginers-de-balsareny\/","title":{"rendered":"La Fiesta dels Traginers de Balsareny"},"content":{"rendered":"\n<figure class=\"wp-block-image size-large\"><a href=\"https:\/\/www.escapadarural.com\/blog\/wp-content\/uploads\/2020\/12\/1280px-thumbnail.jpg\"><img decoding=\"async\" src=\"https:\/\/www.escapadarural.com\/blog\/wp-content\/uploads\/2011\/02\/1280px-thumbnail-1024x768-3-1.jpg\" alt=\"Fiesta dels Traginers\" class=\"wp-image-36143\"\/><\/a><figcaption class=\"wp-element-caption\">Por <a class=\"rank-math-link\" href=\"https:\/\/commons.wikimedia.org\/wiki\/File:Flickr_-_Converg%C3%A8ncia_Democr%C3%A0tica_de_Catalunya_-_Oriol_Pujol_des_del_balco_de_l'ajuntament_amb_traginers_del_a_cercavila_de_la_festa_del_traginer_de_Balsareny.jpg\" target=\"_blank\">Converg\u00e8ncia Democr\u00e0tica de Catalunya<\/a><\/figcaption><\/figure>\n\n\n\n<p><br>Junto a la <a href=\"\/blog\/la-fiesta-del-oso-y-el-rapto-de-mujeres\/\">Fiesta del Oso de la Catalunya Nord<\/a>, la Fiesta del <strong>Traginers<\/strong> de Balsareny es nuestra segunda propuesta para disfrutar del turismo rural en Catalu\u00f1a durante la \u00e9poca de Carnaval. En esta ocasi\u00f3n, se rememora el antiguo oficio y, especialmente, la figura del traginer.<\/p>\n\n\n\n<p>Se celebra durante el domingo previo a los carnavales, que este 2011 ser\u00e1 el <strong>27 de febrero<\/strong>. \u00bfD\u00f3nde? En Balsareny, t\u00e9rmino municipal de la comarca del Bages, en la provincia de Barcelona. La fiesta, heredera de las antiguas celebraciones dedicada a San Antonio (patr\u00f3n de los animales y de los traginers), est\u00e1 declarada como \u00abde Inter\u00e9s Tur\u00edstico\u00bb y \u00abFiesta tradicional de Inter\u00e9s Nacional\u00bb.<\/p>\n\n\n\n<!--more-->\n\n\n\n<p>La organizaci\u00f3n corre a cargo de una fabulosa colaboraci\u00f3n entre entidades locales y grupos de voluntarios adscritos a la Comisi\u00f3n de la Festa dels Traginers junto al Ayuntamiento de Balsareny.<\/p>\n\n\n\n<h3 class=\"wp-block-heading\">\u00bfQui\u00e9nes son <em>els Traginers<\/em>?<\/h3>\n\n\n\n<p>No imaginamos, por lo general, una vida en la que Internet no est\u00e9 presente en el d\u00eda a d\u00eda, ni tampoco podemos alegrarnos porque tenemos muchos de los productos b\u00e1sicos a nuestro alcance. Quiz\u00e1s con tan s\u00f3lo cruzar la acera ya podemos adquirir todo cuanto deseamos y si no sabemos d\u00f3nde est\u00e1 aquello que necesitamos lo podemos consultar en la Red.<\/p>\n\n\n\n<p>Pero, claro, no fue as\u00ed siempre. <em>Els traginers<\/em> fueron aquellos hombres que <strong>transportaban<\/strong> gran cantidad de mercanc\u00edas, ahora todas disponibles en los supermercados. Desde la propia casa, estos hombres marchaban con vino desde Balsareny y volv\u00edan con trigo, con cebada o con patatas, que de nuevo intercambiaban y vend\u00edan. Los mercados, los tradicionales de las plazas, contaban con ellos como proveedores.<\/p>\n\n\n\n<p>Por su labor, y para que le mundo moderno no devore con su olvido los antiguos oficios de tan honda importancia, se sigue celebrando hoy el <strong>Mercado del Traginer<\/strong> en la Plaza de la Mel de Balsareny.<\/p>\n\n\n\n<h3 class=\"wp-block-heading\">La Festa dels Traginers 2011<\/h3>\n\n\n\n<p>Durante la celebraci\u00f3n, en la Festa del Traginers se combinan actividades tradicionales y otras que han venido a completar a lo largo de los a\u00f1os el programa completo con el que cuenta hoy en d\u00eda. En <strong>1897<\/strong> se a\u00f1aden las actividades que ya forman parte indispensable de la celebraci\u00f3n como el desfile de caballer\u00edas, la bendici\u00f3n de los animales en la plaza de la iglesia y los bailes populares.<\/p>\n\n\n\n<p>A estas actividades se les a\u00f1aden otras m\u00e1s recientes que, a pesar de su novedad relativa, han sabido combinarse con el esp\u00edritu tradicional que anima la fiesta.<\/p>\n\n\n\n<figure class=\"wp-block-table\"><table><tbody><tr><th>Torrada del traginer<\/th><th>Ferrada i Esquilada<\/th><th>Mercat i Rebost del Traginer<\/th><th>Exposiciones y exhibiciones<\/th><\/tr><tr><td>Hogueras repartidas por el pueblo desde bien temprano ofrecen a los viajeros unos buenos desayunos t\u00edpicos: rebanadas de pan torrado con ajo y acompa\u00f1ados con butifarras artesanales.<\/td><td>Una exhibici\u00f3n que muestra c\u00f3mo se esquila a los animales y c\u00f3mo se les colocan las herraduras en las pezu\u00f1as. Todav\u00eda hoy se sigue llevando a cabo en la vida cotidiana de la localidad.<\/td><td>Casi como una muestra etnol\u00f3gica, aqu\u00ed se exhiben y venden diferentes herramientas que utilizaron los \u00abpageses\u00bb de la Catalu\u00f1a rural de otro tiempo. El mercado, adem\u00e1s, ofrecer\u00e1 los productos artesanales que tienen relaci\u00f3n con <em>els traginers<\/em> (como, por ejemplo, un \u00abespardenyer\u00bb).<\/td><td>Una historia de la fiesta contada gr\u00e1ficamente a trav\u00e9s de las fotograf\u00edas de la exposici\u00f3n y exhibiciones musicales.<\/td><\/tr><\/tbody><\/table><\/figure>\n\n\n\n<p><em><strong>La Cavalcada<\/strong><\/em><\/p>\n\n\n\n<p>es el punto fuerte de la celebraci\u00f3n. Este es el desfile de <em>traginers<\/em> donde comprobar la nostalgia y el tributo que los habitantes de Balsareny le brindan a este antiguo oficio. Durante el mismo se observan la autenticidad de las piezas, resultado de un largo proceso de investigaci\u00f3n.<\/p>\n\n\n\n<p>M\u00e1s informaci\u00f3n | Festa dels Traginers de Balsareny<\/p>\n","protected":false},"excerpt":{"rendered":"<p>El 27 de febrero se celebra en Balsareny (Barcelona) una de las fiestas m\u00e1s tradicionales de Catalu\u00f1a: la dels Traginers. Antiguos oficios, costumbres, gastronom\u00eda&#8230;<\/p>\n","protected":false},"author":136,"featured_media":956,"comment_status":"open","ping_status":"closed","sticky":false,"template":"","format":"standard","meta":{"_acf_changed":false,"om_disable_all_campaigns":false,"footnotes":""},"categories":[231],"tags":[260,708,211,5994,709],"class_list":["post-954","post","type-post","status-publish","format-standard","has-post-thumbnail","hentry","category-arte-y-cultura","tag-articulo","tag-balsareny","tag-que-ver-en-barcelona","tag-que-ver-en-cataluna","tag-traginers"],"acf":[],"featured_image_src":"https:\/\/www.escapadarural.com\/blog\/wp-content\/uploads\/2020\/04\/traginers.jpg","author_info":{"display_name":"Escapada Rural","author_link":"https:\/\/www.escapadarural.com\/blog\/autor\/user\/"},"yoast_head":"<!-- This site is optimized with the Yoast SEO plugin v27.5 - https:\/\/yoast.com\/product\/yoast-seo-wordpress\/ -->\n<title>La Fiesta dels Traginers de Balsareny - EscapadaRural<\/title>\n<meta name=\"robots\" content=\"index, follow, max-snippet:-1, max-image-preview:large, max-video-preview:-1\" \/>\n<link rel=\"canonical\" href=\"https:\/\/www.escapadarural.com\/blog\/la-fiesta-dels-traginers-de-balsareny\/\" \/>\n<meta property=\"og:locale\" content=\"es_ES\" \/>\n<meta property=\"og:type\" content=\"article\" \/>\n<meta property=\"og:title\" content=\"La Fiesta dels Traginers de Balsareny - EscapadaRural\" \/>\n<meta property=\"og:description\" content=\"El 27 de febrero se celebra en Balsareny (Barcelona) una de las fiestas m\u00e1s tradicionales de Catalu\u00f1a: la dels Traginers. Antiguos oficios, costumbres, gastronom\u00eda...\" \/>\n<meta property=\"og:url\" content=\"https:\/\/www.escapadarural.com\/blog\/la-fiesta-dels-traginers-de-balsareny\/\" \/>\n<meta property=\"og:site_name\" content=\"Magazine de viajes de EscapadaRural\" \/>\n<meta property=\"article:publisher\" content=\"https:\/\/www.facebook.com\/escapadarural\" \/>\n<meta property=\"article:author\" content=\"https:\/\/www.facebook.com\/escapadarural\" \/>\n<meta property=\"article:published_time\" content=\"2011-02-25T18:25:45+00:00\" \/>\n<meta property=\"article:modified_time\" content=\"2025-01-16T13:03:51+00:00\" \/>\n<meta property=\"og:image\" content=\"https:\/\/www.escapadarural.com\/blog\/wp-content\/uploads\/2020\/04\/traginers.jpg\" \/>\n\t<meta property=\"og:image:width\" content=\"500\" \/>\n\t<meta property=\"og:image:height\" content=\"334\" \/>\n\t<meta property=\"og:image:type\" content=\"image\/jpeg\" \/>\n<meta name=\"author\" content=\"Escapada Rural\" \/>\n<meta name=\"twitter:card\" content=\"summary_large_image\" \/>\n<meta name=\"twitter:creator\" content=\"@https:\/\/x.com\/i\/flow\/login?redirect_after_login=escapadarural\" \/>\n<meta name=\"twitter:label1\" content=\"Escrito por\" \/>\n\t<meta name=\"twitter:data1\" content=\"Escapada Rural\" \/>\n\t<meta name=\"twitter:label2\" content=\"Tiempo de lectura\" \/>\n\t<meta name=\"twitter:data2\" content=\"3 minutos\" \/>\n<script type=\"application\/ld+json\" class=\"yoast-schema-graph\">{\"@context\":\"https:\\\/\\\/schema.org\",\"@graph\":[{\"@type\":\"Article\",\"@id\":\"https:\\\/\\\/www.escapadarural.com\\\/blog\\\/la-fiesta-dels-traginers-de-balsareny\\\/#article\",\"isPartOf\":{\"@id\":\"https:\\\/\\\/www.escapadarural.com\\\/blog\\\/la-fiesta-dels-traginers-de-balsareny\\\/\"},\"author\":{\"name\":\"Escapada Rural\",\"@id\":\"https:\\\/\\\/www.escapadarural.com\\\/blog\\\/#\\\/schema\\\/person\\\/d9ee55ff3e0cef41d6eac8922b4f972c\"},\"headline\":\"La Fiesta dels Traginers de Balsareny\",\"datePublished\":\"2011-02-25T18:25:45+00:00\",\"dateModified\":\"2025-01-16T13:03:51+00:00\",\"mainEntityOfPage\":{\"@id\":\"https:\\\/\\\/www.escapadarural.com\\\/blog\\\/la-fiesta-dels-traginers-de-balsareny\\\/\"},\"wordCount\":653,\"commentCount\":1,\"publisher\":{\"@id\":\"https:\\\/\\\/www.escapadarural.com\\\/blog\\\/#organization\"},\"image\":{\"@id\":\"https:\\\/\\\/www.escapadarural.com\\\/blog\\\/la-fiesta-dels-traginers-de-balsareny\\\/#primaryimage\"},\"thumbnailUrl\":\"https:\\\/\\\/www.escapadarural.com\\\/blog\\\/wp-content\\\/uploads\\\/2020\\\/04\\\/traginers.jpg\",\"keywords\":[\"art\u00edculo\",\"Balsareny\",\"Barcelona\",\"Catalu\u00f1a\",\"Traginers\"],\"articleSection\":[\"Arte y Cultura\"],\"inLanguage\":\"es\",\"potentialAction\":[{\"@type\":\"CommentAction\",\"name\":\"Comment\",\"target\":[\"https:\\\/\\\/www.escapadarural.com\\\/blog\\\/la-fiesta-dels-traginers-de-balsareny\\\/#respond\"]}]},{\"@type\":\"WebPage\",\"@id\":\"https:\\\/\\\/www.escapadarural.com\\\/blog\\\/la-fiesta-dels-traginers-de-balsareny\\\/\",\"url\":\"https:\\\/\\\/www.escapadarural.com\\\/blog\\\/la-fiesta-dels-traginers-de-balsareny\\\/\",\"name\":\"La Fiesta dels Traginers de Balsareny - EscapadaRural\",\"isPartOf\":{\"@id\":\"https:\\\/\\\/www.escapadarural.com\\\/blog\\\/#website\"},\"primaryImageOfPage\":{\"@id\":\"https:\\\/\\\/www.escapadarural.com\\\/blog\\\/la-fiesta-dels-traginers-de-balsareny\\\/#primaryimage\"},\"image\":{\"@id\":\"https:\\\/\\\/www.escapadarural.com\\\/blog\\\/la-fiesta-dels-traginers-de-balsareny\\\/#primaryimage\"},\"thumbnailUrl\":\"https:\\\/\\\/www.escapadarural.com\\\/blog\\\/wp-content\\\/uploads\\\/2020\\\/04\\\/traginers.jpg\",\"datePublished\":\"2011-02-25T18:25:45+00:00\",\"dateModified\":\"2025-01-16T13:03:51+00:00\",\"breadcrumb\":{\"@id\":\"https:\\\/\\\/www.escapadarural.com\\\/blog\\\/la-fiesta-dels-traginers-de-balsareny\\\/#breadcrumb\"},\"inLanguage\":\"es\",\"potentialAction\":[{\"@type\":\"ReadAction\",\"target\":[\"https:\\\/\\\/www.escapadarural.com\\\/blog\\\/la-fiesta-dels-traginers-de-balsareny\\\/\"]}]},{\"@type\":\"ImageObject\",\"inLanguage\":\"es\",\"@id\":\"https:\\\/\\\/www.escapadarural.com\\\/blog\\\/la-fiesta-dels-traginers-de-balsareny\\\/#primaryimage\",\"url\":\"https:\\\/\\\/www.escapadarural.com\\\/blog\\\/wp-content\\\/uploads\\\/2020\\\/04\\\/traginers.jpg\",\"contentUrl\":\"https:\\\/\\\/www.escapadarural.com\\\/blog\\\/wp-content\\\/uploads\\\/2020\\\/04\\\/traginers.jpg\",\"width\":500,\"height\":334,\"caption\":\"Hombres con sombreros rojos, camisas de cuadros y chalecos caminan junto a caballos que tiran de un carro cargado de bultos por una calle soleada durante un desfile o una fiesta.\"},{\"@type\":\"BreadcrumbList\",\"@id\":\"https:\\\/\\\/www.escapadarural.com\\\/blog\\\/la-fiesta-dels-traginers-de-balsareny\\\/#breadcrumb\",\"itemListElement\":[{\"@type\":\"ListItem\",\"position\":1,\"name\":\"Inicio\",\"item\":\"https:\\\/\\\/www.escapadarural.com\\\/blog\\\/\"},{\"@type\":\"ListItem\",\"position\":2,\"name\":\"Arte y Cultura\",\"item\":\"https:\\\/\\\/www.escapadarural.com\\\/blog\\\/categoria\\\/arte-y-cultura\\\/\"},{\"@type\":\"ListItem\",\"position\":3,\"name\":\"La Fiesta dels Traginers de Balsareny\"}]},{\"@type\":\"WebSite\",\"@id\":\"https:\\\/\\\/www.escapadarural.com\\\/blog\\\/#website\",\"url\":\"https:\\\/\\\/www.escapadarural.com\\\/blog\\\/\",\"name\":\"Blog de viajes | turismo rural, alojamientos e inspiraci\u00f3n\",\"description\":\"Alojamientos rurales e inspiraci\u00f3n para tus escapadas\",\"publisher\":{\"@id\":\"https:\\\/\\\/www.escapadarural.com\\\/blog\\\/#organization\"},\"alternateName\":\"Magazine de viajes de EscapadaRural\",\"potentialAction\":[{\"@type\":\"SearchAction\",\"target\":{\"@type\":\"EntryPoint\",\"urlTemplate\":\"https:\\\/\\\/www.escapadarural.com\\\/blog\\\/?s={search_term_string}\"},\"query-input\":{\"@type\":\"PropertyValueSpecification\",\"valueRequired\":true,\"valueName\":\"search_term_string\"}}],\"inLanguage\":\"es\"},{\"@type\":\"Organization\",\"@id\":\"https:\\\/\\\/www.escapadarural.com\\\/blog\\\/#organization\",\"name\":\"EscapadaRural\",\"url\":\"https:\\\/\\\/www.escapadarural.com\\\/blog\\\/\",\"logo\":{\"@type\":\"ImageObject\",\"inLanguage\":\"es\",\"@id\":\"https:\\\/\\\/www.escapadarural.com\\\/blog\\\/#\\\/schema\\\/logo\\\/image\\\/\",\"url\":\"https:\\\/\\\/www.escapadarural.com\\\/blog\\\/wp-content\\\/uploads\\\/2024\\\/10\\\/cropped-cropped-escapada-rural-icon-mag-3.png\",\"contentUrl\":\"https:\\\/\\\/www.escapadarural.com\\\/blog\\\/wp-content\\\/uploads\\\/2024\\\/10\\\/cropped-cropped-escapada-rural-icon-mag-3.png\",\"width\":512,\"height\":512,\"caption\":\"EscapadaRural\"},\"image\":{\"@id\":\"https:\\\/\\\/www.escapadarural.com\\\/blog\\\/#\\\/schema\\\/logo\\\/image\\\/\"},\"sameAs\":[\"https:\\\/\\\/www.facebook.com\\\/escapadarural\",\"https:\\\/\\\/www.instagram.com\\\/escapadarural\\\/\",\"https:\\\/\\\/www.youtube.com\\\/@escapadaruralcom\"]},{\"@type\":\"Person\",\"@id\":\"https:\\\/\\\/www.escapadarural.com\\\/blog\\\/#\\\/schema\\\/person\\\/d9ee55ff3e0cef41d6eac8922b4f972c\",\"name\":\"Escapada Rural\",\"image\":{\"@type\":\"ImageObject\",\"inLanguage\":\"es\",\"@id\":\"https:\\\/\\\/www.escapadarural.com\\\/blog\\\/wp-content\\\/uploads\\\/2024\\\/10\\\/cropped-cropped-escapada-rural-icon-mag-3-96x96.png\",\"url\":\"https:\\\/\\\/www.escapadarural.com\\\/blog\\\/wp-content\\\/uploads\\\/2024\\\/10\\\/cropped-cropped-escapada-rural-icon-mag-3-96x96.png\",\"contentUrl\":\"https:\\\/\\\/www.escapadarural.com\\\/blog\\\/wp-content\\\/uploads\\\/2024\\\/10\\\/cropped-cropped-escapada-rural-icon-mag-3-96x96.png\",\"caption\":\"Escapada Rural\"},\"sameAs\":[\"https:\\\/\\\/www.facebook.com\\\/escapadarural\",\"https:\\\/\\\/www.linkedin.com\\\/company\\\/escapada-rural\\\/?originalSubdomain=es\",\"https:\\\/\\\/x.com\\\/https:\\\/\\\/x.com\\\/i\\\/flow\\\/login?redirect_after_login=escapadarural\"],\"url\":\"https:\\\/\\\/www.escapadarural.com\\\/blog\\\/autor\\\/user\\\/\"}]}<\/script>\n<!-- \/ Yoast SEO plugin. -->","yoast_head_json":{"title":"La Fiesta dels Traginers de Balsareny - EscapadaRural","robots":{"index":"index","follow":"follow","max-snippet":"max-snippet:-1","max-image-preview":"max-image-preview:large","max-video-preview":"max-video-preview:-1"},"canonical":"https:\/\/www.escapadarural.com\/blog\/la-fiesta-dels-traginers-de-balsareny\/","og_locale":"es_ES","og_type":"article","og_title":"La Fiesta dels Traginers de Balsareny - EscapadaRural","og_description":"El 27 de febrero se celebra en Balsareny (Barcelona) una de las fiestas m\u00e1s tradicionales de Catalu\u00f1a: la dels Traginers. Antiguos oficios, costumbres, gastronom\u00eda...","og_url":"https:\/\/www.escapadarural.com\/blog\/la-fiesta-dels-traginers-de-balsareny\/","og_site_name":"Magazine de viajes de EscapadaRural","article_publisher":"https:\/\/www.facebook.com\/escapadarural","article_author":"https:\/\/www.facebook.com\/escapadarural","article_published_time":"2011-02-25T18:25:45+00:00","article_modified_time":"2025-01-16T13:03:51+00:00","og_image":[{"width":500,"height":334,"url":"https:\/\/www.escapadarural.com\/blog\/wp-content\/uploads\/2020\/04\/traginers.jpg","type":"image\/jpeg"}],"author":"Escapada Rural","twitter_card":"summary_large_image","twitter_creator":"@https:\/\/x.com\/i\/flow\/login?redirect_after_login=escapadarural","twitter_misc":{"Escrito por":"Escapada Rural","Tiempo de lectura":"3 minutos"},"schema":{"@context":"https:\/\/schema.org","@graph":[{"@type":"Article","@id":"https:\/\/www.escapadarural.com\/blog\/la-fiesta-dels-traginers-de-balsareny\/#article","isPartOf":{"@id":"https:\/\/www.escapadarural.com\/blog\/la-fiesta-dels-traginers-de-balsareny\/"},"author":{"name":"Escapada Rural","@id":"https:\/\/www.escapadarural.com\/blog\/#\/schema\/person\/d9ee55ff3e0cef41d6eac8922b4f972c"},"headline":"La Fiesta dels Traginers de Balsareny","datePublished":"2011-02-25T18:25:45+00:00","dateModified":"2025-01-16T13:03:51+00:00","mainEntityOfPage":{"@id":"https:\/\/www.escapadarural.com\/blog\/la-fiesta-dels-traginers-de-balsareny\/"},"wordCount":653,"commentCount":1,"publisher":{"@id":"https:\/\/www.escapadarural.com\/blog\/#organization"},"image":{"@id":"https:\/\/www.escapadarural.com\/blog\/la-fiesta-dels-traginers-de-balsareny\/#primaryimage"},"thumbnailUrl":"https:\/\/www.escapadarural.com\/blog\/wp-content\/uploads\/2020\/04\/traginers.jpg","keywords":["art\u00edculo","Balsareny","Barcelona","Catalu\u00f1a","Traginers"],"articleSection":["Arte y Cultura"],"inLanguage":"es","potentialAction":[{"@type":"CommentAction","name":"Comment","target":["https:\/\/www.escapadarural.com\/blog\/la-fiesta-dels-traginers-de-balsareny\/#respond"]}]},{"@type":"WebPage","@id":"https:\/\/www.escapadarural.com\/blog\/la-fiesta-dels-traginers-de-balsareny\/","url":"https:\/\/www.escapadarural.com\/blog\/la-fiesta-dels-traginers-de-balsareny\/","name":"La Fiesta dels Traginers de Balsareny - EscapadaRural","isPartOf":{"@id":"https:\/\/www.escapadarural.com\/blog\/#website"},"primaryImageOfPage":{"@id":"https:\/\/www.escapadarural.com\/blog\/la-fiesta-dels-traginers-de-balsareny\/#primaryimage"},"image":{"@id":"https:\/\/www.escapadarural.com\/blog\/la-fiesta-dels-traginers-de-balsareny\/#primaryimage"},"thumbnailUrl":"https:\/\/www.escapadarural.com\/blog\/wp-content\/uploads\/2020\/04\/traginers.jpg","datePublished":"2011-02-25T18:25:45+00:00","dateModified":"2025-01-16T13:03:51+00:00","breadcrumb":{"@id":"https:\/\/www.escapadarural.com\/blog\/la-fiesta-dels-traginers-de-balsareny\/#breadcrumb"},"inLanguage":"es","potentialAction":[{"@type":"ReadAction","target":["https:\/\/www.escapadarural.com\/blog\/la-fiesta-dels-traginers-de-balsareny\/"]}]},{"@type":"ImageObject","inLanguage":"es","@id":"https:\/\/www.escapadarural.com\/blog\/la-fiesta-dels-traginers-de-balsareny\/#primaryimage","url":"https:\/\/www.escapadarural.com\/blog\/wp-content\/uploads\/2020\/04\/traginers.jpg","contentUrl":"https:\/\/www.escapadarural.com\/blog\/wp-content\/uploads\/2020\/04\/traginers.jpg","width":500,"height":334,"caption":"Hombres con sombreros rojos, camisas de cuadros y chalecos caminan junto a caballos que tiran de un carro cargado de bultos por una calle soleada durante un desfile o una fiesta."},{"@type":"BreadcrumbList","@id":"https:\/\/www.escapadarural.com\/blog\/la-fiesta-dels-traginers-de-balsareny\/#breadcrumb","itemListElement":[{"@type":"ListItem","position":1,"name":"Inicio","item":"https:\/\/www.escapadarural.com\/blog\/"},{"@type":"ListItem","position":2,"name":"Arte y Cultura","item":"https:\/\/www.escapadarural.com\/blog\/categoria\/arte-y-cultura\/"},{"@type":"ListItem","position":3,"name":"La Fiesta dels Traginers de Balsareny"}]},{"@type":"WebSite","@id":"https:\/\/www.escapadarural.com\/blog\/#website","url":"https:\/\/www.escapadarural.com\/blog\/","name":"Blog de viajes | turismo rural, alojamientos e inspiraci\u00f3n","description":"Alojamientos rurales e inspiraci\u00f3n para tus escapadas","publisher":{"@id":"https:\/\/www.escapadarural.com\/blog\/#organization"},"alternateName":"Magazine de viajes de EscapadaRural","potentialAction":[{"@type":"SearchAction","target":{"@type":"EntryPoint","urlTemplate":"https:\/\/www.escapadarural.com\/blog\/?s={search_term_string}"},"query-input":{"@type":"PropertyValueSpecification","valueRequired":true,"valueName":"search_term_string"}}],"inLanguage":"es"},{"@type":"Organization","@id":"https:\/\/www.escapadarural.com\/blog\/#organization","name":"EscapadaRural","url":"https:\/\/www.escapadarural.com\/blog\/","logo":{"@type":"ImageObject","inLanguage":"es","@id":"https:\/\/www.escapadarural.com\/blog\/#\/schema\/logo\/image\/","url":"https:\/\/www.escapadarural.com\/blog\/wp-content\/uploads\/2024\/10\/cropped-cropped-escapada-rural-icon-mag-3.png","contentUrl":"https:\/\/www.escapadarural.com\/blog\/wp-content\/uploads\/2024\/10\/cropped-cropped-escapada-rural-icon-mag-3.png","width":512,"height":512,"caption":"EscapadaRural"},"image":{"@id":"https:\/\/www.escapadarural.com\/blog\/#\/schema\/logo\/image\/"},"sameAs":["https:\/\/www.facebook.com\/escapadarural","https:\/\/www.instagram.com\/escapadarural\/","https:\/\/www.youtube.com\/@escapadaruralcom"]},{"@type":"Person","@id":"https:\/\/www.escapadarural.com\/blog\/#\/schema\/person\/d9ee55ff3e0cef41d6eac8922b4f972c","name":"Escapada Rural","image":{"@type":"ImageObject","inLanguage":"es","@id":"https:\/\/www.escapadarural.com\/blog\/wp-content\/uploads\/2024\/10\/cropped-cropped-escapada-rural-icon-mag-3-96x96.png","url":"https:\/\/www.escapadarural.com\/blog\/wp-content\/uploads\/2024\/10\/cropped-cropped-escapada-rural-icon-mag-3-96x96.png","contentUrl":"https:\/\/www.escapadarural.com\/blog\/wp-content\/uploads\/2024\/10\/cropped-cropped-escapada-rural-icon-mag-3-96x96.png","caption":"Escapada Rural"},"sameAs":["https:\/\/www.facebook.com\/escapadarural","https:\/\/www.linkedin.com\/company\/escapada-rural\/?originalSubdomain=es","https:\/\/x.com\/https:\/\/x.com\/i\/flow\/login?redirect_after_login=escapadarural"],"url":"https:\/\/www.escapadarural.com\/blog\/autor\/user\/"}]}},"_links":{"self":[{"href":"https:\/\/www.escapadarural.com\/blog\/wp-json\/wp\/v2\/posts\/954","targetHints":{"allow":["GET"]}}],"collection":[{"href":"https:\/\/www.escapadarural.com\/blog\/wp-json\/wp\/v2\/posts"}],"about":[{"href":"https:\/\/www.escapadarural.com\/blog\/wp-json\/wp\/v2\/types\/post"}],"author":[{"embeddable":true,"href":"https:\/\/www.escapadarural.com\/blog\/wp-json\/wp\/v2\/users\/136"}],"replies":[{"embeddable":true,"href":"https:\/\/www.escapadarural.com\/blog\/wp-json\/wp\/v2\/comments?post=954"}],"version-history":[{"count":0,"href":"https:\/\/www.escapadarural.com\/blog\/wp-json\/wp\/v2\/posts\/954\/revisions"}],"wp:featuredmedia":[{"embeddable":true,"href":"https:\/\/www.escapadarural.com\/blog\/wp-json\/wp\/v2\/media\/956"}],"wp:attachment":[{"href":"https:\/\/www.escapadarural.com\/blog\/wp-json\/wp\/v2\/media?parent=954"}],"wp:term":[{"taxonomy":"category","embeddable":true,"href":"https:\/\/www.escapadarural.com\/blog\/wp-json\/wp\/v2\/categories?post=954"},{"taxonomy":"post_tag","embeddable":true,"href":"https:\/\/www.escapadarural.com\/blog\/wp-json\/wp\/v2\/tags?post=954"}],"curies":[{"name":"wp","href":"https:\/\/api.w.org\/{rel}","templated":true}]}}