{"id":9540,"date":"2018-04-02T10:00:18","date_gmt":"2018-04-02T10:00:18","guid":{"rendered":"http:\/\/15.188.81.248\/2018\/04\/02\/la-semana-medieval-de-montblanc-3\/"},"modified":"2025-01-16T14:44:54","modified_gmt":"2025-01-16T12:44:54","slug":"la-semana-medieval-de-montblanc-3","status":"publish","type":"post","link":"https:\/\/www.escapadarural.com\/blog\/la-semana-medieval-de-montblanc-3\/","title":{"rendered":"La Semana Medieval de Montblanc"},"content":{"rendered":"\n<figure class=\"wp-block-image size-large\"><a href=\"https:\/\/www.escapadarural.com\/blog\/wp-content\/uploads\/2018\/04\/Montblanc-medieval-11.jpg\"><img decoding=\"async\" src=\"https:\/\/www.escapadarural.com\/blog\/wp-content\/uploads\/2018\/04\/Montblanc-medieval-11-1024x692.jpg\" alt=\"\" class=\"wp-image-26802\"\/><\/a><figcaption class=\"wp-element-caption\">Fuente: Associaci\u00f3 Medieval de la Llegenda de Sant Jordi<\/figcaption><\/figure>\n\n\n\n<p>Si hay una \u00e9poca hist\u00f3rica que parece no haber pasado nunca de moda, entonces esa es la <strong>Edad Media<\/strong>. Vista en numerosas pel\u00edculas y series de televisi\u00f3n, la Pen\u00ednsula ib\u00e9rica est\u00e1 repleta de pueblos que, por su arquitectura y monumentos, siguen evocando aquella \u00e9poca.<\/p>\n\n\n\n<p>Montblanc es uno de ellos. Rodeado de imponentes murallas del siglo XIV, este pueblo de Tarragona puede presumir no s\u00f3lo de arquitectura, sino de una rica historia en la que se incluye el origen de una de las leyendas medievales m\u00e1s populares de Catalu\u00f1a: <strong>Sant Jordi<\/strong>.<\/p>\n\n\n\n<!--more-->\n\n\n\n<figure class=\"wp-block-image size-large\"><a href=\"https:\/\/www.escapadarural.com\/blog\/wp-content\/uploads\/2018\/04\/Montblanc-medieval-2.jpg\"><img decoding=\"async\" src=\"https:\/\/www.escapadarural.com\/blog\/wp-content\/uploads\/2018\/04\/Montblanc-medieval-2-1024x683.jpg\" alt=\"\" class=\"wp-image-26804\"\/><\/a><figcaption class=\"wp-element-caption\">Fuente: Associaci\u00f3 Medieval de la Llegenda de Sant Jordi<\/figcaption><\/figure>\n\n\n\n<p>Seg\u00fan el libro etnogr\u00e1fico <em>Costumari catal\u00e1<\/em> de Joan Amades, el pueblo de Montblanc fue el escenario donde Sant Jordi <strong>mat\u00f3 al drag\u00f3n para salvar a la princesa<\/strong>, a la que agasaj\u00f3 con una rosa surgida de la sangre de la bestia.<\/p>\n\n\n\n<p>La festividad de Sant Jordi se celebra cada a\u00f1o el 23 de abril coincidiendo con el D\u00eda Internacional del Libro, de ah\u00ed que por toda Catalu\u00f1a se unan ambos actos haciendo que las ciudades y los pueblos se llenen de rosas y de libros.<\/p>\n\n\n\n<p>Con motivo de este d\u00eda, y para recrear c\u00f3mo era la vida en Montblanc en aquella \u00e9poca, surgi\u00f3 la Semana Medieval de Montblanc, un proyecto organizado por la Asociaci\u00f3n de la Leyenda de Sant Jordi que ya va por su XXXI edici\u00f3n. Este 2018 se celebra <strong>del 20 al 29 de abril<\/strong>.<\/p>\n\n\n\n<h2 class=\"wp-block-heading title-rute\">En qu\u00e9 consiste la Semana Medieval de Montblanc<\/h2>\n\n\n\n<figure class=\"wp-block-image size-large\"><a href=\"https:\/\/www.escapadarural.com\/blog\/wp-content\/uploads\/2018\/04\/Montblanc-medieval-6.jpg\"><img decoding=\"async\" src=\"https:\/\/www.escapadarural.com\/blog\/wp-content\/uploads\/2018\/04\/Montblanc-medieval-6-1024x682.jpg\" alt=\"\" class=\"wp-image-26805\"\/><\/a><figcaption class=\"wp-element-caption\">Fuente: Associaci\u00f3 Medieval de la Llegenda de Sant Jordi<\/figcaption><\/figure>\n\n\n\n<figure class=\"wp-block-image size-large\"><a href=\"https:\/\/www.escapadarural.com\/blog\/wp-content\/uploads\/2018\/04\/Montblanc-medieval-5.jpg\"><img decoding=\"async\" src=\"https:\/\/www.escapadarural.com\/blog\/wp-content\/uploads\/2018\/04\/Montblanc-medieval-5-1024x683.jpg\" alt=\"\" class=\"wp-image-26806\"\/><\/a><figcaption class=\"wp-element-caption\">Fuente: Associaci\u00f3 Medieval de la Llegenda de Sant Jordi<\/figcaption><\/figure>\n\n\n\n<p>Cada a\u00f1o, antes del comienzo de las fiestas, los socios de la entidad escogen en una gala a los protagonistas de la historia: Sant Jordi, la princesa, el rey, la reina y hasta cuatro casas nobiliarias, quienes representar\u00e1n fielmente la leyenda entre los diferentes actos programados. La mayor parte de las actuaciones se representan en la calle y son gratuitas.<\/p>\n\n\n\n<p>Otros eventos destacados son la <strong>Entrega de la Rosa<\/strong>, que Sant Jordi le hace a la princesa mientras las casas nobiliarias bailan a su alrededor; el Dracum Nocte, en el que se da vida a las brujas y a los diablos para explicar la historia de la metamorfosis del drag\u00f3n de los cuatro elementos; as\u00ed como los conciertos nocturnos.<\/p>\n\n\n\n<p>El pasado a\u00f1o, Montblanc present\u00f3 a uno de <strong>los dragones m\u00e1s grandes de Catalu\u00f1a<\/strong>. Una bestia de 8,5 metros de longitud y 4 metros de altura que contaba con un sistema articulado para que al andar \u2013era empujado por dos personas\u2013 pudiera mover las alas, el cuello y la cola.<\/p>\n\n\n\n<h2 class=\"wp-block-heading title-rute\">Delicias medievales<\/h2>\n\n\n\n<figure class=\"wp-block-image size-large\"><a href=\"https:\/\/www.escapadarural.com\/blog\/wp-content\/uploads\/2018\/04\/Montblanc-medieval-10.jpg\"><img decoding=\"async\" src=\"https:\/\/www.escapadarural.com\/blog\/wp-content\/uploads\/2018\/04\/Montblanc-medieval-10-1024x683.jpg\" alt=\"\" class=\"wp-image-26807\"\/><\/a><figcaption class=\"wp-element-caption\">Fuente: Associaci\u00f3 Medieval de la Llegenda de Sant Jordi<\/figcaption><\/figure>\n\n\n<div class=\"wp-block-image\">\n<figure class=\"aligncenter size-large\"><a href=\"https:\/\/www.escapadarural.com\/blog\/wp-content\/uploads\/2018\/04\/Montblanc-medieval-8.jpg\"><img decoding=\"async\" src=\"https:\/\/www.escapadarural.com\/blog\/wp-content\/uploads\/2018\/04\/Montblanc-medieval-8-683x1024.jpg\" alt=\"\" class=\"wp-image-26808\"\/><\/a><figcaption class=\"wp-element-caption\">Fuente: Associaci\u00f3 Medieval de la Llegenda de Sant Jordi<\/figcaption><\/figure>\n<\/div>\n\n<div class=\"wp-block-image\">\n<figure class=\"aligncenter size-large\"><a href=\"https:\/\/www.escapadarural.com\/blog\/wp-content\/uploads\/2018\/04\/Montblanc-medieval-3.jpg\"><img decoding=\"async\" src=\"https:\/\/www.escapadarural.com\/blog\/wp-content\/uploads\/2018\/04\/Montblanc-medieval-3-683x1024.jpg\" alt=\"\" class=\"wp-image-26809\"\/><\/a><figcaption class=\"wp-element-caption\">Fuente: Associaci\u00f3 Medieval de la Llegenda de Sant Jordi<\/figcaption><\/figure>\n<\/div>\n\n\n<p>Como ya es costumbre en este tipo de celebraciones, no pod\u00eda faltar un <strong>mercado medieval<\/strong>. El de Montblanc es uno de los m\u00e1s antiguos de Catalu\u00f1a. Unas 130 paradas distribuidas por las calles y las plazas del pueblo donde se recrean algunos de los oficios de la \u00e9poca y se venden productos artesanos.<\/p>\n\n\n\n<p>Asimismo, debido a su tradici\u00f3n vin\u00edcola, en <a href=\"https:\/\/www.escapadarural.com\/casas-rurales\/montblanc\">Montblanc<\/a> tambi\u00e9n se celebra el Mercado de los Vinos de la DO Conca de Barber\u00e1, en el que se realizan catas y se venden algunos de los mejores vinos de la comarca.<\/p>\n\n\n\n<p>M\u00e1s informaci\u00f3n en <a href=\"https:\/\/www.montblancmedieval.cat\/\" target=\"_blank\">www.montblancmedieval.cat<\/a><\/p>\n","protected":false},"excerpt":{"rendered":"<p>Rodeado de imponentes murallas del siglo XIV, este pueblo de Tarragona puede presumir no s\u00f3lo de arquitectura medieval, sino tambi\u00e9n de una rica historia en la que se incluye el origen de una de las leyendas medievales m\u00e1s populares de Catalu\u00f1a: Sant Jordi&#8230;<\/p>\n","protected":false},"author":89,"featured_media":104749,"comment_status":"open","ping_status":"closed","sticky":false,"template":"","format":"standard","meta":{"_acf_changed":false,"om_disable_all_campaigns":false,"footnotes":""},"categories":[231],"tags":[5994,625,419,2077,537],"class_list":["post-9540","post","type-post","status-publish","format-standard","has-post-thumbnail","hentry","category-arte-y-cultura","tag-que-ver-en-cataluna","tag-folclore-y-tradiciones","tag-medieval","tag-montblanc","tag-que-ver-en-tarragona"],"acf":[],"featured_image_src":"https:\/\/www.escapadarural.com\/blog\/wp-content\/uploads\/2024\/10\/Montblanc-medieval-11-1024x692-3.jpg","author_info":{"display_name":"Laura Fern\u00e1ndez","author_link":"https:\/\/www.escapadarural.com\/blog\/autor\/laura\/"},"yoast_head":"<!-- This site is optimized with the Yoast SEO plugin v27.5 - https:\/\/yoast.com\/product\/yoast-seo-wordpress\/ -->\n<title>La Semana Medieval de Montblanc - EscapadaRural<\/title>\n<meta name=\"robots\" content=\"index, follow, max-snippet:-1, max-image-preview:large, max-video-preview:-1\" \/>\n<link rel=\"canonical\" href=\"https:\/\/www.escapadarural.com\/blog\/la-semana-medieval-de-montblanc-3\/\" \/>\n<meta property=\"og:locale\" content=\"es_ES\" \/>\n<meta property=\"og:type\" content=\"article\" \/>\n<meta property=\"og:title\" content=\"La Semana Medieval de Montblanc - EscapadaRural\" \/>\n<meta property=\"og:description\" content=\"Rodeado de imponentes murallas del siglo XIV, este pueblo de Tarragona puede presumir no s\u00f3lo de arquitectura medieval, sino tambi\u00e9n de una rica historia en la que se incluye el origen de una de las leyendas medievales m\u00e1s populares de Catalu\u00f1a: Sant Jordi...\" \/>\n<meta property=\"og:url\" content=\"https:\/\/www.escapadarural.com\/blog\/la-semana-medieval-de-montblanc-3\/\" \/>\n<meta property=\"og:site_name\" content=\"Magazine de viajes de EscapadaRural\" \/>\n<meta property=\"article:publisher\" content=\"https:\/\/www.facebook.com\/escapadarural\" \/>\n<meta property=\"article:published_time\" content=\"2018-04-02T10:00:18+00:00\" \/>\n<meta property=\"article:modified_time\" content=\"2025-01-16T12:44:54+00:00\" \/>\n<meta property=\"og:image\" content=\"https:\/\/app.escapadarural.com\/blog\/wp-content\/uploads\/2024\/10\/Montblanc-medieval-11-1024x692-3.jpg\" \/>\n\t<meta property=\"og:image:width\" content=\"1024\" \/>\n\t<meta property=\"og:image:height\" content=\"692\" \/>\n\t<meta property=\"og:image:type\" content=\"image\/jpeg\" \/>\n<meta name=\"author\" content=\"Laura Fern\u00e1ndez\" \/>\n<meta name=\"twitter:card\" content=\"summary_large_image\" \/>\n<meta name=\"twitter:label1\" content=\"Escrito por\" \/>\n\t<meta name=\"twitter:data1\" content=\"Laura Fern\u00e1ndez\" \/>\n\t<meta name=\"twitter:label2\" content=\"Tiempo de lectura\" \/>\n\t<meta name=\"twitter:data2\" content=\"3 minutos\" \/>\n<script type=\"application\/ld+json\" class=\"yoast-schema-graph\">{\"@context\":\"https:\\\/\\\/schema.org\",\"@graph\":[{\"@type\":\"Article\",\"@id\":\"https:\\\/\\\/www.escapadarural.com\\\/blog\\\/la-semana-medieval-de-montblanc-3\\\/#article\",\"isPartOf\":{\"@id\":\"https:\\\/\\\/www.escapadarural.com\\\/blog\\\/la-semana-medieval-de-montblanc-3\\\/\"},\"author\":{\"name\":\"Laura Fern\u00e1ndez\",\"@id\":\"https:\\\/\\\/www.escapadarural.com\\\/blog\\\/#\\\/schema\\\/person\\\/a9b46ae4d047d8a2c719f31e75206cff\"},\"headline\":\"La Semana Medieval de Montblanc\",\"datePublished\":\"2018-04-02T10:00:18+00:00\",\"dateModified\":\"2025-01-16T12:44:54+00:00\",\"mainEntityOfPage\":{\"@id\":\"https:\\\/\\\/www.escapadarural.com\\\/blog\\\/la-semana-medieval-de-montblanc-3\\\/\"},\"wordCount\":597,\"commentCount\":0,\"publisher\":{\"@id\":\"https:\\\/\\\/www.escapadarural.com\\\/blog\\\/#organization\"},\"image\":{\"@id\":\"https:\\\/\\\/www.escapadarural.com\\\/blog\\\/la-semana-medieval-de-montblanc-3\\\/#primaryimage\"},\"thumbnailUrl\":\"https:\\\/\\\/www.escapadarural.com\\\/blog\\\/wp-content\\\/uploads\\\/2024\\\/10\\\/Montblanc-medieval-11-1024x692-3.jpg\",\"keywords\":[\"Catalu\u00f1a\",\"Folclore y tradiciones\",\"Medieval\",\"Montblanc\",\"Tarragona\"],\"articleSection\":[\"Arte y Cultura\"],\"inLanguage\":\"es\",\"potentialAction\":[{\"@type\":\"CommentAction\",\"name\":\"Comment\",\"target\":[\"https:\\\/\\\/www.escapadarural.com\\\/blog\\\/la-semana-medieval-de-montblanc-3\\\/#respond\"]}]},{\"@type\":\"WebPage\",\"@id\":\"https:\\\/\\\/www.escapadarural.com\\\/blog\\\/la-semana-medieval-de-montblanc-3\\\/\",\"url\":\"https:\\\/\\\/www.escapadarural.com\\\/blog\\\/la-semana-medieval-de-montblanc-3\\\/\",\"name\":\"La Semana Medieval de Montblanc - EscapadaRural\",\"isPartOf\":{\"@id\":\"https:\\\/\\\/www.escapadarural.com\\\/blog\\\/#website\"},\"primaryImageOfPage\":{\"@id\":\"https:\\\/\\\/www.escapadarural.com\\\/blog\\\/la-semana-medieval-de-montblanc-3\\\/#primaryimage\"},\"image\":{\"@id\":\"https:\\\/\\\/www.escapadarural.com\\\/blog\\\/la-semana-medieval-de-montblanc-3\\\/#primaryimage\"},\"thumbnailUrl\":\"https:\\\/\\\/www.escapadarural.com\\\/blog\\\/wp-content\\\/uploads\\\/2024\\\/10\\\/Montblanc-medieval-11-1024x692-3.jpg\",\"datePublished\":\"2018-04-02T10:00:18+00:00\",\"dateModified\":\"2025-01-16T12:44:54+00:00\",\"breadcrumb\":{\"@id\":\"https:\\\/\\\/www.escapadarural.com\\\/blog\\\/la-semana-medieval-de-montblanc-3\\\/#breadcrumb\"},\"inLanguage\":\"es\",\"potentialAction\":[{\"@type\":\"ReadAction\",\"target\":[\"https:\\\/\\\/www.escapadarural.com\\\/blog\\\/la-semana-medieval-de-montblanc-3\\\/\"]}]},{\"@type\":\"ImageObject\",\"inLanguage\":\"es\",\"@id\":\"https:\\\/\\\/www.escapadarural.com\\\/blog\\\/la-semana-medieval-de-montblanc-3\\\/#primaryimage\",\"url\":\"https:\\\/\\\/www.escapadarural.com\\\/blog\\\/wp-content\\\/uploads\\\/2024\\\/10\\\/Montblanc-medieval-11-1024x692-3.jpg\",\"contentUrl\":\"https:\\\/\\\/www.escapadarural.com\\\/blog\\\/wp-content\\\/uploads\\\/2024\\\/10\\\/Montblanc-medieval-11-1024x692-3.jpg\",\"width\":1024,\"height\":692,\"caption\":\"Un caballero con armadura cabalga a gran velocidad durante un evento de tem\u00e1tica medieval, con una multitud observando y participantes disfrazados de pie frente a un muro de piedra iluminado por una espectacular iluminaci\u00f3n roja y amarilla.\"},{\"@type\":\"BreadcrumbList\",\"@id\":\"https:\\\/\\\/www.escapadarural.com\\\/blog\\\/la-semana-medieval-de-montblanc-3\\\/#breadcrumb\",\"itemListElement\":[{\"@type\":\"ListItem\",\"position\":1,\"name\":\"Inicio\",\"item\":\"https:\\\/\\\/www.escapadarural.com\\\/blog\\\/\"},{\"@type\":\"ListItem\",\"position\":2,\"name\":\"Arte y Cultura\",\"item\":\"https:\\\/\\\/www.escapadarural.com\\\/blog\\\/categoria\\\/arte-y-cultura\\\/\"},{\"@type\":\"ListItem\",\"position\":3,\"name\":\"La Semana Medieval de Montblanc\"}]},{\"@type\":\"WebSite\",\"@id\":\"https:\\\/\\\/www.escapadarural.com\\\/blog\\\/#website\",\"url\":\"https:\\\/\\\/www.escapadarural.com\\\/blog\\\/\",\"name\":\"Blog de viajes | turismo rural, alojamientos e inspiraci\u00f3n\",\"description\":\"Alojamientos rurales e inspiraci\u00f3n para tus escapadas\",\"publisher\":{\"@id\":\"https:\\\/\\\/www.escapadarural.com\\\/blog\\\/#organization\"},\"alternateName\":\"Magazine de viajes de EscapadaRural\",\"potentialAction\":[{\"@type\":\"SearchAction\",\"target\":{\"@type\":\"EntryPoint\",\"urlTemplate\":\"https:\\\/\\\/www.escapadarural.com\\\/blog\\\/?s={search_term_string}\"},\"query-input\":{\"@type\":\"PropertyValueSpecification\",\"valueRequired\":true,\"valueName\":\"search_term_string\"}}],\"inLanguage\":\"es\"},{\"@type\":\"Organization\",\"@id\":\"https:\\\/\\\/www.escapadarural.com\\\/blog\\\/#organization\",\"name\":\"EscapadaRural\",\"url\":\"https:\\\/\\\/www.escapadarural.com\\\/blog\\\/\",\"logo\":{\"@type\":\"ImageObject\",\"inLanguage\":\"es\",\"@id\":\"https:\\\/\\\/www.escapadarural.com\\\/blog\\\/#\\\/schema\\\/logo\\\/image\\\/\",\"url\":\"https:\\\/\\\/www.escapadarural.com\\\/blog\\\/wp-content\\\/uploads\\\/2024\\\/10\\\/cropped-cropped-escapada-rural-icon-mag-3.png\",\"contentUrl\":\"https:\\\/\\\/www.escapadarural.com\\\/blog\\\/wp-content\\\/uploads\\\/2024\\\/10\\\/cropped-cropped-escapada-rural-icon-mag-3.png\",\"width\":512,\"height\":512,\"caption\":\"EscapadaRural\"},\"image\":{\"@id\":\"https:\\\/\\\/www.escapadarural.com\\\/blog\\\/#\\\/schema\\\/logo\\\/image\\\/\"},\"sameAs\":[\"https:\\\/\\\/www.facebook.com\\\/escapadarural\",\"https:\\\/\\\/www.instagram.com\\\/escapadarural\\\/\",\"https:\\\/\\\/www.youtube.com\\\/@escapadaruralcom\"]},{\"@type\":\"Person\",\"@id\":\"https:\\\/\\\/www.escapadarural.com\\\/blog\\\/#\\\/schema\\\/person\\\/a9b46ae4d047d8a2c719f31e75206cff\",\"name\":\"Laura Fern\u00e1ndez\",\"image\":{\"@type\":\"ImageObject\",\"inLanguage\":\"es\",\"@id\":\"https:\\\/\\\/www.escapadarural.com\\\/blog\\\/wp-content\\\/uploads\\\/2025\\\/01\\\/cropped-laura_raponchii-96x96.jpg\",\"url\":\"https:\\\/\\\/www.escapadarural.com\\\/blog\\\/wp-content\\\/uploads\\\/2025\\\/01\\\/cropped-laura_raponchii-96x96.jpg\",\"contentUrl\":\"https:\\\/\\\/www.escapadarural.com\\\/blog\\\/wp-content\\\/uploads\\\/2025\\\/01\\\/cropped-laura_raponchii-96x96.jpg\",\"caption\":\"Laura Fern\u00e1ndez\"},\"description\":\"Periodista, blogger y viajera. No necesariamente en ese orden. En ocasiones me despierto sin saber d\u00f3nde estoy. Adicta a los c\u00f3mics y a los noodles con salsa de cacahuete. Redactora en @escapadarural, colaboradora en la Conde Nast Traveler y en la Divinity. Mi casa: Meridiano180.\",\"sameAs\":[\"http:\\\/\\\/www.meridiano180.com\\\/\"],\"url\":\"https:\\\/\\\/www.escapadarural.com\\\/blog\\\/autor\\\/laura\\\/\"}]}<\/script>\n<!-- \/ Yoast SEO plugin. -->","yoast_head_json":{"title":"La Semana Medieval de Montblanc - EscapadaRural","robots":{"index":"index","follow":"follow","max-snippet":"max-snippet:-1","max-image-preview":"max-image-preview:large","max-video-preview":"max-video-preview:-1"},"canonical":"https:\/\/www.escapadarural.com\/blog\/la-semana-medieval-de-montblanc-3\/","og_locale":"es_ES","og_type":"article","og_title":"La Semana Medieval de Montblanc - EscapadaRural","og_description":"Rodeado de imponentes murallas del siglo XIV, este pueblo de Tarragona puede presumir no s\u00f3lo de arquitectura medieval, sino tambi\u00e9n de una rica historia en la que se incluye el origen de una de las leyendas medievales m\u00e1s populares de Catalu\u00f1a: Sant Jordi...","og_url":"https:\/\/www.escapadarural.com\/blog\/la-semana-medieval-de-montblanc-3\/","og_site_name":"Magazine de viajes de EscapadaRural","article_publisher":"https:\/\/www.facebook.com\/escapadarural","article_published_time":"2018-04-02T10:00:18+00:00","article_modified_time":"2025-01-16T12:44:54+00:00","og_image":[{"width":1024,"height":692,"url":"https:\/\/app.escapadarural.com\/blog\/wp-content\/uploads\/2024\/10\/Montblanc-medieval-11-1024x692-3.jpg","type":"image\/jpeg"}],"author":"Laura Fern\u00e1ndez","twitter_card":"summary_large_image","twitter_misc":{"Escrito por":"Laura Fern\u00e1ndez","Tiempo de lectura":"3 minutos"},"schema":{"@context":"https:\/\/schema.org","@graph":[{"@type":"Article","@id":"https:\/\/www.escapadarural.com\/blog\/la-semana-medieval-de-montblanc-3\/#article","isPartOf":{"@id":"https:\/\/www.escapadarural.com\/blog\/la-semana-medieval-de-montblanc-3\/"},"author":{"name":"Laura Fern\u00e1ndez","@id":"https:\/\/www.escapadarural.com\/blog\/#\/schema\/person\/a9b46ae4d047d8a2c719f31e75206cff"},"headline":"La Semana Medieval de Montblanc","datePublished":"2018-04-02T10:00:18+00:00","dateModified":"2025-01-16T12:44:54+00:00","mainEntityOfPage":{"@id":"https:\/\/www.escapadarural.com\/blog\/la-semana-medieval-de-montblanc-3\/"},"wordCount":597,"commentCount":0,"publisher":{"@id":"https:\/\/www.escapadarural.com\/blog\/#organization"},"image":{"@id":"https:\/\/www.escapadarural.com\/blog\/la-semana-medieval-de-montblanc-3\/#primaryimage"},"thumbnailUrl":"https:\/\/www.escapadarural.com\/blog\/wp-content\/uploads\/2024\/10\/Montblanc-medieval-11-1024x692-3.jpg","keywords":["Catalu\u00f1a","Folclore y tradiciones","Medieval","Montblanc","Tarragona"],"articleSection":["Arte y Cultura"],"inLanguage":"es","potentialAction":[{"@type":"CommentAction","name":"Comment","target":["https:\/\/www.escapadarural.com\/blog\/la-semana-medieval-de-montblanc-3\/#respond"]}]},{"@type":"WebPage","@id":"https:\/\/www.escapadarural.com\/blog\/la-semana-medieval-de-montblanc-3\/","url":"https:\/\/www.escapadarural.com\/blog\/la-semana-medieval-de-montblanc-3\/","name":"La Semana Medieval de Montblanc - EscapadaRural","isPartOf":{"@id":"https:\/\/www.escapadarural.com\/blog\/#website"},"primaryImageOfPage":{"@id":"https:\/\/www.escapadarural.com\/blog\/la-semana-medieval-de-montblanc-3\/#primaryimage"},"image":{"@id":"https:\/\/www.escapadarural.com\/blog\/la-semana-medieval-de-montblanc-3\/#primaryimage"},"thumbnailUrl":"https:\/\/www.escapadarural.com\/blog\/wp-content\/uploads\/2024\/10\/Montblanc-medieval-11-1024x692-3.jpg","datePublished":"2018-04-02T10:00:18+00:00","dateModified":"2025-01-16T12:44:54+00:00","breadcrumb":{"@id":"https:\/\/www.escapadarural.com\/blog\/la-semana-medieval-de-montblanc-3\/#breadcrumb"},"inLanguage":"es","potentialAction":[{"@type":"ReadAction","target":["https:\/\/www.escapadarural.com\/blog\/la-semana-medieval-de-montblanc-3\/"]}]},{"@type":"ImageObject","inLanguage":"es","@id":"https:\/\/www.escapadarural.com\/blog\/la-semana-medieval-de-montblanc-3\/#primaryimage","url":"https:\/\/www.escapadarural.com\/blog\/wp-content\/uploads\/2024\/10\/Montblanc-medieval-11-1024x692-3.jpg","contentUrl":"https:\/\/www.escapadarural.com\/blog\/wp-content\/uploads\/2024\/10\/Montblanc-medieval-11-1024x692-3.jpg","width":1024,"height":692,"caption":"Un caballero con armadura cabalga a gran velocidad durante un evento de tem\u00e1tica medieval, con una multitud observando y participantes disfrazados de pie frente a un muro de piedra iluminado por una espectacular iluminaci\u00f3n roja y amarilla."},{"@type":"BreadcrumbList","@id":"https:\/\/www.escapadarural.com\/blog\/la-semana-medieval-de-montblanc-3\/#breadcrumb","itemListElement":[{"@type":"ListItem","position":1,"name":"Inicio","item":"https:\/\/www.escapadarural.com\/blog\/"},{"@type":"ListItem","position":2,"name":"Arte y Cultura","item":"https:\/\/www.escapadarural.com\/blog\/categoria\/arte-y-cultura\/"},{"@type":"ListItem","position":3,"name":"La Semana Medieval de Montblanc"}]},{"@type":"WebSite","@id":"https:\/\/www.escapadarural.com\/blog\/#website","url":"https:\/\/www.escapadarural.com\/blog\/","name":"Blog de viajes | turismo rural, alojamientos e inspiraci\u00f3n","description":"Alojamientos rurales e inspiraci\u00f3n para tus escapadas","publisher":{"@id":"https:\/\/www.escapadarural.com\/blog\/#organization"},"alternateName":"Magazine de viajes de EscapadaRural","potentialAction":[{"@type":"SearchAction","target":{"@type":"EntryPoint","urlTemplate":"https:\/\/www.escapadarural.com\/blog\/?s={search_term_string}"},"query-input":{"@type":"PropertyValueSpecification","valueRequired":true,"valueName":"search_term_string"}}],"inLanguage":"es"},{"@type":"Organization","@id":"https:\/\/www.escapadarural.com\/blog\/#organization","name":"EscapadaRural","url":"https:\/\/www.escapadarural.com\/blog\/","logo":{"@type":"ImageObject","inLanguage":"es","@id":"https:\/\/www.escapadarural.com\/blog\/#\/schema\/logo\/image\/","url":"https:\/\/www.escapadarural.com\/blog\/wp-content\/uploads\/2024\/10\/cropped-cropped-escapada-rural-icon-mag-3.png","contentUrl":"https:\/\/www.escapadarural.com\/blog\/wp-content\/uploads\/2024\/10\/cropped-cropped-escapada-rural-icon-mag-3.png","width":512,"height":512,"caption":"EscapadaRural"},"image":{"@id":"https:\/\/www.escapadarural.com\/blog\/#\/schema\/logo\/image\/"},"sameAs":["https:\/\/www.facebook.com\/escapadarural","https:\/\/www.instagram.com\/escapadarural\/","https:\/\/www.youtube.com\/@escapadaruralcom"]},{"@type":"Person","@id":"https:\/\/www.escapadarural.com\/blog\/#\/schema\/person\/a9b46ae4d047d8a2c719f31e75206cff","name":"Laura Fern\u00e1ndez","image":{"@type":"ImageObject","inLanguage":"es","@id":"https:\/\/www.escapadarural.com\/blog\/wp-content\/uploads\/2025\/01\/cropped-laura_raponchii-96x96.jpg","url":"https:\/\/www.escapadarural.com\/blog\/wp-content\/uploads\/2025\/01\/cropped-laura_raponchii-96x96.jpg","contentUrl":"https:\/\/www.escapadarural.com\/blog\/wp-content\/uploads\/2025\/01\/cropped-laura_raponchii-96x96.jpg","caption":"Laura Fern\u00e1ndez"},"description":"Periodista, blogger y viajera. No necesariamente en ese orden. En ocasiones me despierto sin saber d\u00f3nde estoy. Adicta a los c\u00f3mics y a los noodles con salsa de cacahuete. Redactora en @escapadarural, colaboradora en la Conde Nast Traveler y en la Divinity. Mi casa: Meridiano180.","sameAs":["http:\/\/www.meridiano180.com\/"],"url":"https:\/\/www.escapadarural.com\/blog\/autor\/laura\/"}]}},"_links":{"self":[{"href":"https:\/\/www.escapadarural.com\/blog\/wp-json\/wp\/v2\/posts\/9540","targetHints":{"allow":["GET"]}}],"collection":[{"href":"https:\/\/www.escapadarural.com\/blog\/wp-json\/wp\/v2\/posts"}],"about":[{"href":"https:\/\/www.escapadarural.com\/blog\/wp-json\/wp\/v2\/types\/post"}],"author":[{"embeddable":true,"href":"https:\/\/www.escapadarural.com\/blog\/wp-json\/wp\/v2\/users\/89"}],"replies":[{"embeddable":true,"href":"https:\/\/www.escapadarural.com\/blog\/wp-json\/wp\/v2\/comments?post=9540"}],"version-history":[{"count":0,"href":"https:\/\/www.escapadarural.com\/blog\/wp-json\/wp\/v2\/posts\/9540\/revisions"}],"wp:featuredmedia":[{"embeddable":true,"href":"https:\/\/www.escapadarural.com\/blog\/wp-json\/wp\/v2\/media\/104749"}],"wp:attachment":[{"href":"https:\/\/www.escapadarural.com\/blog\/wp-json\/wp\/v2\/media?parent=9540"}],"wp:term":[{"taxonomy":"category","embeddable":true,"href":"https:\/\/www.escapadarural.com\/blog\/wp-json\/wp\/v2\/categories?post=9540"},{"taxonomy":"post_tag","embeddable":true,"href":"https:\/\/www.escapadarural.com\/blog\/wp-json\/wp\/v2\/tags?post=9540"}],"curies":[{"name":"wp","href":"https:\/\/api.w.org\/{rel}","templated":true}]}}