{"id":9734,"date":"2018-07-17T09:30:55","date_gmt":"2018-07-17T09:30:55","guid":{"rendered":"http:\/\/15.188.81.248\/2018\/07\/17\/el-lago-de-sanabria\/"},"modified":"2025-02-10T19:16:12","modified_gmt":"2025-02-10T17:16:12","slug":"el-lago-de-sanabria","status":"publish","type":"post","link":"https:\/\/www.escapadarural.com\/blog\/el-lago-de-sanabria\/","title":{"rendered":"Misticismo y belleza en el Lago de Sanabria"},"content":{"rendered":"\n<figure class=\"wp-block-image size-large\"><a href=\"https:\/\/www.escapadarural.com\/blog\/wp-content\/uploads\/2018\/07\/lago-de-sanabria-2.jpg\"><img decoding=\"async\" src=\"https:\/\/www.escapadarural.com\/blog\/wp-content\/uploads\/2018\/07\/lago-de-sanabria-2.jpg\" alt=\"Lago de Sanabria\" class=\"wp-image-26205\"\/><\/a><figcaption class=\"wp-element-caption\">Por Anada Zamora \/ Creative Commons<\/figcaption><\/figure>\n\n\n\n<p>El Lago de Sanabria es el <strong>lago de origen glaciar<\/strong> m\u00e1s grande de la Pen\u00ednsula Ib\u00e9rica y de los m\u00e1s extensos de Europa. Sus dimensiones: 1\u20195 kil\u00f3metros de ancho, 3 kil\u00f3metros de largo y 53 metros de profundidad.<\/p>\n\n\n\n<p>Este gigante natural, integrado en el <strong>Parque Natural del Lago de Sanabria<\/strong>, se localiza en la <a href=\"\/casas-rurales\/sanabria\" target=\"_blank\" aria-label=\" (opens in a new tab)\" rel=\"noreferrer noopener\" class=\"rank-math-link\">Comarca de Sanabria<\/a>, al Noroeste de la provincia de <a href=\"\/casas-rurales\/zamora\" target=\"_blank\" aria-label=\" (opens in a new tab)\" rel=\"noreferrer noopener\" class=\"rank-math-link\">Zamora<\/a>. Los bonitos municipios de <a href=\"\/casas-rurales\/san-martin-de-castaneda\" target=\"_blank\" aria-label=\" (opens in a new tab)\" rel=\"noreferrer noopener\" class=\"rank-math-link\">San Mart\u00edn de Casta\u00f1eda<\/a> y <a href=\"\/casas-rurales\/ribadelago\" target=\"_blank\" aria-label=\" (opens in a new tab)\" rel=\"noreferrer noopener\" class=\"rank-math-link\">Ribadelago<\/a>, a apenas 13 km de la villa medieval de <a href=\"\/casas-rurales\/puebla-de-sanabria\" target=\"_blank\" aria-label=\" (opens in a new tab)\" rel=\"noreferrer noopener\" class=\"rank-math-link\">Puebla de Sanabria<\/a>, son sus principales puertas de acceso.<\/p>\n\n\n\n<p>Un escenario de postal que desprende belleza paisaj\u00edstica a raudales y que proporciona una ventolada de aire fresco y una absoluta inmersi\u00f3n rural a quienes lo visitan.<\/p>\n\n\n\n<figure class=\"wp-block-image size-large\"><a href=\"https:\/\/www.escapadarural.com\/blog\/wp-content\/uploads\/2018\/08\/Lago-de-Sanabria-4.jpg\"><img decoding=\"async\" src=\"https:\/\/www.escapadarural.com\/blog\/wp-content\/uploads\/2018\/08\/Lago-de-Sanabria-4.jpg\" alt=\"Lago de Sanabria\" class=\"wp-image-26140\"\/><\/a><figcaption class=\"wp-element-caption\">San Mart\u00edn de Casta\u00f1eda y Lago de Sanabria, Zamora. Por LFRabanedo<\/figcaption><\/figure>\n\n\n\n<p><strong>\u00bfCu\u00e1ndo y c\u00f3mo se form\u00f3?<\/strong> Pues nada menos que hace 100.000 a\u00f1os, en el per\u00edodo del <a href=\"https:\/\/es.wikipedia.org\/wiki\/Pleistoceno\" target=\"_blank\" aria-label=\" (opens in a new tab)\" rel=\"noreferrer noopener\" class=\"rank-math-link\">Pleistoceno Superior<\/a>, cuando se derriti\u00f3 un mastod\u00f3ntico glaciar con lenguas de hielo que alcanzaban los 20 kil\u00f3metros de longitud.<\/p>\n\n\n\n<p>Una gran mole helada que cambiar\u00eda para siempre la orograf\u00eda de la regi\u00f3n, dando lugar no s\u00f3lo al <strong><a href=\"https:\/\/www.escapadarural.com\/casas-rurales\/lago-de-sanabria\" target=\"_blank\" aria-label=\" (opens in a new tab)\" rel=\"noreferrer noopener\" class=\"rank-math-link\">Lago de Sanabria<\/a><\/strong>, sino tambi\u00e9n a un amplio conjunto de humedales y lagunas distribuidas a lo largo de todo el Parque Natural. La <strong>Laguna de los Peces<\/strong> y la <strong>Laguna de Cubillas<\/strong> son dos buenos ejemplos de ello.<\/p>\n\n\n\n<figure class=\"wp-block-image size-large\"><a href=\"https:\/\/www.escapadarural.com\/blog\/wp-content\/uploads\/2018\/07\/lago-de-sanabria-1.jpg\"><img decoding=\"async\" src=\"https:\/\/www.escapadarural.com\/blog\/wp-content\/uploads\/2018\/07\/lago-de-sanabria-1.jpg\" alt=\"Lago de Sanabria\" class=\"wp-image-26204\"\/><\/a><figcaption class=\"wp-element-caption\">Por El\u00edsabet Garc\u00eda<\/figcaption><\/figure>\n\n\n\n<p>Musa de <a href=\"https:\/\/www.biografiasyvidas.com\/biografia\/u\/unamuno.htm\" target=\"_blank\" aria-label=\" (opens in a new tab)\" rel=\"noreferrer noopener\" class=\"rank-math-link\"><strong>Miguel de Unamuno<\/strong><\/a>, quien, seducido por la magia del entorno en 1930, le dedic\u00f3 dos de sus poes\u00edas en la obra <em>San Manuel bueno, m\u00e1rtir\u00bb<\/em>, el <strong>Lago de Sanabria<\/strong> ha sido el protagonista de numerosas leyendas populares.<\/p>\n\n\n\n<p>Una de las m\u00e1s conocidas es la que establece la g\u00e9nesis del lago en la venganza de un peregrino. Un personaje que inund\u00f3 el poblado de Valverde de Lucerna enojado por el ego\u00edsta trato de sus gentes al no querer darle cobijo la v\u00edspera de la noche de San Juan, transformando el lugar en el actual Lago de Sanabria.<\/p>\n\n\n\n<p>Dejando de lado las leyendas, el Lago de Sanabria es un reclamo tur\u00edstico may\u00fasculo para la zona. En primer lugar, por su <strong>extensa red de senderos<\/strong>. Unos senderos \u00edntimos y silenciosos dibujados en la frondosidad de los bosques de tejo, acebo, avellanos, abedules y robles que habitan en la regi\u00f3n y que permiten experimentar una sensaci\u00f3n de absoluto regocijo en quien los camina.<\/p>\n\n\n<div class=\"wp-block-image\">\n<figure class=\"aligncenter size-large\"><a href=\"https:\/\/www.escapadarural.com\/blog\/wp-content\/uploads\/2018\/07\/lago-de-sanabria-5.jpg\"><img decoding=\"async\" src=\"https:\/\/www.escapadarural.com\/blog\/wp-content\/uploads\/2018\/07\/lago-de-sanabria-5.jpg\" alt=\"Lago de Sanabria\" class=\"wp-image-26203\"\/><\/a><figcaption class=\"wp-element-caption\">Por El\u00edsabet Garc\u00eda<\/figcaption><\/figure>\n<\/div>\n\n\n<p>Entre los m\u00e1s sobresalientes, el sendero que nace al comienzo del pueblo de San Mart\u00edn y llega hasta la mism\u00edsima laguna, ofreciendo una rica y fotog\u00e9nica diversidad floral; y el camino que comunica las localidades de San Mart\u00edn de Casta\u00f1eda y Ribadelago, el cual ofrece unas fabulosas vistas del embalse glaciar.<\/p>\n\n\n\n<figure class=\"wp-block-image size-large\"><a href=\"https:\/\/www.escapadarural.com\/blog\/wp-content\/uploads\/2018\/07\/Lago-de-Sanabria-2-1.jpg\"><img decoding=\"async\" src=\"https:\/\/www.escapadarural.com\/blog\/wp-content\/uploads\/2018\/07\/Lago-de-Sanabria-2-1-1024x680.jpg\" alt=\"Lago de Sanabria\" class=\"wp-image-26202\"\/><\/a><figcaption class=\"wp-element-caption\">Por Jose<\/figcaption><\/figure>\n\n\n\n<p>El segundo de los factores que m\u00e1s contribuye a su popularidad lo encontramos en las apetecibles <strong>playas de arena<\/strong> y piedras entremezcladas, formadas a orillas de la laguna. Unas playas en las que <strong>se permite el ba\u00f1o<\/strong> y que suponen el para\u00edso para todos aquellos que se desplazan hasta aqu\u00ed en busca de un alivio ante las t\u00f3rridas temperaturas veraniegas.<\/p>\n\n\n<div class=\"wp-block-image\">\n<figure class=\"aligncenter size-large\"><a href=\"https:\/\/www.escapadarural.com\/blog\/wp-content\/uploads\/2018\/07\/lago-de-sanabria-7.jpg\"><img decoding=\"async\" src=\"https:\/\/www.escapadarural.com\/blog\/wp-content\/uploads\/2018\/07\/lago-de-sanabria-7.jpg\" alt=\"Lago de Sanabria\" class=\"wp-image-26201\"\/><\/a><figcaption class=\"wp-element-caption\">Por El\u00edsabet Garc\u00eda<\/figcaption><\/figure>\n<\/div>\n\n\n<p>Tanto las playas de <strong>Custa Llago<\/strong> (la m\u00e1s importante del lago) y <strong>Viquiella<\/strong>, en el lado Oeste, como las de <strong>Los Arenales de Vigo<\/strong>, <strong>El Pato<\/strong>, <strong>Los Enanos<\/strong> y <strong>El Folgoso<\/strong>, en su vertiente Sureste, disponen de las infraestructuras necesarias para disfrutar de una relajante escapada rural.<\/p>\n\n\n\n<figure class=\"wp-block-image size-large\"><a href=\"https:\/\/www.escapadarural.com\/blog\/wp-content\/uploads\/2018\/07\/lago-de-sanabria-3.jpg\"><img decoding=\"async\" src=\"https:\/\/www.escapadarural.com\/blog\/wp-content\/uploads\/2018\/07\/lago-de-sanabria-3.jpg\" alt=\"Lago de Sanabria\" class=\"wp-image-26200\"\/><\/a><figcaption class=\"wp-element-caption\">Por El\u00edsabet Garc\u00eda<\/figcaption><\/figure>\n\n\n\n<p>En los alrededores no faltan <em>campings<\/em>, casas rurales, restaurantes, merenderos, as\u00ed como un completo abanico de empresas de turismo activo que realizan <strong>actividades y deportes acu\u00e1ticos<\/strong> como buceo, windsurf, vela, excursiones en piragua, rutas did\u00e1cticas en catamar\u00e1n o paseos en barca.<\/p>\n\n\n\n<figure class=\"wp-block-image size-large\"><a href=\"https:\/\/www.escapadarural.com\/blog\/wp-content\/uploads\/2018\/07\/Lago-de-Sanabria-3-1.jpg\"><img decoding=\"async\" src=\"https:\/\/www.escapadarural.com\/blog\/wp-content\/uploads\/2018\/07\/Lago-de-Sanabria-3-1-1024x680.jpg\" alt=\"Lago de Sanabria\" class=\"wp-image-26199\"\/><\/a><figcaption class=\"wp-element-caption\">Por noemi<\/figcaption><\/figure>\n\n\n\n<p>La actividad elegida es indiferente. Todas, a su manera, permiten sentir la inmensidad de las profundidades del Lago de Sanabria desde la pl\u00e1cida y cristalina superficie. Un desconcierto a lo desconocido que sobrecoge y que, por momentos, corta el aliento.<\/p>\n\n\n\n<p>Un marco natural inigualable, cargado de misticismo y dise\u00f1ado para el relax y el descanso. \u00bfSu nombre? Lago de Sanabria.<\/p>\n\n\n\n<h2 class=\"wp-block-heading\" id=\"h-que-mas-ver-en-zamora\">Qu\u00e9 m\u00e1s ver en Zamora<\/h2>\n\n\n<section class=\"wp-block-ub-post-grid ub-block-post-grid align  is-equal-height preserve-post-image-aspect-ratio\" style=\"\" id=\"ub-post-grid-\"><div class=\"ub-post-grid-items is-grid columns-2\" style=\"row-gap: 32px; column-gap: 32px; \"><article id=\"post-214782\" class=\"ub-post-grid-item post-214782 post type-post status-publish format-standard has-post-thumbnail hentry category-destinos category-rutas-y-excursiones tag-amigos tag-arribes-del-duero tag-barco tag-que-ver-en-castellon tag-cuevas tag-delta-de-lebre tag-espana tag-familia tag-jucar tag-listado tag-que-ver-en-lugo tag-montana-de-leon tag-que-ver-en-ourense tag-pareja tag-riano tag-ribeira-sacra tag-rios tag-que-ver-en-salamanca tag-que-ver-en-tarragona tag-que-ver-en-zamora\" style=\"\"><div class=\"ub-block-post-grid-image\" style=\"\"><a href=\"https:\/\/www.escapadarural.com\/blog\/paseos-en-barco-por-rios-navegables-espana\/\" rel=\"bookmark\" aria-hidden=\"true\" tabindex=\"-1\"><img loading=\"lazy\" decoding=\"async\" width=\"1920\" height=\"1080\" src=\"https:\/\/www.escapadarural.com\/blog\/wp-content\/uploads\/2026\/03\/Coves_de_Sant_Josep_La_Vall_dUixo_6.jpg\" class=\"attachment-full size-full\" alt=\"Coves de Sant Josep de La Vall d'Uix\u00f3 (Castell\u00f3n). Foto de Turismo de la Comunitat Valenciana\" style=\"max-width: 600px; \" srcset=\"https:\/\/www.escapadarural.com\/blog\/wp-content\/uploads\/2026\/03\/Coves_de_Sant_Josep_La_Vall_dUixo_6-200x113.jpg 200w, https:\/\/www.escapadarural.com\/blog\/wp-content\/uploads\/2026\/03\/Coves_de_Sant_Josep_La_Vall_dUixo_6-300x169.jpg 300w, https:\/\/www.escapadarural.com\/blog\/wp-content\/uploads\/2026\/03\/Coves_de_Sant_Josep_La_Vall_dUixo_6-400x225.jpg 400w, https:\/\/www.escapadarural.com\/blog\/wp-content\/uploads\/2026\/03\/Coves_de_Sant_Josep_La_Vall_dUixo_6-600x338.jpg 600w, https:\/\/www.escapadarural.com\/blog\/wp-content\/uploads\/2026\/03\/Coves_de_Sant_Josep_La_Vall_dUixo_6-768x432.jpg 768w, https:\/\/www.escapadarural.com\/blog\/wp-content\/uploads\/2026\/03\/Coves_de_Sant_Josep_La_Vall_dUixo_6-800x450.jpg 800w, https:\/\/www.escapadarural.com\/blog\/wp-content\/uploads\/2026\/03\/Coves_de_Sant_Josep_La_Vall_dUixo_6-1024x576.jpg 1024w, https:\/\/www.escapadarural.com\/blog\/wp-content\/uploads\/2026\/03\/Coves_de_Sant_Josep_La_Vall_dUixo_6-1200x675.jpg 1200w, https:\/\/www.escapadarural.com\/blog\/wp-content\/uploads\/2026\/03\/Coves_de_Sant_Josep_La_Vall_dUixo_6-1536x864.jpg 1536w, https:\/\/www.escapadarural.com\/blog\/wp-content\/uploads\/2026\/03\/Coves_de_Sant_Josep_La_Vall_dUixo_6.jpg 1920w\" sizes=\"auto, (max-width: 1920px) 100vw, 1920px\"><\/a><\/div><div class=\"ub-block-post-grid-text\" style=\"\"><div class=\"ub-block-post-grid-header-content\"><header class=\"ub-block-post-grid-header\"><h3 class=\"ub-block-post-grid-title\"><a style=\"\" href=\"https:\/\/www.escapadarural.com\/blog\/paseos-en-barco-por-rios-navegables-espana\/\" rel=\"bookmark\">Fiordos, ca\u00f1ones y cuevas: 6 rutas en barco por r\u00edos de Espa\u00f1a lejos de la costa y las multitudes<\/a><\/h3><\/header><\/div><div class=\"ub-block-post-grid-excerpt\"><div class=\"ub-block-post-grid-excerpt-text\" style=\"\"><p>Ribeira Sacra, un r\u00edo subterr\u00e1neo, los fiordos leoneses, el r\u00edo J\u00facar\u2026 descubre los paisajes acu\u00e1ticos m\u00e1s bonitos del interior peninsular<\/p>\n<\/div><p><a class=\"ub-block-post-grid-more-link ub-text-link\" style=\"\" href=\"https:\/\/www.escapadarural.com\/blog\/paseos-en-barco-por-rios-navegables-espana\/\" rel=\"bookmark\">Leer <span class=\"screen-reader-text\">Fiordos, ca\u00f1ones y cuevas: 6 rutas en barco por r\u00edos de Espa\u00f1a lejos de la costa y las multitudes<\/span><\/a><\/p><\/div><\/div><\/article>\n<article id=\"post-214921\" class=\"ub-post-grid-item post-214921 post type-post status-publish format-standard has-post-thumbnail hentry category-arte-y-cultura category-destinos tag-que-ver-en-albacete tag-que-ver-en-asturias tag-que-ver-en-avila tag-que-ver-en-barcelona tag-familia tag-que-ver-en-galicia tag-que-ver-en-huesca tag-que-ver-en-la-rioja tag-listado tag-musica tag-pareja tag-que-ver-en-sevilla tag-que-ver-en-toledo tag-videoclips tag-que-ver-en-zamora tag-que-ver-en-zaragoza\" style=\"\"><div class=\"ub-block-post-grid-image\" style=\"\"><a href=\"https:\/\/www.escapadarural.com\/blog\/pueblos-paisajes-espana-rural-videoclips\/\" rel=\"bookmark\" aria-hidden=\"true\" tabindex=\"-1\"><img loading=\"lazy\" decoding=\"async\" width=\"1920\" height=\"1280\" src=\"https:\/\/www.escapadarural.com\/blog\/wp-content\/uploads\/2021\/06\/barrancas-4832627_1920.jpg\" class=\"attachment-full size-full\" alt=\"Barrancas de Buruj\u00f3n\" style=\"max-width: 600px; \" srcset=\"https:\/\/www.escapadarural.com\/blog\/wp-content\/uploads\/2021\/06\/barrancas-4832627_1920-200x133.jpg 200w, https:\/\/www.escapadarural.com\/blog\/wp-content\/uploads\/2021\/06\/barrancas-4832627_1920-300x200.jpg 300w, https:\/\/www.escapadarural.com\/blog\/wp-content\/uploads\/2021\/06\/barrancas-4832627_1920-400x267.jpg 400w, https:\/\/www.escapadarural.com\/blog\/wp-content\/uploads\/2021\/06\/barrancas-4832627_1920-600x400.jpg 600w, https:\/\/www.escapadarural.com\/blog\/wp-content\/uploads\/2021\/06\/barrancas-4832627_1920-768x512.jpg 768w, https:\/\/www.escapadarural.com\/blog\/wp-content\/uploads\/2021\/06\/barrancas-4832627_1920-800x533.jpg 800w, https:\/\/www.escapadarural.com\/blog\/wp-content\/uploads\/2021\/06\/barrancas-4832627_1920-1024x683.jpg 1024w, https:\/\/www.escapadarural.com\/blog\/wp-content\/uploads\/2021\/06\/barrancas-4832627_1920-1200x800.jpg 1200w, https:\/\/www.escapadarural.com\/blog\/wp-content\/uploads\/2021\/06\/barrancas-4832627_1920-1536x1024.jpg 1536w, https:\/\/www.escapadarural.com\/blog\/wp-content\/uploads\/2021\/06\/barrancas-4832627_1920.jpg 1920w\" sizes=\"auto, (max-width: 1920px) 100vw, 1920px\"><\/a><\/div><div class=\"ub-block-post-grid-text\" style=\"\"><div class=\"ub-block-post-grid-header-content\"><header class=\"ub-block-post-grid-header\"><h3 class=\"ub-block-post-grid-title\"><a style=\"\" href=\"https:\/\/www.escapadarural.com\/blog\/pueblos-paisajes-espana-rural-videoclips\/\" rel=\"bookmark\">Escapada musical: un recorrido por pueblos y paisajes de la Espa\u00f1a rural a trav\u00e9s de videoclips<\/a><\/h3><\/header><\/div><div class=\"ub-block-post-grid-excerpt\"><div class=\"ub-block-post-grid-excerpt-text\" style=\"\"><p>De Carmona a Los Monegros: descubre pueblos y paisajes rurales de Espa\u00f1a que han aparecido en videoclips de artistas como Spandau Ballet, Mal\u00fa o Manuel Carrasco<\/p>\n<\/div><p><a class=\"ub-block-post-grid-more-link ub-text-link\" style=\"\" href=\"https:\/\/www.escapadarural.com\/blog\/pueblos-paisajes-espana-rural-videoclips\/\" rel=\"bookmark\">Leer <span class=\"screen-reader-text\">Escapada musical: un recorrido por pueblos y paisajes de la Espa\u00f1a rural a trav\u00e9s de videoclips<\/span><\/a><\/p><\/div><\/div><\/article>\n<article id=\"post-214222\" class=\"ub-post-grid-item post-214222 post type-post status-publish format-standard has-post-thumbnail hentry category-destinos tag-amigos tag-que-ver-en-asturias tag-que-ver-en-caceres tag-familia tag-fiestas tag-que-ver-en-girona tag-gratis tag-low-cost tag-que-ver-en-madrid tag-que-ver-en-malaga tag-pareja tag-planes tag-primavera tag-semana-santa tag-que-ver-en-teruel tag-que-ver-en-vizcaya tag-que-ver-en-zamora\" style=\"\"><div class=\"ub-block-post-grid-image\" style=\"\"><a href=\"https:\/\/www.escapadarural.com\/blog\/planes-baratos-semana-santa\/\" rel=\"bookmark\" aria-hidden=\"true\" tabindex=\"-1\"><img loading=\"lazy\" decoding=\"async\" width=\"2048\" height=\"1366\" src=\"https:\/\/www.escapadarural.com\/blog\/wp-content\/uploads\/2026\/02\/La-rompida-de-Calanda-scaled.jpg\" class=\"attachment-full size-full\" alt=\"La rompida de Calanda, en Teruel. Por Agust\u00ed Amor\u00f3s Joseph.\" style=\"max-width: 600px; \" srcset=\"https:\/\/www.escapadarural.com\/blog\/wp-content\/uploads\/2026\/02\/La-rompida-de-Calanda-200x133.jpg 200w, https:\/\/www.escapadarural.com\/blog\/wp-content\/uploads\/2026\/02\/La-rompida-de-Calanda-300x200.jpg 300w, https:\/\/www.escapadarural.com\/blog\/wp-content\/uploads\/2026\/02\/La-rompida-de-Calanda-400x267.jpg 400w, https:\/\/www.escapadarural.com\/blog\/wp-content\/uploads\/2026\/02\/La-rompida-de-Calanda-600x400.jpg 600w, https:\/\/www.escapadarural.com\/blog\/wp-content\/uploads\/2026\/02\/La-rompida-de-Calanda-768x512.jpg 768w, https:\/\/www.escapadarural.com\/blog\/wp-content\/uploads\/2026\/02\/La-rompida-de-Calanda-800x533.jpg 800w, https:\/\/www.escapadarural.com\/blog\/wp-content\/uploads\/2026\/02\/La-rompida-de-Calanda-1024x683.jpg 1024w, https:\/\/www.escapadarural.com\/blog\/wp-content\/uploads\/2026\/02\/La-rompida-de-Calanda-1200x800.jpg 1200w, https:\/\/www.escapadarural.com\/blog\/wp-content\/uploads\/2026\/02\/La-rompida-de-Calanda-1536x1024.jpg 1536w, https:\/\/www.escapadarural.com\/blog\/wp-content\/uploads\/2026\/02\/La-rompida-de-Calanda-scaled.jpg 2048w\" sizes=\"auto, (max-width: 2048px) 100vw, 2048px\"><\/a><\/div><div class=\"ub-block-post-grid-text\" style=\"\"><div class=\"ub-block-post-grid-header-content\"><header class=\"ub-block-post-grid-header\"><h3 class=\"ub-block-post-grid-title\"><a style=\"\" href=\"https:\/\/www.escapadarural.com\/blog\/planes-baratos-semana-santa\/\" rel=\"bookmark\">Planes \u2018low cost\u2019 para Semana Santa: naturaleza, teatro y fiesta sin gastar mucho \ud83e\udef0<\/a><\/h3><\/header><\/div><div class=\"ub-block-post-grid-excerpt\"><div class=\"ub-block-post-grid-excerpt-text\" style=\"\"><p>En Semana Santa Espa\u00f1a se llena de celebraciones. Suelen ser gratuitas, as\u00ed que son perfectas para hacer planes \u2018low cost\u2019.<\/p>\n<\/div><p><a class=\"ub-block-post-grid-more-link ub-text-link\" style=\"\" href=\"https:\/\/www.escapadarural.com\/blog\/planes-baratos-semana-santa\/\" rel=\"bookmark\">Leer <span class=\"screen-reader-text\">Planes \u2018low cost\u2019 para Semana Santa: naturaleza, teatro y fiesta sin gastar mucho \ud83e\udef0<\/span><\/a><\/p><\/div><\/div><\/article>\n<article id=\"post-213738\" class=\"ub-post-grid-item post-213738 post type-post status-publish format-standard has-post-thumbnail hentry category-destinos tag-que-ver-en-alava tag-amigos tag-que-ver-en-asturias tag-que-ver-en-avila tag-que-ver-en-burgos tag-que-ver-en-ciudad-real tag-familia tag-floracion tag-que-ver-en-jaen tag-que-ver-en-la-rioja tag-listado tag-que-ver-en-navarra tag-que-ver-en-palencia tag-pareja tag-primavera tag-que-ver-en-toledo tag-que-ver-en-valladolid tag-que-ver-en-vizcaya tag-que-ver-en-zamora\" style=\"\"><div class=\"ub-block-post-grid-image\" style=\"\"><a href=\"https:\/\/www.escapadarural.com\/blog\/floraciones-alternativas-otra-primavera-espana-rural\/\" rel=\"bookmark\" aria-hidden=\"true\" tabindex=\"-1\"><img loading=\"lazy\" decoding=\"async\" width=\"2048\" height=\"1117\" src=\"https:\/\/www.escapadarural.com\/blog\/wp-content\/uploads\/2026\/02\/08b_Floraciones_Amapola_NumenPhoto_AdobeStock_509573093-scaled.jpeg\" class=\"attachment-full size-full\" alt=\"Campo repleto de amapolas al atardecer en la meseta castellana.\" style=\"max-width: 600px; \" srcset=\"https:\/\/www.escapadarural.com\/blog\/wp-content\/uploads\/2026\/02\/08b_Floraciones_Amapola_NumenPhoto_AdobeStock_509573093-200x109.jpeg 200w, https:\/\/www.escapadarural.com\/blog\/wp-content\/uploads\/2026\/02\/08b_Floraciones_Amapola_NumenPhoto_AdobeStock_509573093-300x164.jpeg 300w, https:\/\/www.escapadarural.com\/blog\/wp-content\/uploads\/2026\/02\/08b_Floraciones_Amapola_NumenPhoto_AdobeStock_509573093-400x218.jpeg 400w, https:\/\/www.escapadarural.com\/blog\/wp-content\/uploads\/2026\/02\/08b_Floraciones_Amapola_NumenPhoto_AdobeStock_509573093-600x327.jpeg 600w, https:\/\/www.escapadarural.com\/blog\/wp-content\/uploads\/2026\/02\/08b_Floraciones_Amapola_NumenPhoto_AdobeStock_509573093-768x419.jpeg 768w, https:\/\/www.escapadarural.com\/blog\/wp-content\/uploads\/2026\/02\/08b_Floraciones_Amapola_NumenPhoto_AdobeStock_509573093-800x436.jpeg 800w, https:\/\/www.escapadarural.com\/blog\/wp-content\/uploads\/2026\/02\/08b_Floraciones_Amapola_NumenPhoto_AdobeStock_509573093-1024x558.jpeg 1024w, https:\/\/www.escapadarural.com\/blog\/wp-content\/uploads\/2026\/02\/08b_Floraciones_Amapola_NumenPhoto_AdobeStock_509573093-1200x654.jpeg 1200w, https:\/\/www.escapadarural.com\/blog\/wp-content\/uploads\/2026\/02\/08b_Floraciones_Amapola_NumenPhoto_AdobeStock_509573093-1536x838.jpeg 1536w, https:\/\/www.escapadarural.com\/blog\/wp-content\/uploads\/2026\/02\/08b_Floraciones_Amapola_NumenPhoto_AdobeStock_509573093-scaled.jpeg 2048w\" sizes=\"auto, (max-width: 2048px) 100vw, 2048px\"><\/a><\/div><div class=\"ub-block-post-grid-text\" style=\"\"><div class=\"ub-block-post-grid-header-content\"><header class=\"ub-block-post-grid-header\"><h3 class=\"ub-block-post-grid-title\"><a style=\"\" href=\"https:\/\/www.escapadarural.com\/blog\/floraciones-alternativas-otra-primavera-espana-rural\/\" rel=\"bookmark\">Ni almendros ni cerezos: 9 floraciones alternativas para descubrir otra primavera en la Espa\u00f1a rural<\/a><\/h3><\/header><\/div><div class=\"ub-block-post-grid-excerpt\"><div class=\"ub-block-post-grid-excerpt-text\" style=\"\"><p>Vive otra primavera en la Espa\u00f1a rural: 9 floraciones sorprendentes como piornos, amapolas y retamas, con planes de escapadas rurales inolvidables<\/p>\n<\/div><p><a class=\"ub-block-post-grid-more-link ub-text-link\" style=\"\" href=\"https:\/\/www.escapadarural.com\/blog\/floraciones-alternativas-otra-primavera-espana-rural\/\" rel=\"bookmark\">Leer <span class=\"screen-reader-text\">Ni almendros ni cerezos: 9 floraciones alternativas para descubrir otra primavera en la Espa\u00f1a rural<\/span><\/a><\/p><\/div><\/div><\/article>\n<article id=\"post-213593\" class=\"ub-post-grid-item post-213593 post type-post status-publish format-standard has-post-thumbnail hentry category-alojamientos-rurales category-destinos category-paisajes tag-amigos tag-que-ver-en-asturias tag-que-ver-en-cadiz tag-que-ver-en-cantabria tag-destinos-dupe tag-familia tag-que-ver-en-girona tag-que-ver-en-guadalajara tag-que-ver-en-huelva tag-que-ver-en-leon tag-listado tag-que-ver-en-navarra tag-pareja tag-que-ver-en-salamanca tag-que-ver-en-tenerife tag-que-ver-en-teruel tag-que-ver-en-zamora\" style=\"\"><div class=\"ub-block-post-grid-image\" style=\"\"><a href=\"https:\/\/www.escapadarural.com\/blog\/destinos-dupe-tendencia-2026-version-rural-espanola\/\" rel=\"bookmark\" aria-hidden=\"true\" tabindex=\"-1\"><img loading=\"lazy\" decoding=\"async\" width=\"1024\" height=\"684\" src=\"https:\/\/www.escapadarural.com\/blog\/wp-content\/uploads\/2024\/10\/valderrobres-teruel-aragon-espana-stockpack-adobe-stock-1024x684-1.jpg\" class=\"attachment-full size-full\" alt=\"Valderrobres, Matarra\u00f1a, Teruel. Por Jose\" style=\"max-width: 600px; \" srcset=\"https:\/\/www.escapadarural.com\/blog\/wp-content\/uploads\/2024\/10\/valderrobres-teruel-aragon-espana-stockpack-adobe-stock-1024x684-1-200x134.jpg 200w, https:\/\/www.escapadarural.com\/blog\/wp-content\/uploads\/2024\/10\/valderrobres-teruel-aragon-espana-stockpack-adobe-stock-1024x684-1-300x200.jpg 300w, https:\/\/www.escapadarural.com\/blog\/wp-content\/uploads\/2024\/10\/valderrobres-teruel-aragon-espana-stockpack-adobe-stock-1024x684-1-400x267.jpg 400w, https:\/\/www.escapadarural.com\/blog\/wp-content\/uploads\/2024\/10\/valderrobres-teruel-aragon-espana-stockpack-adobe-stock-1024x684-1-600x401.jpg 600w, https:\/\/www.escapadarural.com\/blog\/wp-content\/uploads\/2024\/10\/valderrobres-teruel-aragon-espana-stockpack-adobe-stock-1024x684-1-768x513.jpg 768w, https:\/\/www.escapadarural.com\/blog\/wp-content\/uploads\/2024\/10\/valderrobres-teruel-aragon-espana-stockpack-adobe-stock-1024x684-1-800x534.jpg 800w, https:\/\/www.escapadarural.com\/blog\/wp-content\/uploads\/2024\/10\/valderrobres-teruel-aragon-espana-stockpack-adobe-stock-1024x684-1.jpg 1024w\" sizes=\"auto, (max-width: 1024px) 100vw, 1024px\"><\/a><\/div><div class=\"ub-block-post-grid-text\" style=\"\"><div class=\"ub-block-post-grid-header-content\"><header class=\"ub-block-post-grid-header\"><h3 class=\"ub-block-post-grid-title\"><a style=\"\" href=\"https:\/\/www.escapadarural.com\/blog\/destinos-dupe-tendencia-2026-version-rural-espanola\/\" rel=\"bookmark\">Destinos dupe: los lugares tendencia de 2026\u2026 en versi\u00f3n rural espa\u00f1ola<\/a><\/h3><\/header><\/div><div class=\"ub-block-post-grid-excerpt\"><div class=\"ub-block-post-grid-excerpt-text\" style=\"\"><p>Viaja a los destinos tendencia de 2026 sin salir de Espa\u00f1a: fiordos, Toscana, Patagonia o Provenza en versi\u00f3n rural y aut\u00e9ntica<\/p>\n<\/div><p><a class=\"ub-block-post-grid-more-link ub-text-link\" style=\"\" href=\"https:\/\/www.escapadarural.com\/blog\/destinos-dupe-tendencia-2026-version-rural-espanola\/\" rel=\"bookmark\">Leer <span class=\"screen-reader-text\">Destinos dupe: los lugares tendencia de 2026\u2026 en versi\u00f3n rural espa\u00f1ola<\/span><\/a><\/p><\/div><\/div><\/article>\n<article id=\"post-212757\" class=\"ub-post-grid-item post-212757 post type-post status-publish format-standard has-post-thumbnail hentry category-alojamientos-rurales category-destinos tag-cabanas tag-que-ver-en-cantabria tag-casas-rurales tag-que-ver-en-castellon tag-ciudad-encantada tag-que-ver-en-cuenca tag-familia tag-invierno tag-listado tag-mascota tag-nieve tag-pareja tag-que-ver-en-segovia tag-selva-de-irati tag-valles-pasiegos tag-que-ver-en-zamora\" style=\"\"><div class=\"ub-block-post-grid-image\" style=\"\"><a href=\"https:\/\/www.escapadarural.com\/blog\/cabanas-en-la-nieve-refugios-invierno\/\" rel=\"bookmark\" aria-hidden=\"true\" tabindex=\"-1\"><img loading=\"lazy\" decoding=\"async\" width=\"1024\" height=\"787\" src=\"https:\/\/www.escapadarural.com\/blog\/wp-content\/uploads\/2022\/12\/5be4295f700fe-1024x787-1.jpeg\" class=\"attachment-full size-full\" alt=\"Agroturismo Mari Cruz con nieve\" style=\"max-width: 600px; \" srcset=\"https:\/\/www.escapadarural.com\/blog\/wp-content\/uploads\/2022\/12\/5be4295f700fe-1024x787-1-200x154.jpeg 200w, https:\/\/www.escapadarural.com\/blog\/wp-content\/uploads\/2022\/12\/5be4295f700fe-1024x787-1-300x231.jpeg 300w, https:\/\/www.escapadarural.com\/blog\/wp-content\/uploads\/2022\/12\/5be4295f700fe-1024x787-1-400x307.jpeg 400w, https:\/\/www.escapadarural.com\/blog\/wp-content\/uploads\/2022\/12\/5be4295f700fe-1024x787-1-600x461.jpeg 600w, https:\/\/www.escapadarural.com\/blog\/wp-content\/uploads\/2022\/12\/5be4295f700fe-1024x787-1-768x590.jpeg 768w, https:\/\/www.escapadarural.com\/blog\/wp-content\/uploads\/2022\/12\/5be4295f700fe-1024x787-1-800x615.jpeg 800w, https:\/\/www.escapadarural.com\/blog\/wp-content\/uploads\/2022\/12\/5be4295f700fe-1024x787-1.jpeg 1024w\" sizes=\"auto, (max-width: 1024px) 100vw, 1024px\"><\/a><\/div><div class=\"ub-block-post-grid-text\" style=\"\"><div class=\"ub-block-post-grid-header-content\"><header class=\"ub-block-post-grid-header\"><h3 class=\"ub-block-post-grid-title\"><a style=\"\" href=\"https:\/\/www.escapadarural.com\/blog\/cabanas-en-la-nieve-refugios-invierno\/\" rel=\"bookmark\">El invierno so\u00f1ado existe y est\u00e1 en estas caba\u00f1as en la nieve \u2744\ufe0f<\/a><\/h3><\/header><\/div><div class=\"ub-block-post-grid-excerpt\"><div class=\"ub-block-post-grid-excerpt-text\" style=\"\"><p>Rodeadas de bosques cubiertos por un manto blanco, estas caba\u00f1as son perfectas para disfrutar de la nieve este invierno.<\/p>\n<\/div><p><a class=\"ub-block-post-grid-more-link ub-text-link\" style=\"\" href=\"https:\/\/www.escapadarural.com\/blog\/cabanas-en-la-nieve-refugios-invierno\/\" rel=\"bookmark\">Leer <span class=\"screen-reader-text\">El invierno so\u00f1ado existe y est\u00e1 en estas caba\u00f1as en la nieve \u2744\ufe0f<\/span><\/a><\/p><\/div><\/div><\/article>\n<\/div><\/section>","protected":false},"excerpt":{"rendered":"<p>El Lago de Sanabria es el lago de origen glaciar m\u00e1s grande de la Pen\u00ednsula Ib\u00e9rica y de los m\u00e1s extensos de Europa. Sus dimensiones: 1\u20195 kil\u00f3metros de ancho, 3 kil\u00f3metros de largo y 53 metros de profundidad.<\/p>\n","protected":false},"author":109,"featured_media":104370,"comment_status":"open","ping_status":"closed","sticky":false,"template":"","format":"standard","meta":{"_acf_changed":false,"om_disable_all_campaigns":false,"footnotes":""},"categories":[191],"tags":[260,5995,1602,585,579,2119,588],"class_list":["post-9734","post","type-post","status-publish","format-standard","has-post-thumbnail","hentry","category-destinos","tag-articulo","tag-que-ver-en-castilla-y-leon","tag-lobo-iberico","tag-naturaleza","tag-parque-natural","tag-sanabria","tag-que-ver-en-zamora"],"acf":[],"featured_image_src":"https:\/\/www.escapadarural.com\/blog\/wp-content\/uploads\/2024\/10\/lago-de-sanabria-2-2.jpg","author_info":{"display_name":"El\u00edsabet Garc\u00eda","author_link":"https:\/\/www.escapadarural.com\/blog\/autor\/lagranescapada\/"},"yoast_head":"<!-- This site is optimized with the Yoast SEO plugin v27.2 - https:\/\/yoast.com\/product\/yoast-seo-wordpress\/ -->\n<title>Misticismo y belleza en el Lago de Sanabria - EscapadaRural<\/title>\n<meta name=\"robots\" content=\"index, follow, max-snippet:-1, max-image-preview:large, max-video-preview:-1\" \/>\n<link rel=\"canonical\" href=\"https:\/\/www.escapadarural.com\/blog\/el-lago-de-sanabria\/\" \/>\n<meta property=\"og:locale\" content=\"es_ES\" \/>\n<meta property=\"og:type\" content=\"article\" \/>\n<meta property=\"og:title\" content=\"Misticismo y belleza en el Lago de Sanabria - EscapadaRural\" \/>\n<meta property=\"og:description\" content=\"El Lago de Sanabria es el lago de origen glaciar m\u00e1s grande de la Pen\u00ednsula Ib\u00e9rica y de los m\u00e1s extensos de Europa. Sus dimensiones: 1\u20195 kil\u00f3metros de ancho, 3 kil\u00f3metros de largo y 53 metros de profundidad.\" \/>\n<meta property=\"og:url\" content=\"https:\/\/www.escapadarural.com\/blog\/el-lago-de-sanabria\/\" \/>\n<meta property=\"og:site_name\" content=\"Magazine de viajes de EscapadaRural\" \/>\n<meta property=\"article:publisher\" content=\"https:\/\/www.facebook.com\/escapadarural\" \/>\n<meta property=\"article:published_time\" content=\"2018-07-17T09:30:55+00:00\" \/>\n<meta property=\"article:modified_time\" content=\"2025-02-10T17:16:12+00:00\" \/>\n<meta property=\"og:image\" content=\"https:\/\/app.escapadarural.com\/blog\/wp-content\/uploads\/2024\/10\/lago-de-sanabria-2-2.jpg\" \/>\n\t<meta property=\"og:image:width\" content=\"800\" \/>\n\t<meta property=\"og:image:height\" content=\"600\" \/>\n\t<meta property=\"og:image:type\" content=\"image\/jpeg\" \/>\n<meta name=\"author\" content=\"El\u00edsabet Garc\u00eda\" \/>\n<meta name=\"twitter:card\" content=\"summary_large_image\" \/>\n<meta name=\"twitter:label1\" content=\"Escrito por\" \/>\n\t<meta name=\"twitter:data1\" content=\"El\u00edsabet Garc\u00eda\" \/>\n\t<meta name=\"twitter:label2\" content=\"Tiempo de lectura\" \/>\n\t<meta name=\"twitter:data2\" content=\"5 minutos\" \/>\n<script type=\"application\/ld+json\" class=\"yoast-schema-graph\">{\"@context\":\"https:\/\/schema.org\",\"@graph\":[{\"@type\":\"Article\",\"@id\":\"https:\/\/www.escapadarural.com\/blog\/el-lago-de-sanabria\/#article\",\"isPartOf\":{\"@id\":\"https:\/\/www.escapadarural.com\/blog\/el-lago-de-sanabria\/\"},\"author\":{\"name\":\"El\u00edsabet Garc\u00eda\",\"@id\":\"https:\/\/www.escapadarural.com\/blog\/#\/schema\/person\/2cac652e2d16373a24890ffaa220140f\"},\"headline\":\"Misticismo y belleza en el Lago de Sanabria\",\"datePublished\":\"2018-07-17T09:30:55+00:00\",\"dateModified\":\"2025-02-10T17:16:12+00:00\",\"mainEntityOfPage\":{\"@id\":\"https:\/\/www.escapadarural.com\/blog\/el-lago-de-sanabria\/\"},\"wordCount\":726,\"commentCount\":0,\"publisher\":{\"@id\":\"https:\/\/www.escapadarural.com\/blog\/#organization\"},\"image\":{\"@id\":\"https:\/\/www.escapadarural.com\/blog\/el-lago-de-sanabria\/#primaryimage\"},\"thumbnailUrl\":\"https:\/\/www.escapadarural.com\/blog\/wp-content\/uploads\/2024\/10\/lago-de-sanabria-2-2.jpg\",\"keywords\":[\"art\u00edculo\",\"Castilla y Le\u00f3n\",\"lobo ib\u00e9rico\",\"Naturaleza\",\"Parque Natural\",\"Sanabria\",\"Zamora\"],\"articleSection\":[\"Destinos\"],\"inLanguage\":\"es\",\"potentialAction\":[{\"@type\":\"CommentAction\",\"name\":\"Comment\",\"target\":[\"https:\/\/www.escapadarural.com\/blog\/el-lago-de-sanabria\/#respond\"]}]},{\"@type\":\"WebPage\",\"@id\":\"https:\/\/www.escapadarural.com\/blog\/el-lago-de-sanabria\/\",\"url\":\"https:\/\/www.escapadarural.com\/blog\/el-lago-de-sanabria\/\",\"name\":\"Misticismo y belleza en el Lago de Sanabria - EscapadaRural\",\"isPartOf\":{\"@id\":\"https:\/\/www.escapadarural.com\/blog\/#website\"},\"primaryImageOfPage\":{\"@id\":\"https:\/\/www.escapadarural.com\/blog\/el-lago-de-sanabria\/#primaryimage\"},\"image\":{\"@id\":\"https:\/\/www.escapadarural.com\/blog\/el-lago-de-sanabria\/#primaryimage\"},\"thumbnailUrl\":\"https:\/\/www.escapadarural.com\/blog\/wp-content\/uploads\/2024\/10\/lago-de-sanabria-2-2.jpg\",\"datePublished\":\"2018-07-17T09:30:55+00:00\",\"dateModified\":\"2025-02-10T17:16:12+00:00\",\"breadcrumb\":{\"@id\":\"https:\/\/www.escapadarural.com\/blog\/el-lago-de-sanabria\/#breadcrumb\"},\"inLanguage\":\"es\",\"potentialAction\":[{\"@type\":\"ReadAction\",\"target\":[\"https:\/\/www.escapadarural.com\/blog\/el-lago-de-sanabria\/\"]}]},{\"@type\":\"ImageObject\",\"inLanguage\":\"es\",\"@id\":\"https:\/\/www.escapadarural.com\/blog\/el-lago-de-sanabria\/#primaryimage\",\"url\":\"https:\/\/www.escapadarural.com\/blog\/wp-content\/uploads\/2024\/10\/lago-de-sanabria-2-2.jpg\",\"contentUrl\":\"https:\/\/www.escapadarural.com\/blog\/wp-content\/uploads\/2024\/10\/lago-de-sanabria-2-2.jpg\",\"width\":800,\"height\":600,\"caption\":\"Lago de Sanabria, en Zamora.\"},{\"@type\":\"BreadcrumbList\",\"@id\":\"https:\/\/www.escapadarural.com\/blog\/el-lago-de-sanabria\/#breadcrumb\",\"itemListElement\":[{\"@type\":\"ListItem\",\"position\":1,\"name\":\"Inicio\",\"item\":\"https:\/\/www.escapadarural.com\/blog\/\"},{\"@type\":\"ListItem\",\"position\":2,\"name\":\"Destinos\",\"item\":\"https:\/\/www.escapadarural.com\/blog\/categoria\/destinos\/\"},{\"@type\":\"ListItem\",\"position\":3,\"name\":\"Misticismo y belleza en el Lago de Sanabria\"}]},{\"@type\":\"WebSite\",\"@id\":\"https:\/\/www.escapadarural.com\/blog\/#website\",\"url\":\"https:\/\/www.escapadarural.com\/blog\/\",\"name\":\"Blog de viajes | turismo rural, alojamientos e inspiraci\u00f3n\",\"description\":\"Alojamientos rurales e inspiraci\u00f3n para tus escapadas\",\"publisher\":{\"@id\":\"https:\/\/www.escapadarural.com\/blog\/#organization\"},\"alternateName\":\"Magazine de viajes de EscapadaRural\",\"potentialAction\":[{\"@type\":\"SearchAction\",\"target\":{\"@type\":\"EntryPoint\",\"urlTemplate\":\"https:\/\/www.escapadarural.com\/blog\/?s={search_term_string}\"},\"query-input\":{\"@type\":\"PropertyValueSpecification\",\"valueRequired\":true,\"valueName\":\"search_term_string\"}}],\"inLanguage\":\"es\"},{\"@type\":\"Organization\",\"@id\":\"https:\/\/www.escapadarural.com\/blog\/#organization\",\"name\":\"EscapadaRural\",\"url\":\"https:\/\/www.escapadarural.com\/blog\/\",\"logo\":{\"@type\":\"ImageObject\",\"inLanguage\":\"es\",\"@id\":\"https:\/\/www.escapadarural.com\/blog\/#\/schema\/logo\/image\/\",\"url\":\"https:\/\/www.escapadarural.com\/blog\/wp-content\/uploads\/2024\/10\/cropped-cropped-escapada-rural-icon-mag-3.png\",\"contentUrl\":\"https:\/\/www.escapadarural.com\/blog\/wp-content\/uploads\/2024\/10\/cropped-cropped-escapada-rural-icon-mag-3.png\",\"width\":512,\"height\":512,\"caption\":\"EscapadaRural\"},\"image\":{\"@id\":\"https:\/\/www.escapadarural.com\/blog\/#\/schema\/logo\/image\/\"},\"sameAs\":[\"https:\/\/www.facebook.com\/escapadarural\",\"https:\/\/www.instagram.com\/escapadarural\/\",\"https:\/\/www.youtube.com\/@escapadaruralcom\"]},{\"@type\":\"Person\",\"@id\":\"https:\/\/www.escapadarural.com\/blog\/#\/schema\/person\/2cac652e2d16373a24890ffaa220140f\",\"name\":\"El\u00edsabet Garc\u00eda\",\"image\":{\"@type\":\"ImageObject\",\"inLanguage\":\"es\",\"@id\":\"https:\/\/www.escapadarural.com\/blog\/wp-content\/uploads\/2025\/02\/elisabet_gran_escapada.webp\",\"url\":\"https:\/\/www.escapadarural.com\/blog\/wp-content\/uploads\/2025\/02\/elisabet_gran_escapada.webp\",\"contentUrl\":\"https:\/\/www.escapadarural.com\/blog\/wp-content\/uploads\/2025\/02\/elisabet_gran_escapada.webp\",\"caption\":\"El\u00edsabet Garc\u00eda\"},\"description\":\"Hola a todos! Soy El\u00edsabet Garc\u00eda, Consultora Inform\u00e1tica y, desde hace 7 a\u00f1os, blogger de viajes. Me apasiona viajar, conocer lugares inh\u00f3spitos, experimentar aventuras, perderme por la naturaleza y saborear la gastronom\u00eda local de cada lugar. Coeditora del blog lagranescapada.com junto a Mar Gonz\u00e1lez, un lugar que creamos para compartir cada nueva escapada que hacemos por el mundo.\",\"sameAs\":[\"https:\/\/lagranescapada.com\/\"],\"url\":\"https:\/\/www.escapadarural.com\/blog\/autor\/lagranescapada\/\"}]}<\/script>\n<!-- \/ Yoast SEO plugin. -->","yoast_head_json":{"title":"Misticismo y belleza en el Lago de Sanabria - EscapadaRural","robots":{"index":"index","follow":"follow","max-snippet":"max-snippet:-1","max-image-preview":"max-image-preview:large","max-video-preview":"max-video-preview:-1"},"canonical":"https:\/\/www.escapadarural.com\/blog\/el-lago-de-sanabria\/","og_locale":"es_ES","og_type":"article","og_title":"Misticismo y belleza en el Lago de Sanabria - EscapadaRural","og_description":"El Lago de Sanabria es el lago de origen glaciar m\u00e1s grande de la Pen\u00ednsula Ib\u00e9rica y de los m\u00e1s extensos de Europa. Sus dimensiones: 1\u20195 kil\u00f3metros de ancho, 3 kil\u00f3metros de largo y 53 metros de profundidad.","og_url":"https:\/\/www.escapadarural.com\/blog\/el-lago-de-sanabria\/","og_site_name":"Magazine de viajes de EscapadaRural","article_publisher":"https:\/\/www.facebook.com\/escapadarural","article_published_time":"2018-07-17T09:30:55+00:00","article_modified_time":"2025-02-10T17:16:12+00:00","og_image":[{"width":800,"height":600,"url":"https:\/\/app.escapadarural.com\/blog\/wp-content\/uploads\/2024\/10\/lago-de-sanabria-2-2.jpg","type":"image\/jpeg"}],"author":"El\u00edsabet Garc\u00eda","twitter_card":"summary_large_image","twitter_misc":{"Escrito por":"El\u00edsabet Garc\u00eda","Tiempo de lectura":"5 minutos"},"schema":{"@context":"https:\/\/schema.org","@graph":[{"@type":"Article","@id":"https:\/\/www.escapadarural.com\/blog\/el-lago-de-sanabria\/#article","isPartOf":{"@id":"https:\/\/www.escapadarural.com\/blog\/el-lago-de-sanabria\/"},"author":{"name":"El\u00edsabet Garc\u00eda","@id":"https:\/\/www.escapadarural.com\/blog\/#\/schema\/person\/2cac652e2d16373a24890ffaa220140f"},"headline":"Misticismo y belleza en el Lago de Sanabria","datePublished":"2018-07-17T09:30:55+00:00","dateModified":"2025-02-10T17:16:12+00:00","mainEntityOfPage":{"@id":"https:\/\/www.escapadarural.com\/blog\/el-lago-de-sanabria\/"},"wordCount":726,"commentCount":0,"publisher":{"@id":"https:\/\/www.escapadarural.com\/blog\/#organization"},"image":{"@id":"https:\/\/www.escapadarural.com\/blog\/el-lago-de-sanabria\/#primaryimage"},"thumbnailUrl":"https:\/\/www.escapadarural.com\/blog\/wp-content\/uploads\/2024\/10\/lago-de-sanabria-2-2.jpg","keywords":["art\u00edculo","Castilla y Le\u00f3n","lobo ib\u00e9rico","Naturaleza","Parque Natural","Sanabria","Zamora"],"articleSection":["Destinos"],"inLanguage":"es","potentialAction":[{"@type":"CommentAction","name":"Comment","target":["https:\/\/www.escapadarural.com\/blog\/el-lago-de-sanabria\/#respond"]}]},{"@type":"WebPage","@id":"https:\/\/www.escapadarural.com\/blog\/el-lago-de-sanabria\/","url":"https:\/\/www.escapadarural.com\/blog\/el-lago-de-sanabria\/","name":"Misticismo y belleza en el Lago de Sanabria - EscapadaRural","isPartOf":{"@id":"https:\/\/www.escapadarural.com\/blog\/#website"},"primaryImageOfPage":{"@id":"https:\/\/www.escapadarural.com\/blog\/el-lago-de-sanabria\/#primaryimage"},"image":{"@id":"https:\/\/www.escapadarural.com\/blog\/el-lago-de-sanabria\/#primaryimage"},"thumbnailUrl":"https:\/\/www.escapadarural.com\/blog\/wp-content\/uploads\/2024\/10\/lago-de-sanabria-2-2.jpg","datePublished":"2018-07-17T09:30:55+00:00","dateModified":"2025-02-10T17:16:12+00:00","breadcrumb":{"@id":"https:\/\/www.escapadarural.com\/blog\/el-lago-de-sanabria\/#breadcrumb"},"inLanguage":"es","potentialAction":[{"@type":"ReadAction","target":["https:\/\/www.escapadarural.com\/blog\/el-lago-de-sanabria\/"]}]},{"@type":"ImageObject","inLanguage":"es","@id":"https:\/\/www.escapadarural.com\/blog\/el-lago-de-sanabria\/#primaryimage","url":"https:\/\/www.escapadarural.com\/blog\/wp-content\/uploads\/2024\/10\/lago-de-sanabria-2-2.jpg","contentUrl":"https:\/\/www.escapadarural.com\/blog\/wp-content\/uploads\/2024\/10\/lago-de-sanabria-2-2.jpg","width":800,"height":600,"caption":"Lago de Sanabria, en Zamora."},{"@type":"BreadcrumbList","@id":"https:\/\/www.escapadarural.com\/blog\/el-lago-de-sanabria\/#breadcrumb","itemListElement":[{"@type":"ListItem","position":1,"name":"Inicio","item":"https:\/\/www.escapadarural.com\/blog\/"},{"@type":"ListItem","position":2,"name":"Destinos","item":"https:\/\/www.escapadarural.com\/blog\/categoria\/destinos\/"},{"@type":"ListItem","position":3,"name":"Misticismo y belleza en el Lago de Sanabria"}]},{"@type":"WebSite","@id":"https:\/\/www.escapadarural.com\/blog\/#website","url":"https:\/\/www.escapadarural.com\/blog\/","name":"Blog de viajes | turismo rural, alojamientos e inspiraci\u00f3n","description":"Alojamientos rurales e inspiraci\u00f3n para tus escapadas","publisher":{"@id":"https:\/\/www.escapadarural.com\/blog\/#organization"},"alternateName":"Magazine de viajes de EscapadaRural","potentialAction":[{"@type":"SearchAction","target":{"@type":"EntryPoint","urlTemplate":"https:\/\/www.escapadarural.com\/blog\/?s={search_term_string}"},"query-input":{"@type":"PropertyValueSpecification","valueRequired":true,"valueName":"search_term_string"}}],"inLanguage":"es"},{"@type":"Organization","@id":"https:\/\/www.escapadarural.com\/blog\/#organization","name":"EscapadaRural","url":"https:\/\/www.escapadarural.com\/blog\/","logo":{"@type":"ImageObject","inLanguage":"es","@id":"https:\/\/www.escapadarural.com\/blog\/#\/schema\/logo\/image\/","url":"https:\/\/www.escapadarural.com\/blog\/wp-content\/uploads\/2024\/10\/cropped-cropped-escapada-rural-icon-mag-3.png","contentUrl":"https:\/\/www.escapadarural.com\/blog\/wp-content\/uploads\/2024\/10\/cropped-cropped-escapada-rural-icon-mag-3.png","width":512,"height":512,"caption":"EscapadaRural"},"image":{"@id":"https:\/\/www.escapadarural.com\/blog\/#\/schema\/logo\/image\/"},"sameAs":["https:\/\/www.facebook.com\/escapadarural","https:\/\/www.instagram.com\/escapadarural\/","https:\/\/www.youtube.com\/@escapadaruralcom"]},{"@type":"Person","@id":"https:\/\/www.escapadarural.com\/blog\/#\/schema\/person\/2cac652e2d16373a24890ffaa220140f","name":"El\u00edsabet Garc\u00eda","image":{"@type":"ImageObject","inLanguage":"es","@id":"https:\/\/www.escapadarural.com\/blog\/wp-content\/uploads\/2025\/02\/elisabet_gran_escapada.webp","url":"https:\/\/www.escapadarural.com\/blog\/wp-content\/uploads\/2025\/02\/elisabet_gran_escapada.webp","contentUrl":"https:\/\/www.escapadarural.com\/blog\/wp-content\/uploads\/2025\/02\/elisabet_gran_escapada.webp","caption":"El\u00edsabet Garc\u00eda"},"description":"Hola a todos! Soy El\u00edsabet Garc\u00eda, Consultora Inform\u00e1tica y, desde hace 7 a\u00f1os, blogger de viajes. Me apasiona viajar, conocer lugares inh\u00f3spitos, experimentar aventuras, perderme por la naturaleza y saborear la gastronom\u00eda local de cada lugar. Coeditora del blog lagranescapada.com junto a Mar Gonz\u00e1lez, un lugar que creamos para compartir cada nueva escapada que hacemos por el mundo.","sameAs":["https:\/\/lagranescapada.com\/"],"url":"https:\/\/www.escapadarural.com\/blog\/autor\/lagranescapada\/"}]}},"_links":{"self":[{"href":"https:\/\/www.escapadarural.com\/blog\/wp-json\/wp\/v2\/posts\/9734","targetHints":{"allow":["GET"]}}],"collection":[{"href":"https:\/\/www.escapadarural.com\/blog\/wp-json\/wp\/v2\/posts"}],"about":[{"href":"https:\/\/www.escapadarural.com\/blog\/wp-json\/wp\/v2\/types\/post"}],"author":[{"embeddable":true,"href":"https:\/\/www.escapadarural.com\/blog\/wp-json\/wp\/v2\/users\/109"}],"replies":[{"embeddable":true,"href":"https:\/\/www.escapadarural.com\/blog\/wp-json\/wp\/v2\/comments?post=9734"}],"version-history":[{"count":0,"href":"https:\/\/www.escapadarural.com\/blog\/wp-json\/wp\/v2\/posts\/9734\/revisions"}],"wp:featuredmedia":[{"embeddable":true,"href":"https:\/\/www.escapadarural.com\/blog\/wp-json\/wp\/v2\/media\/104370"}],"wp:attachment":[{"href":"https:\/\/www.escapadarural.com\/blog\/wp-json\/wp\/v2\/media?parent=9734"}],"wp:term":[{"taxonomy":"category","embeddable":true,"href":"https:\/\/www.escapadarural.com\/blog\/wp-json\/wp\/v2\/categories?post=9734"},{"taxonomy":"post_tag","embeddable":true,"href":"https:\/\/www.escapadarural.com\/blog\/wp-json\/wp\/v2\/tags?post=9734"}],"curies":[{"name":"wp","href":"https:\/\/api.w.org\/{rel}","templated":true}]}}