{"id":9790,"date":"2018-10-01T09:30:02","date_gmt":"2018-10-01T08:30:02","guid":{"rendered":"http:\/\/15.188.81.248\/2018\/10\/01\/parques-naturales-en-baleares-para-ver-aves\/"},"modified":"2025-01-16T14:51:30","modified_gmt":"2025-01-16T12:51:30","slug":"parques-naturales-en-baleares-para-ver-aves","status":"publish","type":"post","link":"https:\/\/www.escapadarural.com\/blog\/parques-naturales-en-baleares-para-ver-aves\/","title":{"rendered":"4 parques naturales en Baleares para ver aves"},"content":{"rendered":"\n<figure class=\"wp-block-image size-large\"><a href=\"https:\/\/www.escapadarural.com\/blog\/wp-content\/uploads\/2018\/10\/DSC_0851.jpg\"><img decoding=\"async\" src=\"https:\/\/www.escapadarural.com\/blog\/wp-content\/uploads\/2018\/10\/DSC_0851.jpg\" alt=\"Observaci\u00f3n de aves\" class=\"wp-image-25914\"\/><\/a><figcaption class=\"wp-element-caption\">Por Pilar Andreu<\/figcaption><\/figure>\n\n\n\n<p>Las aves forman parte del paisaje de las <a href=\"https:\/\/www.escapadarural.com\/casas-rurales\/islas-baleares\" target=\"_blank\" rel=\"noopener noreferrer\">Islas Baleares<\/a>. \u00bfHay algo m\u00e1s bello que un atardecer con la silueta de varios flamencos en el Parque Natural de Ses Salines? Las Islas Baleares, adem\u00e1s de por sus playas y el entorno natural, ahora tambi\u00e9n es uno de los destinos ornitol\u00f3gicos m\u00e1s apreciados de Europa. Para este viaje bastar\u00e1n unos prism\u00e1ticos, una gu\u00eda de aves y un cuaderno. Opcionalmente, una c\u00e1mara con un buen objetivo.<\/p>\n\n\n\n<p>El archipi\u00e9lago balear es uno de los destinos preferidos de los observadores de aves gracias a una combinaci\u00f3n dif\u00edcil de superar: paisajes diversos con bosques de acebuches, humedales, playas con dunas y un total de 376 tipos diferentes de aves. De hecho, en Islas Baleares se encuentra la mayor poblaci\u00f3n espa\u00f1ola de \u00e1guilas pescadoras y de halcones Eleonores, adem\u00e1s de las \u00fanicas poblaciones mundiales de <em>pardela balear<\/em>. \u00a1Todo un tesoro para el turismo m\u00e1s sostenible!<\/p>\n\n\n\n<p>Cada una de las islas cuenta con emplazamientos especiales donde poder observar aves, aqu\u00ed os mostramos algunos de los m\u00e1s importantes.<\/p>\n\n\n\n<!--more-->\n\n\n\n<h2 class=\"wp-block-heading title-rute\"><strong>1.<\/strong> Parque Natural Serra de Tramuntana, Mallorca<\/h2>\n\n\n\n<figure class=\"wp-block-image size-large\"><a href=\"https:\/\/www.escapadarural.com\/blog\/wp-content\/uploads\/2018\/10\/Banyalbufar-2.jpg\"><img decoding=\"async\" src=\"https:\/\/www.escapadarural.com\/blog\/wp-content\/uploads\/2018\/10\/Banyalbufar-2.jpg\" alt=\"Serra de Tramuntana\" class=\"wp-image-25913\"\/><\/a><figcaption class=\"wp-element-caption\">Por Circumnavigation<\/figcaption><\/figure>\n\n\n\n<p>En junio de 2011, el paisaje cultural de la Sierra de Tramuntana fue declarado Patrimonio de la Humanidad por la Unesco. Sin duda, es uno de los entornos m\u00e1s emblem\u00e1ticos de las Islas Baleares y entre los bell\u00edsimos pueblos como <a href=\"https:\/\/www.escapadarural.com\/casas-rurales\/valldemossa\" target=\"_blank\" rel=\"noopener noreferrer\">Valldemossa<\/a> o Dei\u00e0, hay&nbsp;diferentes zonas de avistamiento de aves.<\/p>\n\n\n\n<p>La sierra es rica en especies end\u00e9micas. Al tratarse de una de las zonas m\u00e1s aisladas de la isla, est\u00e1 poco afectada por la actividad humana. Aqu\u00ed han sobrevivido especies amenazadas en otras partes de <a href=\"https:\/\/www.escapadarural.com\/casas-rurales\/mallorca\" target=\"_blank\" rel=\"noopener noreferrer\">Mallorca<\/a>, como el \u00e1guila pescadora o el buitre negro. Para descubrir la sierra lo mejor es adentrarse caminando. Podemos decidirnos por alguno de los muchos caminos, a menudo vinculados al sendero de Gran Recorrido GR-221. A lo largo de nuestra ruta, encontraremos refugios donde pernoctar, \u00e1reas recreativas y centros de interpretaci\u00f3n con todo tipo de informaci\u00f3n. Uno de ellos es el Centre Cultural Costa Nord, en Valldemossa, que cuenta con informaci\u00f3n sobre el enclave natural y una de las figuras m\u00e1s relacionadas con \u00e9l: el Archiduque Luis Salvador de Austria.<\/p>\n\n\n\n<h2 class=\"wp-block-heading title-rute\"><strong>2.<\/strong> Parque Natural S&#8217;Albufera, Mallorca<\/h2>\n\n\n\n<figure class=\"wp-block-image size-large\"><a href=\"https:\/\/www.escapadarural.com\/blog\/wp-content\/uploads\/2018\/10\/albufera_mallorca.jpg\"><img decoding=\"async\" src=\"https:\/\/www.escapadarural.com\/blog\/wp-content\/uploads\/2018\/10\/albufera_mallorca.jpg\" alt=\"S'Albufera\" class=\"wp-image-25912\"\/><\/a><figcaption class=\"wp-element-caption\">Por Dudlajzov<\/figcaption><\/figure>\n\n\n\n<p>En la isla de Mallorca, en concreto en la zona de la bah\u00eda de Alc\u00fadia, encontramos los humedales m\u00e1s extensos de las Islas Baleares. Son un total de 1.650 hect\u00e1reas que lo convierten en uno de los mejores lugares para el avistamiento de aves en el archipi\u00e9lago. Con unos buenos prism\u00e1ticos y una gu\u00eda no nos resultar\u00e1 complicado ver especies como el avetorillo, la cig\u00fce\u00f1uela o el carricer\u00edn y, en invierno, patos y garzas.<\/p>\n\n\n\n<p>S\u2019Albufera de Mallorca fue declarada parque natural el 28 de enero de 1988. Adem\u00e1s, est\u00e1 considerada como Zona de Especial Protecci\u00f3n para las Aves y forma parte de la Red Natura 2000. El agua y la humedad del suelo facilitan el crecimiento continuo de la vegetaci\u00f3n, convirti\u00e9ndose en el h\u00e1bitat de un total de 303 especies de aves entre sedentarias y estivales. \u00a1M\u00e1s de 10.000 aves invernan en s\u2019Albufera! As\u00ed que te ser\u00e1 f\u00e1cil disfrutar con el avistamiento de \u00e1nades, garzas y grandes grupos de estorninos.<\/p>\n\n\n\n<h2 class=\"wp-block-heading title-rute\"><strong>3.<\/strong> Parque Natural S&#8217;Albufera des Grau, Menorca<\/h2>\n\n\n\n<figure class=\"wp-block-image size-large\"><a href=\"https:\/\/www.escapadarural.com\/blog\/wp-content\/uploads\/2018\/10\/Favaritx.jpg\"><img decoding=\"async\" src=\"https:\/\/www.escapadarural.com\/blog\/wp-content\/uploads\/2018\/10\/Favaritx.jpg\" alt=\"Menorca\" class=\"wp-image-25911\"\/><\/a><figcaption class=\"wp-element-caption\">Fuente: Pilar Andreu<\/figcaption><\/figure>\n\n\n\n<p>Este es el parque natural m\u00e1s importante de <a href=\"https:\/\/www.escapadarural.com\/casas-rurales\/menorca\" target=\"_blank\" rel=\"noopener noreferrer\">Menorca<\/a> y uno de los lugares clave de la Reserva de la Biosfera menorquina. Comprende s&#8217;Albufera des Grau, la isla d&#8217;en Colom y el cabo de Fav\u00e0ritx, sumando m\u00e1s de 5.000 hect\u00e1reas. Dependiendo de la estaci\u00f3n, se pueden observar diferentes especies de aves. Durante todo el a\u00f1o podremos disfrutar del vuelo del milano real, el \u00e1guila pescadora y la garcilla bueyera, entre otras especies.<\/p>\n\n\n\n<p>El Centro de Recepci\u00f3n Rodr\u00edguez Femenias es el mejor lugar para comenzar nuestra visita. All\u00ed nos informan de tres rutas diferentes para recorrer el parque. Dos de ellas, con varios puntos de observaci\u00f3n, atrapar\u00e1n la atenci\u00f3n de aquellos viajeros amantes de la observaci\u00f3n de las aves. Te guste o no contemplar el vuelo de las aves, no hay que abandonar el parque sin pasar por el faro de Favaritx, desde donde nos espera la vista de espectaculares acantilados.<\/p>\n\n\n\n<h2 class=\"wp-block-heading title-rute\"><strong>4.<\/strong> Parque Natural de Ses Salines, Ibiza y Formentera<\/h2>\n\n\n\n<figure class=\"wp-block-image size-large\"><a href=\"https:\/\/www.escapadarural.com\/blog\/wp-content\/uploads\/2018\/10\/ses_salines.jpg\"><img decoding=\"async\" src=\"https:\/\/www.escapadarural.com\/blog\/wp-content\/uploads\/2018\/10\/ses_salines.jpg\" alt=\"Ses Salines\" class=\"wp-image-25910\"\/><\/a><figcaption class=\"wp-element-caption\">Por Jorge Sierra<\/figcaption><\/figure>\n\n\n\n<p>Con la puesta del sol, el cielo del Parque Natural de Ses Salines parece una acuarela en la que dominan los tonos rojizos y violetas. A lo lejos, las siluetas de los flamencos se van recortando. Si sus estanques salineros se explotan desde el 600 a. C., hoy en d\u00eda el paraje es uno de los m\u00e1s bellos para ver aves. El Parque Natural de Ses Salines ocupa un territorio en com\u00fan entre <a href=\"https:\/\/www.escapadarural.com\/casas-rurales\/eivissa_zona-turistica\" target=\"_blank\" rel=\"noopener noreferrer\">Ibiza<\/a> y <a href=\"https:\/\/www.escapadarural.com\/casas-rurales\/formentera\" target=\"_blank\" rel=\"noopener noreferrer\">Formentera<\/a>. Por dimensiones es uno de los parques naturales m\u00e1s extensos de Espa\u00f1a, el h\u00e1bitat de m\u00e1s de 200 especies de aves, entre las que destacan los flamencos, que llegan entre agosto y octubre, y se quedan hasta bien entrado el invierno.<\/p>\n","protected":false},"excerpt":{"rendered":"<p>Las Islas Baleares, adem\u00e1s de por sus playas y el entorno natural, ahora tambi\u00e9n es uno de los destinos ornitol\u00f3gicos m\u00e1s apreciados de Europa. Para este viaje bastar\u00e1n unos prism\u00e1ticos, una gu\u00eda de aves y un cuaderno. Opcionalmente, una c\u00e1mara con un buen objetivo.<\/p>\n","protected":false},"author":112,"featured_media":104187,"comment_status":"open","ping_status":"closed","sticky":false,"template":"","format":"standard","meta":{"_acf_changed":false,"om_disable_all_campaigns":false,"footnotes":""},"categories":[191],"tags":[700,408,2169,215,410,411,585,887,579,866],"class_list":["post-9790","post","type-post","status-publish","format-standard","has-post-thumbnail","hentry","category-destinos","tag-aves","tag-formentera","tag-islas-baleareas","tag-listado","tag-mallorca","tag-menorca","tag-naturaleza","tag-ornitologia","tag-parque-natural","tag-parques-naturales"],"acf":[],"featured_image_src":"https:\/\/www.escapadarural.com\/blog\/wp-content\/uploads\/2024\/10\/DSC_0851-2.jpg","author_info":{"display_name":"Jos\u00e9 Alejandro Adamuz","author_link":"https:\/\/www.escapadarural.com\/blog\/autor\/josealejandro\/"},"yoast_head":"<!-- This site is optimized with the Yoast SEO plugin v27.5 - https:\/\/yoast.com\/product\/yoast-seo-wordpress\/ -->\n<title>4 parques naturales en Baleares para ver aves - EscapadaRural<\/title>\n<meta name=\"robots\" content=\"index, follow, max-snippet:-1, max-image-preview:large, max-video-preview:-1\" \/>\n<link rel=\"canonical\" href=\"https:\/\/www.escapadarural.com\/blog\/parques-naturales-en-baleares-para-ver-aves\/\" \/>\n<meta property=\"og:locale\" content=\"es_ES\" \/>\n<meta property=\"og:type\" content=\"article\" \/>\n<meta property=\"og:title\" content=\"4 parques naturales en Baleares para ver aves - EscapadaRural\" \/>\n<meta property=\"og:description\" content=\"Las Islas Baleares, adem\u00e1s de por sus playas y el entorno natural, ahora tambi\u00e9n es uno de los destinos ornitol\u00f3gicos m\u00e1s apreciados de Europa. Para este viaje bastar\u00e1n unos prism\u00e1ticos, una gu\u00eda de aves y un cuaderno. Opcionalmente, una c\u00e1mara con un buen objetivo.\" \/>\n<meta property=\"og:url\" content=\"https:\/\/www.escapadarural.com\/blog\/parques-naturales-en-baleares-para-ver-aves\/\" \/>\n<meta property=\"og:site_name\" content=\"Magazine de viajes de EscapadaRural\" \/>\n<meta property=\"article:publisher\" content=\"https:\/\/www.facebook.com\/escapadarural\" \/>\n<meta property=\"article:published_time\" content=\"2018-10-01T08:30:02+00:00\" \/>\n<meta property=\"article:modified_time\" content=\"2025-01-16T12:51:30+00:00\" \/>\n<meta property=\"og:image\" content=\"https:\/\/www.escapadarural.com\/blog\/wp-content\/uploads\/2024\/10\/DSC_0851-2.jpg\" \/>\n\t<meta property=\"og:image:width\" content=\"1024\" \/>\n\t<meta property=\"og:image:height\" content=\"680\" \/>\n\t<meta property=\"og:image:type\" content=\"image\/jpeg\" \/>\n<meta name=\"author\" content=\"Jos\u00e9 Alejandro Adamuz\" \/>\n<meta name=\"twitter:card\" content=\"summary_large_image\" \/>\n<meta name=\"twitter:label1\" content=\"Escrito por\" \/>\n\t<meta name=\"twitter:data1\" content=\"Jos\u00e9 Alejandro Adamuz\" \/>\n\t<meta name=\"twitter:label2\" content=\"Tiempo de lectura\" \/>\n\t<meta name=\"twitter:data2\" content=\"4 minutos\" \/>\n<script type=\"application\/ld+json\" class=\"yoast-schema-graph\">{\"@context\":\"https:\\\/\\\/schema.org\",\"@graph\":[{\"@type\":\"Article\",\"@id\":\"https:\\\/\\\/www.escapadarural.com\\\/blog\\\/parques-naturales-en-baleares-para-ver-aves\\\/#article\",\"isPartOf\":{\"@id\":\"https:\\\/\\\/www.escapadarural.com\\\/blog\\\/parques-naturales-en-baleares-para-ver-aves\\\/\"},\"author\":{\"name\":\"Jos\u00e9 Alejandro Adamuz\",\"@id\":\"https:\\\/\\\/www.escapadarural.com\\\/blog\\\/#\\\/schema\\\/person\\\/ac6969ba5ab90987dda9465be409d6b3\"},\"headline\":\"4 parques naturales en Baleares para ver aves\",\"datePublished\":\"2018-10-01T08:30:02+00:00\",\"dateModified\":\"2025-01-16T12:51:30+00:00\",\"mainEntityOfPage\":{\"@id\":\"https:\\\/\\\/www.escapadarural.com\\\/blog\\\/parques-naturales-en-baleares-para-ver-aves\\\/\"},\"wordCount\":874,\"commentCount\":0,\"publisher\":{\"@id\":\"https:\\\/\\\/www.escapadarural.com\\\/blog\\\/#organization\"},\"image\":{\"@id\":\"https:\\\/\\\/www.escapadarural.com\\\/blog\\\/parques-naturales-en-baleares-para-ver-aves\\\/#primaryimage\"},\"thumbnailUrl\":\"https:\\\/\\\/www.escapadarural.com\\\/blog\\\/wp-content\\\/uploads\\\/2024\\\/10\\\/DSC_0851-2.jpg\",\"keywords\":[\"Aves\",\"Formentera\",\"Islas Baleareas\",\"Listado\",\"Mallorca\",\"Menorca\",\"Naturaleza\",\"ornitolog\u00eda\",\"Parque Natural\",\"Parques Naturales\"],\"articleSection\":[\"Destinos\"],\"inLanguage\":\"es\",\"potentialAction\":[{\"@type\":\"CommentAction\",\"name\":\"Comment\",\"target\":[\"https:\\\/\\\/www.escapadarural.com\\\/blog\\\/parques-naturales-en-baleares-para-ver-aves\\\/#respond\"]}]},{\"@type\":\"WebPage\",\"@id\":\"https:\\\/\\\/www.escapadarural.com\\\/blog\\\/parques-naturales-en-baleares-para-ver-aves\\\/\",\"url\":\"https:\\\/\\\/www.escapadarural.com\\\/blog\\\/parques-naturales-en-baleares-para-ver-aves\\\/\",\"name\":\"4 parques naturales en Baleares para ver aves - EscapadaRural\",\"isPartOf\":{\"@id\":\"https:\\\/\\\/www.escapadarural.com\\\/blog\\\/#website\"},\"primaryImageOfPage\":{\"@id\":\"https:\\\/\\\/www.escapadarural.com\\\/blog\\\/parques-naturales-en-baleares-para-ver-aves\\\/#primaryimage\"},\"image\":{\"@id\":\"https:\\\/\\\/www.escapadarural.com\\\/blog\\\/parques-naturales-en-baleares-para-ver-aves\\\/#primaryimage\"},\"thumbnailUrl\":\"https:\\\/\\\/www.escapadarural.com\\\/blog\\\/wp-content\\\/uploads\\\/2024\\\/10\\\/DSC_0851-2.jpg\",\"datePublished\":\"2018-10-01T08:30:02+00:00\",\"dateModified\":\"2025-01-16T12:51:30+00:00\",\"breadcrumb\":{\"@id\":\"https:\\\/\\\/www.escapadarural.com\\\/blog\\\/parques-naturales-en-baleares-para-ver-aves\\\/#breadcrumb\"},\"inLanguage\":\"es\",\"potentialAction\":[{\"@type\":\"ReadAction\",\"target\":[\"https:\\\/\\\/www.escapadarural.com\\\/blog\\\/parques-naturales-en-baleares-para-ver-aves\\\/\"]}]},{\"@type\":\"ImageObject\",\"inLanguage\":\"es\",\"@id\":\"https:\\\/\\\/www.escapadarural.com\\\/blog\\\/parques-naturales-en-baleares-para-ver-aves\\\/#primaryimage\",\"url\":\"https:\\\/\\\/www.escapadarural.com\\\/blog\\\/wp-content\\\/uploads\\\/2024\\\/10\\\/DSC_0851-2.jpg\",\"contentUrl\":\"https:\\\/\\\/www.escapadarural.com\\\/blog\\\/wp-content\\\/uploads\\\/2024\\\/10\\\/DSC_0851-2.jpg\",\"width\":1024,\"height\":680,\"caption\":\"Una gaviota se posa sobre una roca junto al mar, con olas, tierra lejana y un cielo parcialmente nublado de fondo.\"},{\"@type\":\"BreadcrumbList\",\"@id\":\"https:\\\/\\\/www.escapadarural.com\\\/blog\\\/parques-naturales-en-baleares-para-ver-aves\\\/#breadcrumb\",\"itemListElement\":[{\"@type\":\"ListItem\",\"position\":1,\"name\":\"Inicio\",\"item\":\"https:\\\/\\\/www.escapadarural.com\\\/blog\\\/\"},{\"@type\":\"ListItem\",\"position\":2,\"name\":\"Destinos\",\"item\":\"https:\\\/\\\/www.escapadarural.com\\\/blog\\\/categoria\\\/destinos\\\/\"},{\"@type\":\"ListItem\",\"position\":3,\"name\":\"4 parques naturales en Baleares para ver aves\"}]},{\"@type\":\"WebSite\",\"@id\":\"https:\\\/\\\/www.escapadarural.com\\\/blog\\\/#website\",\"url\":\"https:\\\/\\\/www.escapadarural.com\\\/blog\\\/\",\"name\":\"Blog de viajes | turismo rural, alojamientos e inspiraci\u00f3n\",\"description\":\"Alojamientos rurales e inspiraci\u00f3n para tus escapadas\",\"publisher\":{\"@id\":\"https:\\\/\\\/www.escapadarural.com\\\/blog\\\/#organization\"},\"alternateName\":\"Magazine de viajes de EscapadaRural\",\"potentialAction\":[{\"@type\":\"SearchAction\",\"target\":{\"@type\":\"EntryPoint\",\"urlTemplate\":\"https:\\\/\\\/www.escapadarural.com\\\/blog\\\/?s={search_term_string}\"},\"query-input\":{\"@type\":\"PropertyValueSpecification\",\"valueRequired\":true,\"valueName\":\"search_term_string\"}}],\"inLanguage\":\"es\"},{\"@type\":\"Organization\",\"@id\":\"https:\\\/\\\/www.escapadarural.com\\\/blog\\\/#organization\",\"name\":\"EscapadaRural\",\"url\":\"https:\\\/\\\/www.escapadarural.com\\\/blog\\\/\",\"logo\":{\"@type\":\"ImageObject\",\"inLanguage\":\"es\",\"@id\":\"https:\\\/\\\/www.escapadarural.com\\\/blog\\\/#\\\/schema\\\/logo\\\/image\\\/\",\"url\":\"https:\\\/\\\/www.escapadarural.com\\\/blog\\\/wp-content\\\/uploads\\\/2024\\\/10\\\/cropped-cropped-escapada-rural-icon-mag-3.png\",\"contentUrl\":\"https:\\\/\\\/www.escapadarural.com\\\/blog\\\/wp-content\\\/uploads\\\/2024\\\/10\\\/cropped-cropped-escapada-rural-icon-mag-3.png\",\"width\":512,\"height\":512,\"caption\":\"EscapadaRural\"},\"image\":{\"@id\":\"https:\\\/\\\/www.escapadarural.com\\\/blog\\\/#\\\/schema\\\/logo\\\/image\\\/\"},\"sameAs\":[\"https:\\\/\\\/www.facebook.com\\\/escapadarural\",\"https:\\\/\\\/www.instagram.com\\\/escapadarural\\\/\",\"https:\\\/\\\/www.youtube.com\\\/@escapadaruralcom\"]},{\"@type\":\"Person\",\"@id\":\"https:\\\/\\\/www.escapadarural.com\\\/blog\\\/#\\\/schema\\\/person\\\/ac6969ba5ab90987dda9465be409d6b3\",\"name\":\"Jos\u00e9 Alejandro Adamuz\",\"image\":{\"@type\":\"ImageObject\",\"inLanguage\":\"es\",\"@id\":\"https:\\\/\\\/www.escapadarural.com\\\/blog\\\/wp-content\\\/uploads\\\/2025\\\/02\\\/cropped-jose_alejandro_viajar-96x96.webp\",\"url\":\"https:\\\/\\\/www.escapadarural.com\\\/blog\\\/wp-content\\\/uploads\\\/2025\\\/02\\\/cropped-jose_alejandro_viajar-96x96.webp\",\"contentUrl\":\"https:\\\/\\\/www.escapadarural.com\\\/blog\\\/wp-content\\\/uploads\\\/2025\\\/02\\\/cropped-jose_alejandro_viajar-96x96.webp\",\"caption\":\"Jos\u00e9 Alejandro Adamuz\"},\"description\":\"Soy licenciado en filolog\u00eda hisp\u00e1nica y periodista por vocaci\u00f3n. Tambi\u00e9n soy disl\u00e9xico, por lo que suelo confundir la derecha con la izquierda y los kil\u00f3metros con la literatura. Pero de momento me va bien as\u00ed. Colaboro habitualmente en diferentes medios haciendo cr\u00f3nica de viajes y periodismo cultural. Me gusta que los viajes cuenten historias y que las historias me hagan viajar.\",\"sameAs\":[\"https:\\\/\\\/viviratodaletra.com\\\/\"],\"url\":\"https:\\\/\\\/www.escapadarural.com\\\/blog\\\/autor\\\/josealejandro\\\/\"}]}<\/script>\n<!-- \/ Yoast SEO plugin. -->","yoast_head_json":{"title":"4 parques naturales en Baleares para ver aves - EscapadaRural","robots":{"index":"index","follow":"follow","max-snippet":"max-snippet:-1","max-image-preview":"max-image-preview:large","max-video-preview":"max-video-preview:-1"},"canonical":"https:\/\/www.escapadarural.com\/blog\/parques-naturales-en-baleares-para-ver-aves\/","og_locale":"es_ES","og_type":"article","og_title":"4 parques naturales en Baleares para ver aves - EscapadaRural","og_description":"Las Islas Baleares, adem\u00e1s de por sus playas y el entorno natural, ahora tambi\u00e9n es uno de los destinos ornitol\u00f3gicos m\u00e1s apreciados de Europa. Para este viaje bastar\u00e1n unos prism\u00e1ticos, una gu\u00eda de aves y un cuaderno. Opcionalmente, una c\u00e1mara con un buen objetivo.","og_url":"https:\/\/www.escapadarural.com\/blog\/parques-naturales-en-baleares-para-ver-aves\/","og_site_name":"Magazine de viajes de EscapadaRural","article_publisher":"https:\/\/www.facebook.com\/escapadarural","article_published_time":"2018-10-01T08:30:02+00:00","article_modified_time":"2025-01-16T12:51:30+00:00","og_image":[{"width":1024,"height":680,"url":"https:\/\/www.escapadarural.com\/blog\/wp-content\/uploads\/2024\/10\/DSC_0851-2.jpg","type":"image\/jpeg"}],"author":"Jos\u00e9 Alejandro Adamuz","twitter_card":"summary_large_image","twitter_misc":{"Escrito por":"Jos\u00e9 Alejandro Adamuz","Tiempo de lectura":"4 minutos"},"schema":{"@context":"https:\/\/schema.org","@graph":[{"@type":"Article","@id":"https:\/\/www.escapadarural.com\/blog\/parques-naturales-en-baleares-para-ver-aves\/#article","isPartOf":{"@id":"https:\/\/www.escapadarural.com\/blog\/parques-naturales-en-baleares-para-ver-aves\/"},"author":{"name":"Jos\u00e9 Alejandro Adamuz","@id":"https:\/\/www.escapadarural.com\/blog\/#\/schema\/person\/ac6969ba5ab90987dda9465be409d6b3"},"headline":"4 parques naturales en Baleares para ver aves","datePublished":"2018-10-01T08:30:02+00:00","dateModified":"2025-01-16T12:51:30+00:00","mainEntityOfPage":{"@id":"https:\/\/www.escapadarural.com\/blog\/parques-naturales-en-baleares-para-ver-aves\/"},"wordCount":874,"commentCount":0,"publisher":{"@id":"https:\/\/www.escapadarural.com\/blog\/#organization"},"image":{"@id":"https:\/\/www.escapadarural.com\/blog\/parques-naturales-en-baleares-para-ver-aves\/#primaryimage"},"thumbnailUrl":"https:\/\/www.escapadarural.com\/blog\/wp-content\/uploads\/2024\/10\/DSC_0851-2.jpg","keywords":["Aves","Formentera","Islas Baleareas","Listado","Mallorca","Menorca","Naturaleza","ornitolog\u00eda","Parque Natural","Parques Naturales"],"articleSection":["Destinos"],"inLanguage":"es","potentialAction":[{"@type":"CommentAction","name":"Comment","target":["https:\/\/www.escapadarural.com\/blog\/parques-naturales-en-baleares-para-ver-aves\/#respond"]}]},{"@type":"WebPage","@id":"https:\/\/www.escapadarural.com\/blog\/parques-naturales-en-baleares-para-ver-aves\/","url":"https:\/\/www.escapadarural.com\/blog\/parques-naturales-en-baleares-para-ver-aves\/","name":"4 parques naturales en Baleares para ver aves - EscapadaRural","isPartOf":{"@id":"https:\/\/www.escapadarural.com\/blog\/#website"},"primaryImageOfPage":{"@id":"https:\/\/www.escapadarural.com\/blog\/parques-naturales-en-baleares-para-ver-aves\/#primaryimage"},"image":{"@id":"https:\/\/www.escapadarural.com\/blog\/parques-naturales-en-baleares-para-ver-aves\/#primaryimage"},"thumbnailUrl":"https:\/\/www.escapadarural.com\/blog\/wp-content\/uploads\/2024\/10\/DSC_0851-2.jpg","datePublished":"2018-10-01T08:30:02+00:00","dateModified":"2025-01-16T12:51:30+00:00","breadcrumb":{"@id":"https:\/\/www.escapadarural.com\/blog\/parques-naturales-en-baleares-para-ver-aves\/#breadcrumb"},"inLanguage":"es","potentialAction":[{"@type":"ReadAction","target":["https:\/\/www.escapadarural.com\/blog\/parques-naturales-en-baleares-para-ver-aves\/"]}]},{"@type":"ImageObject","inLanguage":"es","@id":"https:\/\/www.escapadarural.com\/blog\/parques-naturales-en-baleares-para-ver-aves\/#primaryimage","url":"https:\/\/www.escapadarural.com\/blog\/wp-content\/uploads\/2024\/10\/DSC_0851-2.jpg","contentUrl":"https:\/\/www.escapadarural.com\/blog\/wp-content\/uploads\/2024\/10\/DSC_0851-2.jpg","width":1024,"height":680,"caption":"Una gaviota se posa sobre una roca junto al mar, con olas, tierra lejana y un cielo parcialmente nublado de fondo."},{"@type":"BreadcrumbList","@id":"https:\/\/www.escapadarural.com\/blog\/parques-naturales-en-baleares-para-ver-aves\/#breadcrumb","itemListElement":[{"@type":"ListItem","position":1,"name":"Inicio","item":"https:\/\/www.escapadarural.com\/blog\/"},{"@type":"ListItem","position":2,"name":"Destinos","item":"https:\/\/www.escapadarural.com\/blog\/categoria\/destinos\/"},{"@type":"ListItem","position":3,"name":"4 parques naturales en Baleares para ver aves"}]},{"@type":"WebSite","@id":"https:\/\/www.escapadarural.com\/blog\/#website","url":"https:\/\/www.escapadarural.com\/blog\/","name":"Blog de viajes | turismo rural, alojamientos e inspiraci\u00f3n","description":"Alojamientos rurales e inspiraci\u00f3n para tus escapadas","publisher":{"@id":"https:\/\/www.escapadarural.com\/blog\/#organization"},"alternateName":"Magazine de viajes de EscapadaRural","potentialAction":[{"@type":"SearchAction","target":{"@type":"EntryPoint","urlTemplate":"https:\/\/www.escapadarural.com\/blog\/?s={search_term_string}"},"query-input":{"@type":"PropertyValueSpecification","valueRequired":true,"valueName":"search_term_string"}}],"inLanguage":"es"},{"@type":"Organization","@id":"https:\/\/www.escapadarural.com\/blog\/#organization","name":"EscapadaRural","url":"https:\/\/www.escapadarural.com\/blog\/","logo":{"@type":"ImageObject","inLanguage":"es","@id":"https:\/\/www.escapadarural.com\/blog\/#\/schema\/logo\/image\/","url":"https:\/\/www.escapadarural.com\/blog\/wp-content\/uploads\/2024\/10\/cropped-cropped-escapada-rural-icon-mag-3.png","contentUrl":"https:\/\/www.escapadarural.com\/blog\/wp-content\/uploads\/2024\/10\/cropped-cropped-escapada-rural-icon-mag-3.png","width":512,"height":512,"caption":"EscapadaRural"},"image":{"@id":"https:\/\/www.escapadarural.com\/blog\/#\/schema\/logo\/image\/"},"sameAs":["https:\/\/www.facebook.com\/escapadarural","https:\/\/www.instagram.com\/escapadarural\/","https:\/\/www.youtube.com\/@escapadaruralcom"]},{"@type":"Person","@id":"https:\/\/www.escapadarural.com\/blog\/#\/schema\/person\/ac6969ba5ab90987dda9465be409d6b3","name":"Jos\u00e9 Alejandro Adamuz","image":{"@type":"ImageObject","inLanguage":"es","@id":"https:\/\/www.escapadarural.com\/blog\/wp-content\/uploads\/2025\/02\/cropped-jose_alejandro_viajar-96x96.webp","url":"https:\/\/www.escapadarural.com\/blog\/wp-content\/uploads\/2025\/02\/cropped-jose_alejandro_viajar-96x96.webp","contentUrl":"https:\/\/www.escapadarural.com\/blog\/wp-content\/uploads\/2025\/02\/cropped-jose_alejandro_viajar-96x96.webp","caption":"Jos\u00e9 Alejandro Adamuz"},"description":"Soy licenciado en filolog\u00eda hisp\u00e1nica y periodista por vocaci\u00f3n. Tambi\u00e9n soy disl\u00e9xico, por lo que suelo confundir la derecha con la izquierda y los kil\u00f3metros con la literatura. Pero de momento me va bien as\u00ed. Colaboro habitualmente en diferentes medios haciendo cr\u00f3nica de viajes y periodismo cultural. Me gusta que los viajes cuenten historias y que las historias me hagan viajar.","sameAs":["https:\/\/viviratodaletra.com\/"],"url":"https:\/\/www.escapadarural.com\/blog\/autor\/josealejandro\/"}]}},"_links":{"self":[{"href":"https:\/\/www.escapadarural.com\/blog\/wp-json\/wp\/v2\/posts\/9790","targetHints":{"allow":["GET"]}}],"collection":[{"href":"https:\/\/www.escapadarural.com\/blog\/wp-json\/wp\/v2\/posts"}],"about":[{"href":"https:\/\/www.escapadarural.com\/blog\/wp-json\/wp\/v2\/types\/post"}],"author":[{"embeddable":true,"href":"https:\/\/www.escapadarural.com\/blog\/wp-json\/wp\/v2\/users\/112"}],"replies":[{"embeddable":true,"href":"https:\/\/www.escapadarural.com\/blog\/wp-json\/wp\/v2\/comments?post=9790"}],"version-history":[{"count":0,"href":"https:\/\/www.escapadarural.com\/blog\/wp-json\/wp\/v2\/posts\/9790\/revisions"}],"wp:featuredmedia":[{"embeddable":true,"href":"https:\/\/www.escapadarural.com\/blog\/wp-json\/wp\/v2\/media\/104187"}],"wp:attachment":[{"href":"https:\/\/www.escapadarural.com\/blog\/wp-json\/wp\/v2\/media?parent=9790"}],"wp:term":[{"taxonomy":"category","embeddable":true,"href":"https:\/\/www.escapadarural.com\/blog\/wp-json\/wp\/v2\/categories?post=9790"},{"taxonomy":"post_tag","embeddable":true,"href":"https:\/\/www.escapadarural.com\/blog\/wp-json\/wp\/v2\/tags?post=9790"}],"curies":[{"name":"wp","href":"https:\/\/api.w.org\/{rel}","templated":true}]}}