{"id":9848,"date":"2018-10-08T09:30:13","date_gmt":"2018-10-08T09:30:13","guid":{"rendered":"http:\/\/15.188.81.248\/2018\/10\/08\/las-caidas-de-la-negra-vida-en-el-desierto\/"},"modified":"2025-06-06T14:19:29","modified_gmt":"2025-06-06T12:19:29","slug":"las-caidas-de-la-negra-vida-en-el-desierto","status":"publish","type":"post","link":"https:\/\/www.escapadarural.com\/blog\/las-caidas-de-la-negra-vida-en-el-desierto\/","title":{"rendered":"Ca\u00eddas de la Negra, vida en el desierto de Navarra"},"content":{"rendered":"\n<figure class=\"wp-block-image size-large\"><a href=\"https:\/\/www.escapadarural.com\/blog\/wp-content\/uploads\/2018\/10\/Ca\u00eddas-de-la-Negra-Paisajes-8.jpg\"><img decoding=\"async\" src=\"https:\/\/www.escapadarural.com\/blog\/wp-content\/uploads\/2018\/10\/Ca\u00eddas-de-la-Negra-Paisajes-8-1024x768.jpg\" alt=\"Ca\u00eddas de la Negra\" class=\"wp-image-25829\"\/><\/a><figcaption class=\"wp-element-caption\">Por El\u00edsabet Garc\u00eda<\/figcaption><\/figure>\n\n\n\n<p>El andurrial de <strong>las Ca\u00eddas de la Negra&nbsp;<\/strong>es&nbsp;una de las tres reservas naturales que existen en&nbsp;<a href=\"\/blog\/las-bardenas-reales-agua-desierto-y-ocio\/\">las Bardenas Reales de Navarra<\/a>. Concretamente, este paraje se localiza en la ladera sur de la Plana Negra, en la <strong>Bardena Negra<\/strong>. Un inusual lienzo de 1.925 hect\u00e1reas donde el viento, la lluvia y el ser humano han dibujado barrancos, mont\u00edculos arcillosos, humedales y campos de cereal atestiguando, una vez m\u00e1s,&nbsp;la enorme disparidad paisaj\u00edstica de&nbsp;<a href=\"\/casas-rurales\/navarra\">Navarra<\/a>.<\/p>\n\n\n\n<p>La altura de <strong>la Plana Negra<\/strong> \u2013648 metros en su punto m\u00e1s alto\u2013 favorece la abundancia de lluvias en las Ca\u00eddas de la Negra. Esta es la zona donde se concentra mayor densidad de vegetaci\u00f3n del parque, por lo que los vastos campos de cereales, los bosques de pino, enebro, sabina y romero contrastan con los terrenos \u00e1ridos y semides\u00e9rticos de la Bardena Blanca.<\/p>\n\n\n\n<figure class=\"wp-block-image size-large\"><a href=\"https:\/\/www.escapadarural.com\/blog\/wp-content\/uploads\/2018\/10\/Ca\u00eddas-de-la-Negra-Paisajes-10.jpg\"><img decoding=\"async\" src=\"https:\/\/www.escapadarural.com\/blog\/wp-content\/uploads\/2018\/10\/Ca\u00eddas-de-la-Negra-Paisajes-10-1024x768.jpg\" alt=\"Ca\u00eddas de la Negra\" class=\"wp-image-25828\"\/><\/a><figcaption class=\"wp-element-caption\">Por El\u00edsabet Garc\u00eda<\/figcaption><\/figure>\n\n\n\n<figure class=\"wp-block-image size-large\"><a href=\"https:\/\/www.escapadarural.com\/blog\/wp-content\/uploads\/2018\/10\/Ca\u00eddas-de-la-Negra-Paisajes-11.jpg\"><img decoding=\"async\" src=\"https:\/\/www.escapadarural.com\/blog\/wp-content\/uploads\/2018\/10\/Ca\u00eddas-de-la-Negra-Paisajes-11-1024x768.jpg\" alt=\"Ca\u00eddas de la Negra\" class=\"wp-image-25827\"\/><\/a><figcaption class=\"wp-element-caption\">Por El\u00edsabet Garc\u00eda<\/figcaption><\/figure>\n\n\n\n<p>Con una riqueza biol\u00f3gica&nbsp;indiscutible, las Ca\u00eddas de la Negra ofrece un h\u00e1bitat m\u00e1s que id\u00f3neo para el crecimiento y desarrollo de especies end\u00e9micas de la zona como \u00e1guilas reales, alimoches, gatos monteses, anfibios, buitres y hasta, ejemplares de v\u00edbora hocicuda.<\/p>\n\n\n\n<figure class=\"wp-block-image size-large\"><a href=\"https:\/\/www.escapadarural.com\/blog\/wp-content\/uploads\/2018\/10\/Ca\u00eddas-de-la-Negra-Paisajes-6.jpg\"><img decoding=\"async\" src=\"https:\/\/www.escapadarural.com\/blog\/wp-content\/uploads\/2018\/10\/Ca\u00eddas-de-la-Negra-Paisajes-6-1024x768.jpg\" alt=\"Ca\u00eddas de la Negra\" class=\"wp-image-25826\"\/><\/a><figcaption class=\"wp-element-caption\">Por El\u00edsabet Garc\u00eda<\/figcaption><\/figure>\n\n\n\n<p>Al contrario de lo que sucede en la Bardena Blanca, los barrancos que se forman en las Ca\u00eddas de la Negra son m\u00e1s estrechos y profundos. En parte se debe al fuerte desnivel de 270 metros. Entre los m\u00e1s llamativos est\u00e1n el barranco del Avejar, el de Valdenovillas, el del Viso y el de L\u00e1zaro.<\/p>\n\n\n\n<p>\u00bfSe puede visitar? S\u00ed. La <strong>Reserva Natural de las Ca\u00eddas de la Negra<\/strong> est\u00e1 vertebrada por una <a href=\"https:\/\/www.bardenasreales.es\/turismo_1v.htm\" target=\"_blank\" rel=\"noopener noreferrer\">importante red de senderos<\/a> que permite disfrutar de su peculiar belleza y orograf\u00eda desde diferentes puntos de vista.<\/p>\n\n\n\n<figure class=\"wp-block-image size-large\"><a href=\"https:\/\/www.escapadarural.com\/blog\/wp-content\/uploads\/2018\/10\/Ca\u00eddas-de-la-Negra-Paisajes-4.jpg\"><img decoding=\"async\" src=\"https:\/\/www.escapadarural.com\/blog\/wp-content\/uploads\/2018\/10\/Ca\u00eddas-de-la-Negra-Paisajes-4-1024x768.jpg\" alt=\"Ca\u00eddas de la Negra\" class=\"wp-image-25825\"\/><\/a><figcaption class=\"wp-element-caption\">Por El\u00edsabet Garc\u00eda<\/figcaption><\/figure>\n\n\n\n<figure class=\"wp-block-image size-large\"><a href=\"https:\/\/www.escapadarural.com\/blog\/wp-content\/uploads\/2018\/10\/Ca\u00eddas-de-la-Negra-Paisajes-1.jpg\"><img decoding=\"async\" src=\"https:\/\/www.escapadarural.com\/blog\/wp-content\/uploads\/2018\/10\/Ca\u00eddas-de-la-Negra-Paisajes-1-1024x768.jpg\" alt=\"Ca\u00eddas de la Negra\" class=\"wp-image-25824\"\/><\/a><figcaption class=\"wp-element-caption\">Por El\u00edsabet Garc\u00eda<\/figcaption><\/figure>\n\n\n\n<figure class=\"wp-block-image size-large\"><a href=\"https:\/\/www.escapadarural.com\/blog\/wp-content\/uploads\/2018\/10\/Ca\u00eddas-de-la-Negra-Pared.jpg\"><img decoding=\"async\" src=\"https:\/\/www.escapadarural.com\/blog\/wp-content\/uploads\/2018\/10\/Ca\u00eddas-de-la-Negra-Pared-1024x768.jpg\" alt=\"Ca\u00eddas de la Negra\" class=\"wp-image-25823\"\/><\/a><figcaption class=\"wp-element-caption\">Por El\u00edsabet Garc\u00eda<\/figcaption><\/figure>\n\n\n\n<p>Las posibles opciones var\u00edan seg\u00fan se vaya a pie, en BTT o utilizando alg\u00fan veh\u00edculo a motor: coches, quad o 4&#215;4. Por supuesto, siempre se debe respetar la se\u00f1alizaci\u00f3n espec\u00edfica y los l\u00edmites establecidos.<\/p>\n\n\n\n<figure class=\"wp-block-image size-large\"><a href=\"https:\/\/www.escapadarural.com\/blog\/wp-content\/uploads\/2018\/10\/Ca\u00eddas-de-la-Negra-Mapa-scaled.jpg\"><img decoding=\"async\" src=\"https:\/\/www.escapadarural.com\/blog\/wp-content\/uploads\/2018\/10\/Ca\u00eddas-de-la-Negra-Mapa-1024x844.jpg\" alt=\"Ca\u00eddas de la Negra\" class=\"wp-image-25821\"\/><\/a><figcaption class=\"wp-element-caption\">Por El\u00edsabet Garc\u00eda<\/figcaption><\/figure>\n\n\n<div class=\"wp-block-image\">\n<figure class=\"aligncenter size-large\"><a href=\"https:\/\/www.escapadarural.com\/blog\/wp-content\/uploads\/2018\/10\/Ca\u00eddas-de-la-Negra-Se\u00f1alizaci\u00f3n.jpg\"><img decoding=\"async\" src=\"https:\/\/www.escapadarural.com\/blog\/wp-content\/uploads\/2018\/10\/Ca\u00eddas-de-la-Negra-Se\u00f1alizaci\u00f3n-768x1024.jpg\" alt=\"Ca\u00eddas de la Negra\" class=\"wp-image-25820\"\/><\/a><figcaption class=\"wp-element-caption\">Por El\u00edsabet Garc\u00eda<\/figcaption><\/figure>\n<\/div>\n\n\n<p>Si se opta por explorar <strong>las Ca\u00eddas de la Negra a pie<\/strong>, es m\u00e1s que recomendable extremar las precauciones en d\u00edas&nbsp;de lluvia. Los suelos arcillosos se erosionan con facilidad y la superficie puede presentar alg\u00fan que otro boquete.<\/p>\n\n\n\n<p>Una de las rutas dise\u00f1adas para las&nbsp;cuatro ruedas es la que tiene como origen el kil\u00f3metro 17&#8217;5 de la carretera NA-125 (direcci\u00f3n Ejea) y, como destino, el santuario de Nuestra Se\u00f1ora de Sancho Abarca. Este punto estrat\u00e9gico, perteneciente al municipio aragon\u00e9s de <a href=\"\/casas-rurales\/tauste\">Tauste<\/a>, es especialmente popular por albergar una ermita barroca del siglo XVII y por regalar al visitante unas abrumadoras panor\u00e1micas de las <strong>Bardenas Reales <\/strong> y de su vecino el Pico El Moncayo.<\/p>\n\n\n\n<figure class=\"wp-block-image size-large\"><a href=\"https:\/\/www.escapadarural.com\/blog\/wp-content\/uploads\/2018\/10\/Ca\u00eddas-de-la-Negra-Paisajes-9.jpg\"><img decoding=\"async\" src=\"https:\/\/www.escapadarural.com\/blog\/wp-content\/uploads\/2018\/10\/Ca\u00eddas-de-la-Negra-Paisajes-9-1024x768.jpg\" alt=\"Ca\u00eddas de la Negra\" class=\"wp-image-25819\"\/><\/a><figcaption class=\"wp-element-caption\">Por El\u00edsabet Garc\u00eda<\/figcaption><\/figure>\n\n\n\n<p>El mejor lugar para obtener informaci\u00f3n detallada y concisa es el <a href=\"https:\/\/www.bardenasreales.es\/\" target=\"_blank\" rel=\"noopener noreferrer\">Centro de Informaci\u00f3n de Bardenas Reales de Navarra<\/a>, ubicado en el municipio de <a href=\"\/casas-rurales\/arguedas\">Arguedas<\/a>. Un amplio espacio que distribuye sus esfuerzos entre la educaci\u00f3n ambiental y la resoluci\u00f3n de dudas de los visitantes, tanto de la reserva natural como del resto de joyas naturales que alberga el espacio protegido.<\/p>\n\n\n\n<figure class=\"wp-block-image size-large\"><a href=\"https:\/\/www.escapadarural.com\/blog\/wp-content\/uploads\/2018\/10\/Ca\u00eddas-de-la-Negra-Paisajes-7.jpg\"><img decoding=\"async\" src=\"https:\/\/www.escapadarural.com\/blog\/wp-content\/uploads\/2018\/10\/Ca\u00eddas-de-la-Negra-Paisajes-7-1024x768.jpg\" alt=\"Ca\u00eddas de la Negra\" class=\"wp-image-25818\"\/><\/a><figcaption class=\"wp-element-caption\">Por El\u00edsabet Garc\u00eda<\/figcaption><\/figure>\n\n\n\n<p>La puerta de entrada a <strong>las Ca\u00eddas de la Negra<\/strong> la encontramos en&nbsp;<a href=\"\/casas-rurales\/tudela\">Tudela<\/a>. Una preciosa ciudad sita a la vera del r\u00edo Ebro cuyas calles,&nbsp;reflejo del encuentro de culturas que han forjado su historia, ofrecen infinidad de acogedores rincones gastron\u00f3micos donde saborear las deliciosas verduras de la ribera.<\/p>\n\n\n\n<figure class=\"wp-block-image size-large\"><a href=\"https:\/\/www.escapadarural.com\/blog\/wp-content\/uploads\/2018\/10\/Ca\u00eddas-de-la-Negra-Esp\u00e1rragos-scaled.jpg\"><img decoding=\"async\" src=\"https:\/\/www.escapadarural.com\/blog\/wp-content\/uploads\/2018\/10\/Ca\u00eddas-de-la-Negra-Esp\u00e1rragos-1024x768.jpg\" alt=\"Esp\u00e1rragos\" class=\"wp-image-25817\"\/><\/a><figcaption class=\"wp-element-caption\">Por El\u00edsabet Garc\u00eda<\/figcaption><\/figure>\n\n\n\n<p>Sin lugar a dudas, una opci\u00f3n perfecta para recobrar fuerzas tras un intenso d\u00eda descubriendo las maravillas naturales que rodean a las Ca\u00eddas de la Negra.<\/p>\n","protected":false},"excerpt":{"rendered":"<p>El andurrial de las Ca\u00eddas de la Negra es una de las tres reservas naturales que existen en las Bardenas Reales de Navarra. Concretamente, este paraje se localiza en la ladera sur de la Plana Negra, en la Bardena Negra.<\/p>\n","protected":false},"author":109,"featured_media":113471,"comment_status":"open","ping_status":"closed","sticky":false,"template":"","format":"standard","meta":{"_acf_changed":false,"om_disable_all_campaigns":false,"footnotes":""},"categories":[191],"tags":[260,947,585,421,866,2141],"class_list":["post-9848","post","type-post","status-publish","format-standard","has-post-thumbnail","hentry","category-destinos","tag-articulo","tag-bardenas-reales","tag-naturaleza","tag-que-ver-en-navarra","tag-parques-naturales","tag-reserva-natural"],"acf":[],"featured_image_src":"https:\/\/www.escapadarural.com\/blog\/wp-content\/uploads\/2012\/12\/bardenas2-2-1.jpg","author_info":{"display_name":"El\u00edsabet Garc\u00eda","author_link":"https:\/\/www.escapadarural.com\/blog\/autor\/lagranescapada\/"},"yoast_head":"<!-- This site is optimized with the Yoast SEO plugin v27.5 - https:\/\/yoast.com\/product\/yoast-seo-wordpress\/ -->\n<title>Ca\u00eddas de la Negra, vida en el desierto de Navarra - EscapadaRural<\/title>\n<meta name=\"robots\" content=\"index, follow, max-snippet:-1, max-image-preview:large, max-video-preview:-1\" \/>\n<link rel=\"canonical\" href=\"https:\/\/www.escapadarural.com\/blog\/las-caidas-de-la-negra-vida-en-el-desierto\/\" \/>\n<meta property=\"og:locale\" content=\"es_ES\" \/>\n<meta property=\"og:type\" content=\"article\" \/>\n<meta property=\"og:title\" content=\"Ca\u00eddas de la Negra, vida en el desierto de Navarra - EscapadaRural\" \/>\n<meta property=\"og:description\" content=\"El andurrial de las Ca\u00eddas de la Negra es una de las tres reservas naturales que existen en las Bardenas Reales de Navarra. Concretamente, este paraje se localiza en la ladera sur de la Plana Negra, en la Bardena Negra.\" \/>\n<meta property=\"og:url\" content=\"https:\/\/www.escapadarural.com\/blog\/las-caidas-de-la-negra-vida-en-el-desierto\/\" \/>\n<meta property=\"og:site_name\" content=\"Magazine de viajes de EscapadaRural\" \/>\n<meta property=\"article:publisher\" content=\"https:\/\/www.facebook.com\/escapadarural\" \/>\n<meta property=\"article:published_time\" content=\"2018-10-08T09:30:13+00:00\" \/>\n<meta property=\"article:modified_time\" content=\"2025-06-06T12:19:29+00:00\" \/>\n<meta property=\"og:image\" content=\"https:\/\/www.escapadarural.com\/blog\/wp-content\/uploads\/2012\/12\/bardenas2-2-1.jpg\" \/>\n\t<meta property=\"og:image:width\" content=\"640\" \/>\n\t<meta property=\"og:image:height\" content=\"426\" \/>\n\t<meta property=\"og:image:type\" content=\"image\/jpeg\" \/>\n<meta name=\"author\" content=\"El\u00edsabet Garc\u00eda\" \/>\n<meta name=\"twitter:card\" content=\"summary_large_image\" \/>\n<meta name=\"twitter:label1\" content=\"Escrito por\" \/>\n\t<meta name=\"twitter:data1\" content=\"El\u00edsabet Garc\u00eda\" \/>\n\t<meta name=\"twitter:label2\" content=\"Tiempo de lectura\" \/>\n\t<meta name=\"twitter:data2\" content=\"3 minutos\" \/>\n<script type=\"application\/ld+json\" class=\"yoast-schema-graph\">{\"@context\":\"https:\\\/\\\/schema.org\",\"@graph\":[{\"@type\":\"Article\",\"@id\":\"https:\\\/\\\/www.escapadarural.com\\\/blog\\\/las-caidas-de-la-negra-vida-en-el-desierto\\\/#article\",\"isPartOf\":{\"@id\":\"https:\\\/\\\/www.escapadarural.com\\\/blog\\\/las-caidas-de-la-negra-vida-en-el-desierto\\\/\"},\"author\":{\"name\":\"El\u00edsabet Garc\u00eda\",\"@id\":\"https:\\\/\\\/www.escapadarural.com\\\/blog\\\/#\\\/schema\\\/person\\\/2cac652e2d16373a24890ffaa220140f\"},\"headline\":\"Ca\u00eddas de la Negra, vida en el desierto de Navarra\",\"datePublished\":\"2018-10-08T09:30:13+00:00\",\"dateModified\":\"2025-06-06T12:19:29+00:00\",\"mainEntityOfPage\":{\"@id\":\"https:\\\/\\\/www.escapadarural.com\\\/blog\\\/las-caidas-de-la-negra-vida-en-el-desierto\\\/\"},\"wordCount\":683,\"commentCount\":0,\"publisher\":{\"@id\":\"https:\\\/\\\/www.escapadarural.com\\\/blog\\\/#organization\"},\"image\":{\"@id\":\"https:\\\/\\\/www.escapadarural.com\\\/blog\\\/las-caidas-de-la-negra-vida-en-el-desierto\\\/#primaryimage\"},\"thumbnailUrl\":\"https:\\\/\\\/www.escapadarural.com\\\/blog\\\/wp-content\\\/uploads\\\/2012\\\/12\\\/bardenas2-2-1.jpg\",\"keywords\":[\"art\u00edculo\",\"Bardenas Reales\",\"Naturaleza\",\"Navarra\",\"Parques Naturales\",\"Reserva Natural\"],\"articleSection\":[\"Destinos\"],\"inLanguage\":\"es\",\"potentialAction\":[{\"@type\":\"CommentAction\",\"name\":\"Comment\",\"target\":[\"https:\\\/\\\/www.escapadarural.com\\\/blog\\\/las-caidas-de-la-negra-vida-en-el-desierto\\\/#respond\"]}]},{\"@type\":\"WebPage\",\"@id\":\"https:\\\/\\\/www.escapadarural.com\\\/blog\\\/las-caidas-de-la-negra-vida-en-el-desierto\\\/\",\"url\":\"https:\\\/\\\/www.escapadarural.com\\\/blog\\\/las-caidas-de-la-negra-vida-en-el-desierto\\\/\",\"name\":\"Ca\u00eddas de la Negra, vida en el desierto de Navarra - EscapadaRural\",\"isPartOf\":{\"@id\":\"https:\\\/\\\/www.escapadarural.com\\\/blog\\\/#website\"},\"primaryImageOfPage\":{\"@id\":\"https:\\\/\\\/www.escapadarural.com\\\/blog\\\/las-caidas-de-la-negra-vida-en-el-desierto\\\/#primaryimage\"},\"image\":{\"@id\":\"https:\\\/\\\/www.escapadarural.com\\\/blog\\\/las-caidas-de-la-negra-vida-en-el-desierto\\\/#primaryimage\"},\"thumbnailUrl\":\"https:\\\/\\\/www.escapadarural.com\\\/blog\\\/wp-content\\\/uploads\\\/2012\\\/12\\\/bardenas2-2-1.jpg\",\"datePublished\":\"2018-10-08T09:30:13+00:00\",\"dateModified\":\"2025-06-06T12:19:29+00:00\",\"breadcrumb\":{\"@id\":\"https:\\\/\\\/www.escapadarural.com\\\/blog\\\/las-caidas-de-la-negra-vida-en-el-desierto\\\/#breadcrumb\"},\"inLanguage\":\"es\",\"potentialAction\":[{\"@type\":\"ReadAction\",\"target\":[\"https:\\\/\\\/www.escapadarural.com\\\/blog\\\/las-caidas-de-la-negra-vida-en-el-desierto\\\/\"]}]},{\"@type\":\"ImageObject\",\"inLanguage\":\"es\",\"@id\":\"https:\\\/\\\/www.escapadarural.com\\\/blog\\\/las-caidas-de-la-negra-vida-en-el-desierto\\\/#primaryimage\",\"url\":\"https:\\\/\\\/www.escapadarural.com\\\/blog\\\/wp-content\\\/uploads\\\/2012\\\/12\\\/bardenas2-2-1.jpg\",\"contentUrl\":\"https:\\\/\\\/www.escapadarural.com\\\/blog\\\/wp-content\\\/uploads\\\/2012\\\/12\\\/bardenas2-2-1.jpg\",\"width\":640,\"height\":426,\"caption\":\"Bardenas reales\"},{\"@type\":\"BreadcrumbList\",\"@id\":\"https:\\\/\\\/www.escapadarural.com\\\/blog\\\/las-caidas-de-la-negra-vida-en-el-desierto\\\/#breadcrumb\",\"itemListElement\":[{\"@type\":\"ListItem\",\"position\":1,\"name\":\"Inicio\",\"item\":\"https:\\\/\\\/www.escapadarural.com\\\/blog\\\/\"},{\"@type\":\"ListItem\",\"position\":2,\"name\":\"Destinos\",\"item\":\"https:\\\/\\\/www.escapadarural.com\\\/blog\\\/categoria\\\/destinos\\\/\"},{\"@type\":\"ListItem\",\"position\":3,\"name\":\"Ca\u00eddas de la Negra, vida en el desierto de Navarra\"}]},{\"@type\":\"WebSite\",\"@id\":\"https:\\\/\\\/www.escapadarural.com\\\/blog\\\/#website\",\"url\":\"https:\\\/\\\/www.escapadarural.com\\\/blog\\\/\",\"name\":\"Blog de viajes | turismo rural, alojamientos e inspiraci\u00f3n\",\"description\":\"Alojamientos rurales e inspiraci\u00f3n para tus escapadas\",\"publisher\":{\"@id\":\"https:\\\/\\\/www.escapadarural.com\\\/blog\\\/#organization\"},\"alternateName\":\"Magazine de viajes de EscapadaRural\",\"potentialAction\":[{\"@type\":\"SearchAction\",\"target\":{\"@type\":\"EntryPoint\",\"urlTemplate\":\"https:\\\/\\\/www.escapadarural.com\\\/blog\\\/?s={search_term_string}\"},\"query-input\":{\"@type\":\"PropertyValueSpecification\",\"valueRequired\":true,\"valueName\":\"search_term_string\"}}],\"inLanguage\":\"es\"},{\"@type\":\"Organization\",\"@id\":\"https:\\\/\\\/www.escapadarural.com\\\/blog\\\/#organization\",\"name\":\"EscapadaRural\",\"url\":\"https:\\\/\\\/www.escapadarural.com\\\/blog\\\/\",\"logo\":{\"@type\":\"ImageObject\",\"inLanguage\":\"es\",\"@id\":\"https:\\\/\\\/www.escapadarural.com\\\/blog\\\/#\\\/schema\\\/logo\\\/image\\\/\",\"url\":\"https:\\\/\\\/www.escapadarural.com\\\/blog\\\/wp-content\\\/uploads\\\/2024\\\/10\\\/cropped-cropped-escapada-rural-icon-mag-3.png\",\"contentUrl\":\"https:\\\/\\\/www.escapadarural.com\\\/blog\\\/wp-content\\\/uploads\\\/2024\\\/10\\\/cropped-cropped-escapada-rural-icon-mag-3.png\",\"width\":512,\"height\":512,\"caption\":\"EscapadaRural\"},\"image\":{\"@id\":\"https:\\\/\\\/www.escapadarural.com\\\/blog\\\/#\\\/schema\\\/logo\\\/image\\\/\"},\"sameAs\":[\"https:\\\/\\\/www.facebook.com\\\/escapadarural\",\"https:\\\/\\\/www.instagram.com\\\/escapadarural\\\/\",\"https:\\\/\\\/www.youtube.com\\\/@escapadaruralcom\"]},{\"@type\":\"Person\",\"@id\":\"https:\\\/\\\/www.escapadarural.com\\\/blog\\\/#\\\/schema\\\/person\\\/2cac652e2d16373a24890ffaa220140f\",\"name\":\"El\u00edsabet Garc\u00eda\",\"image\":{\"@type\":\"ImageObject\",\"inLanguage\":\"es\",\"@id\":\"https:\\\/\\\/www.escapadarural.com\\\/blog\\\/wp-content\\\/uploads\\\/2025\\\/02\\\/elisabet_gran_escapada.webp\",\"url\":\"https:\\\/\\\/www.escapadarural.com\\\/blog\\\/wp-content\\\/uploads\\\/2025\\\/02\\\/elisabet_gran_escapada.webp\",\"contentUrl\":\"https:\\\/\\\/www.escapadarural.com\\\/blog\\\/wp-content\\\/uploads\\\/2025\\\/02\\\/elisabet_gran_escapada.webp\",\"caption\":\"El\u00edsabet Garc\u00eda\"},\"description\":\"Hola a todos! Soy El\u00edsabet Garc\u00eda, Consultora Inform\u00e1tica y, desde hace 7 a\u00f1os, blogger de viajes. Me apasiona viajar, conocer lugares inh\u00f3spitos, experimentar aventuras, perderme por la naturaleza y saborear la gastronom\u00eda local de cada lugar. Coeditora del blog lagranescapada.com junto a Mar Gonz\u00e1lez, un lugar que creamos para compartir cada nueva escapada que hacemos por el mundo.\",\"sameAs\":[\"https:\\\/\\\/lagranescapada.com\\\/\"],\"url\":\"https:\\\/\\\/www.escapadarural.com\\\/blog\\\/autor\\\/lagranescapada\\\/\"}]}<\/script>\n<!-- \/ Yoast SEO plugin. -->","yoast_head_json":{"title":"Ca\u00eddas de la Negra, vida en el desierto de Navarra - EscapadaRural","robots":{"index":"index","follow":"follow","max-snippet":"max-snippet:-1","max-image-preview":"max-image-preview:large","max-video-preview":"max-video-preview:-1"},"canonical":"https:\/\/www.escapadarural.com\/blog\/las-caidas-de-la-negra-vida-en-el-desierto\/","og_locale":"es_ES","og_type":"article","og_title":"Ca\u00eddas de la Negra, vida en el desierto de Navarra - EscapadaRural","og_description":"El andurrial de las Ca\u00eddas de la Negra es una de las tres reservas naturales que existen en las Bardenas Reales de Navarra. Concretamente, este paraje se localiza en la ladera sur de la Plana Negra, en la Bardena Negra.","og_url":"https:\/\/www.escapadarural.com\/blog\/las-caidas-de-la-negra-vida-en-el-desierto\/","og_site_name":"Magazine de viajes de EscapadaRural","article_publisher":"https:\/\/www.facebook.com\/escapadarural","article_published_time":"2018-10-08T09:30:13+00:00","article_modified_time":"2025-06-06T12:19:29+00:00","og_image":[{"width":640,"height":426,"url":"https:\/\/www.escapadarural.com\/blog\/wp-content\/uploads\/2012\/12\/bardenas2-2-1.jpg","type":"image\/jpeg"}],"author":"El\u00edsabet Garc\u00eda","twitter_card":"summary_large_image","twitter_misc":{"Escrito por":"El\u00edsabet Garc\u00eda","Tiempo de lectura":"3 minutos"},"schema":{"@context":"https:\/\/schema.org","@graph":[{"@type":"Article","@id":"https:\/\/www.escapadarural.com\/blog\/las-caidas-de-la-negra-vida-en-el-desierto\/#article","isPartOf":{"@id":"https:\/\/www.escapadarural.com\/blog\/las-caidas-de-la-negra-vida-en-el-desierto\/"},"author":{"name":"El\u00edsabet Garc\u00eda","@id":"https:\/\/www.escapadarural.com\/blog\/#\/schema\/person\/2cac652e2d16373a24890ffaa220140f"},"headline":"Ca\u00eddas de la Negra, vida en el desierto de Navarra","datePublished":"2018-10-08T09:30:13+00:00","dateModified":"2025-06-06T12:19:29+00:00","mainEntityOfPage":{"@id":"https:\/\/www.escapadarural.com\/blog\/las-caidas-de-la-negra-vida-en-el-desierto\/"},"wordCount":683,"commentCount":0,"publisher":{"@id":"https:\/\/www.escapadarural.com\/blog\/#organization"},"image":{"@id":"https:\/\/www.escapadarural.com\/blog\/las-caidas-de-la-negra-vida-en-el-desierto\/#primaryimage"},"thumbnailUrl":"https:\/\/www.escapadarural.com\/blog\/wp-content\/uploads\/2012\/12\/bardenas2-2-1.jpg","keywords":["art\u00edculo","Bardenas Reales","Naturaleza","Navarra","Parques Naturales","Reserva Natural"],"articleSection":["Destinos"],"inLanguage":"es","potentialAction":[{"@type":"CommentAction","name":"Comment","target":["https:\/\/www.escapadarural.com\/blog\/las-caidas-de-la-negra-vida-en-el-desierto\/#respond"]}]},{"@type":"WebPage","@id":"https:\/\/www.escapadarural.com\/blog\/las-caidas-de-la-negra-vida-en-el-desierto\/","url":"https:\/\/www.escapadarural.com\/blog\/las-caidas-de-la-negra-vida-en-el-desierto\/","name":"Ca\u00eddas de la Negra, vida en el desierto de Navarra - EscapadaRural","isPartOf":{"@id":"https:\/\/www.escapadarural.com\/blog\/#website"},"primaryImageOfPage":{"@id":"https:\/\/www.escapadarural.com\/blog\/las-caidas-de-la-negra-vida-en-el-desierto\/#primaryimage"},"image":{"@id":"https:\/\/www.escapadarural.com\/blog\/las-caidas-de-la-negra-vida-en-el-desierto\/#primaryimage"},"thumbnailUrl":"https:\/\/www.escapadarural.com\/blog\/wp-content\/uploads\/2012\/12\/bardenas2-2-1.jpg","datePublished":"2018-10-08T09:30:13+00:00","dateModified":"2025-06-06T12:19:29+00:00","breadcrumb":{"@id":"https:\/\/www.escapadarural.com\/blog\/las-caidas-de-la-negra-vida-en-el-desierto\/#breadcrumb"},"inLanguage":"es","potentialAction":[{"@type":"ReadAction","target":["https:\/\/www.escapadarural.com\/blog\/las-caidas-de-la-negra-vida-en-el-desierto\/"]}]},{"@type":"ImageObject","inLanguage":"es","@id":"https:\/\/www.escapadarural.com\/blog\/las-caidas-de-la-negra-vida-en-el-desierto\/#primaryimage","url":"https:\/\/www.escapadarural.com\/blog\/wp-content\/uploads\/2012\/12\/bardenas2-2-1.jpg","contentUrl":"https:\/\/www.escapadarural.com\/blog\/wp-content\/uploads\/2012\/12\/bardenas2-2-1.jpg","width":640,"height":426,"caption":"Bardenas reales"},{"@type":"BreadcrumbList","@id":"https:\/\/www.escapadarural.com\/blog\/las-caidas-de-la-negra-vida-en-el-desierto\/#breadcrumb","itemListElement":[{"@type":"ListItem","position":1,"name":"Inicio","item":"https:\/\/www.escapadarural.com\/blog\/"},{"@type":"ListItem","position":2,"name":"Destinos","item":"https:\/\/www.escapadarural.com\/blog\/categoria\/destinos\/"},{"@type":"ListItem","position":3,"name":"Ca\u00eddas de la Negra, vida en el desierto de Navarra"}]},{"@type":"WebSite","@id":"https:\/\/www.escapadarural.com\/blog\/#website","url":"https:\/\/www.escapadarural.com\/blog\/","name":"Blog de viajes | turismo rural, alojamientos e inspiraci\u00f3n","description":"Alojamientos rurales e inspiraci\u00f3n para tus escapadas","publisher":{"@id":"https:\/\/www.escapadarural.com\/blog\/#organization"},"alternateName":"Magazine de viajes de EscapadaRural","potentialAction":[{"@type":"SearchAction","target":{"@type":"EntryPoint","urlTemplate":"https:\/\/www.escapadarural.com\/blog\/?s={search_term_string}"},"query-input":{"@type":"PropertyValueSpecification","valueRequired":true,"valueName":"search_term_string"}}],"inLanguage":"es"},{"@type":"Organization","@id":"https:\/\/www.escapadarural.com\/blog\/#organization","name":"EscapadaRural","url":"https:\/\/www.escapadarural.com\/blog\/","logo":{"@type":"ImageObject","inLanguage":"es","@id":"https:\/\/www.escapadarural.com\/blog\/#\/schema\/logo\/image\/","url":"https:\/\/www.escapadarural.com\/blog\/wp-content\/uploads\/2024\/10\/cropped-cropped-escapada-rural-icon-mag-3.png","contentUrl":"https:\/\/www.escapadarural.com\/blog\/wp-content\/uploads\/2024\/10\/cropped-cropped-escapada-rural-icon-mag-3.png","width":512,"height":512,"caption":"EscapadaRural"},"image":{"@id":"https:\/\/www.escapadarural.com\/blog\/#\/schema\/logo\/image\/"},"sameAs":["https:\/\/www.facebook.com\/escapadarural","https:\/\/www.instagram.com\/escapadarural\/","https:\/\/www.youtube.com\/@escapadaruralcom"]},{"@type":"Person","@id":"https:\/\/www.escapadarural.com\/blog\/#\/schema\/person\/2cac652e2d16373a24890ffaa220140f","name":"El\u00edsabet Garc\u00eda","image":{"@type":"ImageObject","inLanguage":"es","@id":"https:\/\/www.escapadarural.com\/blog\/wp-content\/uploads\/2025\/02\/elisabet_gran_escapada.webp","url":"https:\/\/www.escapadarural.com\/blog\/wp-content\/uploads\/2025\/02\/elisabet_gran_escapada.webp","contentUrl":"https:\/\/www.escapadarural.com\/blog\/wp-content\/uploads\/2025\/02\/elisabet_gran_escapada.webp","caption":"El\u00edsabet Garc\u00eda"},"description":"Hola a todos! Soy El\u00edsabet Garc\u00eda, Consultora Inform\u00e1tica y, desde hace 7 a\u00f1os, blogger de viajes. Me apasiona viajar, conocer lugares inh\u00f3spitos, experimentar aventuras, perderme por la naturaleza y saborear la gastronom\u00eda local de cada lugar. Coeditora del blog lagranescapada.com junto a Mar Gonz\u00e1lez, un lugar que creamos para compartir cada nueva escapada que hacemos por el mundo.","sameAs":["https:\/\/lagranescapada.com\/"],"url":"https:\/\/www.escapadarural.com\/blog\/autor\/lagranescapada\/"}]}},"_links":{"self":[{"href":"https:\/\/www.escapadarural.com\/blog\/wp-json\/wp\/v2\/posts\/9848","targetHints":{"allow":["GET"]}}],"collection":[{"href":"https:\/\/www.escapadarural.com\/blog\/wp-json\/wp\/v2\/posts"}],"about":[{"href":"https:\/\/www.escapadarural.com\/blog\/wp-json\/wp\/v2\/types\/post"}],"author":[{"embeddable":true,"href":"https:\/\/www.escapadarural.com\/blog\/wp-json\/wp\/v2\/users\/109"}],"replies":[{"embeddable":true,"href":"https:\/\/www.escapadarural.com\/blog\/wp-json\/wp\/v2\/comments?post=9848"}],"version-history":[{"count":0,"href":"https:\/\/www.escapadarural.com\/blog\/wp-json\/wp\/v2\/posts\/9848\/revisions"}],"wp:featuredmedia":[{"embeddable":true,"href":"https:\/\/www.escapadarural.com\/blog\/wp-json\/wp\/v2\/media\/113471"}],"wp:attachment":[{"href":"https:\/\/www.escapadarural.com\/blog\/wp-json\/wp\/v2\/media?parent=9848"}],"wp:term":[{"taxonomy":"category","embeddable":true,"href":"https:\/\/www.escapadarural.com\/blog\/wp-json\/wp\/v2\/categories?post=9848"},{"taxonomy":"post_tag","embeddable":true,"href":"https:\/\/www.escapadarural.com\/blog\/wp-json\/wp\/v2\/tags?post=9848"}],"curies":[{"name":"wp","href":"https:\/\/api.w.org\/{rel}","templated":true}]}}