{"id":9956,"date":"2018-06-22T10:00:41","date_gmt":"2018-06-22T10:00:41","guid":{"rendered":"http:\/\/15.188.81.248\/2018\/06\/22\/la-noche-templaria-de-ponferrada\/"},"modified":"2025-01-16T15:03:13","modified_gmt":"2025-01-16T13:03:13","slug":"la-noche-templaria-de-ponferrada","status":"publish","type":"post","link":"https:\/\/www.escapadarural.com\/blog\/la-noche-templaria-de-ponferrada\/","title":{"rendered":"La Noche Templaria de Ponferrada"},"content":{"rendered":"\n<figure class=\"wp-block-image size-large\"><a href=\"https:\/\/www.escapadarural.com\/blog\/wp-content\/uploads\/2018\/06\/Noche_templaria_ponferrada-1.jpg\"><img decoding=\"async\" src=\"https:\/\/www.escapadarural.com\/blog\/wp-content\/uploads\/2018\/06\/Noche_templaria_ponferrada-1-1024x768.jpg\" alt=\"Noche templaria de Ponferrada\" class=\"wp-image-26263\"\/><\/a><figcaption class=\"wp-element-caption\">Fuente: Ayuntamiento de Ponferrada<\/figcaption><\/figure>\n\n\n\n<p>Pocos d\u00edas despu\u00e9s del inicio del verano, <a href=\"https:\/\/www.escapadarural.com\/casas-rurales\/ponferrada\" target=\"_blank\" rel=\"noopener noreferrer\">Ponferrada<\/a> celebra una de sus fiestas m\u00e1s populares: <strong>la Noche Templaria<\/strong>. La recreaci\u00f3n de un acontecimiento medieval que marc\u00f3 la historia de la ciudad y que dej\u00f3 un importante legado, como el castillo de la ciudad.<\/p>\n\n\n\n<p>Considerada de <strong>Inter\u00e9s Tur\u00edstico Regional<\/strong>, en ella se conmemora la llegada del maestre de la Orden de los Caballeros Templarios \u2013Fray Le\u00f3n Guido de Garda, superviviente de varias batallas en Tierra Santa\u2013 a la ciudad. Consigo tra\u00eda varios tesoros sagrados: el Arca de la Alianza y el Santo Grial.<\/p>\n\n\n\n<!--more-->\n\n\n\n<p>El primero de ellos es el cofre sagrado que conten\u00eda las Tablas de la ley donde estaban inscritos los Diez mandamientos que Dios le entreg\u00f3 a Mois\u00e9s. El Santo Grial, por su parte, es el vaso que Jesucristo utiliz\u00f3 en la \u00faltima cena.<\/p>\n\n\n\n<figure class=\"wp-block-image size-large\"><a href=\"https:\/\/www.escapadarural.com\/blog\/wp-content\/uploads\/2018\/06\/Noche-templaria_ponferrada-1.jpg\"><img decoding=\"async\" src=\"https:\/\/www.escapadarural.com\/blog\/wp-content\/uploads\/2018\/06\/Noche-templaria_ponferrada-1.jpg\" alt=\"Noche templaria de Ponferrada\" class=\"wp-image-26262\"\/><\/a><figcaption class=\"wp-element-caption\">Fuente: Ayuntamiento de Ponferrada<\/figcaption><\/figure>\n\n\n\n<p>El pr\u00f3ximo 27 de junio, la comitiva de caballeros del Temple llevar\u00e1 ambas reliquias hasta el <strong>castillo de Ponferrada<\/strong>. Antes de ello, los monjes ser\u00e1n recibidos entre multitudes en la glorieta del Temple, donde se recrear\u00e1 la imposici\u00f3n de la capa al caballero que all\u00ed se encuentra inmortalizado. Lo m\u00e1s curioso es que todos los asistentes tambi\u00e9n van vestidos de \u00e9poca.<\/p>\n\n\n\n<p>El espect\u00e1culo ir\u00e1 acompa\u00f1ado del sonido de los tambores, que dejar\u00e1n de resonar con la quiebra de la luna templaria. En este otro acto, la regidora de la villa entregar\u00e1 las llaves del castillo al prior de la orden delante del resto de los caballeros. Una vez hayan conseguido su objetivo, podr\u00e1n seguir su camino hasta la fortaleza donde guardar\u00e1n sus joyas de Oriente y donde se realizar\u00e1 un Juicio a la Orden Templaria.<\/p>\n\n\n\n<figure class=\"wp-block-image size-large\"><a href=\"https:\/\/www.escapadarural.com\/blog\/wp-content\/uploads\/2018\/06\/Noche_templaria_ponferrada2-1.jpg\"><img decoding=\"async\" src=\"https:\/\/www.escapadarural.com\/blog\/wp-content\/uploads\/2018\/06\/Noche_templaria_ponferrada2-1.jpg\" alt=\"Noche templaria de Ponferrada\" class=\"wp-image-26261\"\/><\/a><figcaption class=\"wp-element-caption\">Fuente: Ayuntamiento de Ponferrada<\/figcaption><\/figure>\n\n\n\n<p>El Arca de la Alianza con la que cargar\u00e1n estuvo guardada, originariamente, en el primer templo de Salom\u00f3n, en Israel, donde los primeros templarios ten\u00edan su sede. Esta orden religiosa de guerreros cristianos estuvo obsesionada con hacerse con el Santo Grial en Tierra Santa.<\/p>\n\n\n\n<p>Esta no ser\u00e1 la \u00fanica noche en la que los viajeros podr\u00e1n viajar a la Edad Media. Hasta el 1 de julio la ciudad contar\u00e1 con un <strong>mercado medieval<\/strong> donde se podr\u00e1n encontrar art\u00edculos y alimentos medievales, talleres infantiles, conciertos, espect\u00e1culos pirot\u00e9cnicos y varios campamentos donde se exhiben artefactos, indumentarias, cuentos y otros enseres de la \u00e9poca, algunos de ellos pertenecientes a la Orden Templaria.<\/p>\n\n\n\n<h2 class=\"wp-block-heading title-rute\">El castillo templario de Ponferrada<\/h2>\n\n\n<div class=\"wp-block-image\">\n<figure class=\"aligncenter size-large\"><a href=\"https:\/\/www.escapadarural.com\/blog\/wp-content\/uploads\/2018\/06\/ponferrada-2-1.jpg\"><img decoding=\"async\" src=\"https:\/\/www.escapadarural.com\/blog\/wp-content\/uploads\/2018\/06\/ponferrada-2-1.jpg\" alt=\"Castillo de Ponferrada\" class=\"wp-image-26260\"\/><\/a><figcaption class=\"wp-element-caption\">Por Migel<\/figcaption><\/figure>\n<\/div>\n\n\n<p>Los caballeros templarios se asentaron en Ponferrada en 1178 gracias al rey Fernando II de Le\u00f3n. El lugar escogido fue una peque\u00f1a fortaleza romana que se alzaba sobre la ciudad y que hab\u00eda sido construida sobre un antiguo castro celta.<\/p>\n\n\n\n<p>A lo largo de los a\u00f1os el castillo sufri\u00f3 diferentes modificaciones, ya que a finales del siglo XII los templarios fueron expulsados de la ciudad por Alfonso IX de Le\u00f3n y, aunque regresaron 15 a\u00f1os despu\u00e9s, en el XIV se disolvi\u00f3 la Orden.<\/p>\n\n\n\n<figure class=\"wp-block-image size-large\"><a href=\"https:\/\/www.escapadarural.com\/blog\/wp-content\/uploads\/2018\/06\/ponferrada-3-1-scaled.jpg\"><img decoding=\"async\" src=\"https:\/\/www.escapadarural.com\/blog\/wp-content\/uploads\/2018\/06\/ponferrada-3-1-1024x675.jpg\" alt=\"Castillo de Ponferrada\" class=\"wp-image-26259\"\/><\/a><figcaption class=\"wp-element-caption\">Por KarSol<\/figcaption><\/figure>\n\n\n\n<figure class=\"wp-block-image size-large\"><a href=\"https:\/\/www.escapadarural.com\/blog\/wp-content\/uploads\/2018\/06\/ponferrada-1.jpg\"><img decoding=\"async\" src=\"https:\/\/www.escapadarural.com\/blog\/wp-content\/uploads\/2018\/06\/ponferrada-1-1024x660.jpg\" alt=\"Ponferrada\" class=\"wp-image-26258\"\/><\/a><figcaption class=\"wp-element-caption\">Por Marques<\/figcaption><\/figure>\n\n\n\n<p>La mayor parte de su estructura se ha conservado, aunque muchos de los edificios pertenecen a diferentes \u00e9pocas, como el llamado castillo viejo y el palacio renacentista.<\/p>\n\n\n\n<p>Actualmente, el <strong>castillo templario de Ponferrada<\/strong> est\u00e1 abierto al p\u00fablico. En \u00e9l se pueden visitar su patio, donde estaban la sala de armas, las bodegas y las caballerizas. Se puede subir a la torre del Homenaje, que antiguamente fue una prisi\u00f3n, por lo que cuenta con un mont\u00f3n de historias y leyendas. Y en la Biblioteca Templaria y el Centro de Investigaci\u00f3n y Estudios Hist\u00f3ricos de Ponferrada se pueden ver los m\u00e1s de 1.400 libros y manuscritos que datan de la \u00e9poca medieval.<\/p>\n","protected":false},"excerpt":{"rendered":"<p>Del 27 de junio al 1 de julio Ponferrada celebra su popular fiesta la Noche Templaria, una recreaci\u00f3n de un acontecimiento medieval que marc\u00f3 la historia de la ciudad. <\/p>\n","protected":false},"author":89,"featured_media":104427,"comment_status":"open","ping_status":"closed","sticky":false,"template":"","format":"standard","meta":{"_acf_changed":false,"om_disable_all_campaigns":false,"footnotes":""},"categories":[231],"tags":[5995,686,821,591,2123,610],"class_list":["post-9956","post","type-post","status-publish","format-standard","has-post-thumbnail","hentry","category-arte-y-cultura","tag-que-ver-en-castilla-y-leon","tag-castillo","tag-fiestas","tag-que-ver-en-leon","tag-ponferrada","tag-templarios"],"acf":[],"featured_image_src":"https:\/\/www.escapadarural.com\/blog\/wp-content\/uploads\/2024\/10\/Noche_templaria_ponferrada-1-1024x768-3.jpg","author_info":{"display_name":"Laura Fern\u00e1ndez","author_link":"https:\/\/www.escapadarural.com\/blog\/autor\/laura\/"},"yoast_head":"<!-- This site is optimized with the Yoast SEO plugin v27.5 - https:\/\/yoast.com\/product\/yoast-seo-wordpress\/ -->\n<title>La Noche Templaria de Ponferrada - EscapadaRural<\/title>\n<meta name=\"robots\" content=\"index, follow, max-snippet:-1, max-image-preview:large, max-video-preview:-1\" \/>\n<link rel=\"canonical\" href=\"https:\/\/www.escapadarural.com\/blog\/la-noche-templaria-de-ponferrada\/\" \/>\n<meta property=\"og:locale\" content=\"es_ES\" \/>\n<meta property=\"og:type\" content=\"article\" \/>\n<meta property=\"og:title\" content=\"La Noche Templaria de Ponferrada - EscapadaRural\" \/>\n<meta property=\"og:description\" content=\"Del 27 de junio al 1 de julio Ponferrada celebra su popular fiesta la Noche Templaria, una recreaci\u00f3n de un acontecimiento medieval que marc\u00f3 la historia de la ciudad.\" \/>\n<meta property=\"og:url\" content=\"https:\/\/www.escapadarural.com\/blog\/la-noche-templaria-de-ponferrada\/\" \/>\n<meta property=\"og:site_name\" content=\"Magazine de viajes de EscapadaRural\" \/>\n<meta property=\"article:publisher\" content=\"https:\/\/www.facebook.com\/escapadarural\" \/>\n<meta property=\"article:published_time\" content=\"2018-06-22T10:00:41+00:00\" \/>\n<meta property=\"article:modified_time\" content=\"2025-01-16T13:03:13+00:00\" \/>\n<meta property=\"og:image\" content=\"https:\/\/www.escapadarural.com\/blog\/wp-content\/uploads\/2024\/10\/Noche_templaria_ponferrada-1-1024x768-3.jpg\" \/>\n\t<meta property=\"og:image:width\" content=\"1024\" \/>\n\t<meta property=\"og:image:height\" content=\"768\" \/>\n\t<meta property=\"og:image:type\" content=\"image\/jpeg\" \/>\n<meta name=\"author\" content=\"Laura Fern\u00e1ndez\" \/>\n<meta name=\"twitter:card\" content=\"summary_large_image\" \/>\n<meta name=\"twitter:label1\" content=\"Escrito por\" \/>\n\t<meta name=\"twitter:data1\" content=\"Laura Fern\u00e1ndez\" \/>\n\t<meta name=\"twitter:label2\" content=\"Tiempo de lectura\" \/>\n\t<meta name=\"twitter:data2\" content=\"3 minutos\" \/>\n<script type=\"application\/ld+json\" class=\"yoast-schema-graph\">{\"@context\":\"https:\\\/\\\/schema.org\",\"@graph\":[{\"@type\":\"Article\",\"@id\":\"https:\\\/\\\/www.escapadarural.com\\\/blog\\\/la-noche-templaria-de-ponferrada\\\/#article\",\"isPartOf\":{\"@id\":\"https:\\\/\\\/www.escapadarural.com\\\/blog\\\/la-noche-templaria-de-ponferrada\\\/\"},\"author\":{\"name\":\"Laura Fern\u00e1ndez\",\"@id\":\"https:\\\/\\\/www.escapadarural.com\\\/blog\\\/#\\\/schema\\\/person\\\/a9b46ae4d047d8a2c719f31e75206cff\"},\"headline\":\"La Noche Templaria de Ponferrada\",\"datePublished\":\"2018-06-22T10:00:41+00:00\",\"dateModified\":\"2025-01-16T13:03:13+00:00\",\"mainEntityOfPage\":{\"@id\":\"https:\\\/\\\/www.escapadarural.com\\\/blog\\\/la-noche-templaria-de-ponferrada\\\/\"},\"wordCount\":636,\"commentCount\":1,\"publisher\":{\"@id\":\"https:\\\/\\\/www.escapadarural.com\\\/blog\\\/#organization\"},\"image\":{\"@id\":\"https:\\\/\\\/www.escapadarural.com\\\/blog\\\/la-noche-templaria-de-ponferrada\\\/#primaryimage\"},\"thumbnailUrl\":\"https:\\\/\\\/www.escapadarural.com\\\/blog\\\/wp-content\\\/uploads\\\/2024\\\/10\\\/Noche_templaria_ponferrada-1-1024x768-3.jpg\",\"keywords\":[\"Castilla y Le\u00f3n\",\"Castillo\",\"Fiestas\",\"Le\u00f3n\",\"Ponferrada\",\"Templarios\"],\"articleSection\":[\"Arte y Cultura\"],\"inLanguage\":\"es\",\"potentialAction\":[{\"@type\":\"CommentAction\",\"name\":\"Comment\",\"target\":[\"https:\\\/\\\/www.escapadarural.com\\\/blog\\\/la-noche-templaria-de-ponferrada\\\/#respond\"]}]},{\"@type\":\"WebPage\",\"@id\":\"https:\\\/\\\/www.escapadarural.com\\\/blog\\\/la-noche-templaria-de-ponferrada\\\/\",\"url\":\"https:\\\/\\\/www.escapadarural.com\\\/blog\\\/la-noche-templaria-de-ponferrada\\\/\",\"name\":\"La Noche Templaria de Ponferrada - EscapadaRural\",\"isPartOf\":{\"@id\":\"https:\\\/\\\/www.escapadarural.com\\\/blog\\\/#website\"},\"primaryImageOfPage\":{\"@id\":\"https:\\\/\\\/www.escapadarural.com\\\/blog\\\/la-noche-templaria-de-ponferrada\\\/#primaryimage\"},\"image\":{\"@id\":\"https:\\\/\\\/www.escapadarural.com\\\/blog\\\/la-noche-templaria-de-ponferrada\\\/#primaryimage\"},\"thumbnailUrl\":\"https:\\\/\\\/www.escapadarural.com\\\/blog\\\/wp-content\\\/uploads\\\/2024\\\/10\\\/Noche_templaria_ponferrada-1-1024x768-3.jpg\",\"datePublished\":\"2018-06-22T10:00:41+00:00\",\"dateModified\":\"2025-01-16T13:03:13+00:00\",\"breadcrumb\":{\"@id\":\"https:\\\/\\\/www.escapadarural.com\\\/blog\\\/la-noche-templaria-de-ponferrada\\\/#breadcrumb\"},\"inLanguage\":\"es\",\"potentialAction\":[{\"@type\":\"ReadAction\",\"target\":[\"https:\\\/\\\/www.escapadarural.com\\\/blog\\\/la-noche-templaria-de-ponferrada\\\/\"]}]},{\"@type\":\"ImageObject\",\"inLanguage\":\"es\",\"@id\":\"https:\\\/\\\/www.escapadarural.com\\\/blog\\\/la-noche-templaria-de-ponferrada\\\/#primaryimage\",\"url\":\"https:\\\/\\\/www.escapadarural.com\\\/blog\\\/wp-content\\\/uploads\\\/2024\\\/10\\\/Noche_templaria_ponferrada-1-1024x768-3.jpg\",\"contentUrl\":\"https:\\\/\\\/www.escapadarural.com\\\/blog\\\/wp-content\\\/uploads\\\/2024\\\/10\\\/Noche_templaria_ponferrada-1-1024x768-3.jpg\",\"width\":1024,\"height\":768,\"caption\":\"Un grupo de personas vestidas con t\u00fanicas blancas y cruces rojas desfilan en una procesi\u00f3n nocturna cerca de un castillo medieval, portando banderas con cruces rojas. Los espectadores se alinean en la calle y la escena est\u00e1 escasamente iluminada.\"},{\"@type\":\"BreadcrumbList\",\"@id\":\"https:\\\/\\\/www.escapadarural.com\\\/blog\\\/la-noche-templaria-de-ponferrada\\\/#breadcrumb\",\"itemListElement\":[{\"@type\":\"ListItem\",\"position\":1,\"name\":\"Inicio\",\"item\":\"https:\\\/\\\/www.escapadarural.com\\\/blog\\\/\"},{\"@type\":\"ListItem\",\"position\":2,\"name\":\"Arte y Cultura\",\"item\":\"https:\\\/\\\/www.escapadarural.com\\\/blog\\\/categoria\\\/arte-y-cultura\\\/\"},{\"@type\":\"ListItem\",\"position\":3,\"name\":\"La Noche Templaria de Ponferrada\"}]},{\"@type\":\"WebSite\",\"@id\":\"https:\\\/\\\/www.escapadarural.com\\\/blog\\\/#website\",\"url\":\"https:\\\/\\\/www.escapadarural.com\\\/blog\\\/\",\"name\":\"Blog de viajes | turismo rural, alojamientos e inspiraci\u00f3n\",\"description\":\"Alojamientos rurales e inspiraci\u00f3n para tus escapadas\",\"publisher\":{\"@id\":\"https:\\\/\\\/www.escapadarural.com\\\/blog\\\/#organization\"},\"alternateName\":\"Magazine de viajes de EscapadaRural\",\"potentialAction\":[{\"@type\":\"SearchAction\",\"target\":{\"@type\":\"EntryPoint\",\"urlTemplate\":\"https:\\\/\\\/www.escapadarural.com\\\/blog\\\/?s={search_term_string}\"},\"query-input\":{\"@type\":\"PropertyValueSpecification\",\"valueRequired\":true,\"valueName\":\"search_term_string\"}}],\"inLanguage\":\"es\"},{\"@type\":\"Organization\",\"@id\":\"https:\\\/\\\/www.escapadarural.com\\\/blog\\\/#organization\",\"name\":\"EscapadaRural\",\"url\":\"https:\\\/\\\/www.escapadarural.com\\\/blog\\\/\",\"logo\":{\"@type\":\"ImageObject\",\"inLanguage\":\"es\",\"@id\":\"https:\\\/\\\/www.escapadarural.com\\\/blog\\\/#\\\/schema\\\/logo\\\/image\\\/\",\"url\":\"https:\\\/\\\/www.escapadarural.com\\\/blog\\\/wp-content\\\/uploads\\\/2024\\\/10\\\/cropped-cropped-escapada-rural-icon-mag-3.png\",\"contentUrl\":\"https:\\\/\\\/www.escapadarural.com\\\/blog\\\/wp-content\\\/uploads\\\/2024\\\/10\\\/cropped-cropped-escapada-rural-icon-mag-3.png\",\"width\":512,\"height\":512,\"caption\":\"EscapadaRural\"},\"image\":{\"@id\":\"https:\\\/\\\/www.escapadarural.com\\\/blog\\\/#\\\/schema\\\/logo\\\/image\\\/\"},\"sameAs\":[\"https:\\\/\\\/www.facebook.com\\\/escapadarural\",\"https:\\\/\\\/www.instagram.com\\\/escapadarural\\\/\",\"https:\\\/\\\/www.youtube.com\\\/@escapadaruralcom\"]},{\"@type\":\"Person\",\"@id\":\"https:\\\/\\\/www.escapadarural.com\\\/blog\\\/#\\\/schema\\\/person\\\/a9b46ae4d047d8a2c719f31e75206cff\",\"name\":\"Laura Fern\u00e1ndez\",\"image\":{\"@type\":\"ImageObject\",\"inLanguage\":\"es\",\"@id\":\"https:\\\/\\\/www.escapadarural.com\\\/blog\\\/wp-content\\\/uploads\\\/2025\\\/01\\\/cropped-laura_raponchii-96x96.jpg\",\"url\":\"https:\\\/\\\/www.escapadarural.com\\\/blog\\\/wp-content\\\/uploads\\\/2025\\\/01\\\/cropped-laura_raponchii-96x96.jpg\",\"contentUrl\":\"https:\\\/\\\/www.escapadarural.com\\\/blog\\\/wp-content\\\/uploads\\\/2025\\\/01\\\/cropped-laura_raponchii-96x96.jpg\",\"caption\":\"Laura Fern\u00e1ndez\"},\"description\":\"Periodista, blogger y viajera. No necesariamente en ese orden. En ocasiones me despierto sin saber d\u00f3nde estoy. Adicta a los c\u00f3mics y a los noodles con salsa de cacahuete. Redactora en @escapadarural, colaboradora en la Conde Nast Traveler y en la Divinity. Mi casa: Meridiano180.\",\"sameAs\":[\"http:\\\/\\\/www.meridiano180.com\\\/\"],\"url\":\"https:\\\/\\\/www.escapadarural.com\\\/blog\\\/autor\\\/laura\\\/\"}]}<\/script>\n<!-- \/ Yoast SEO plugin. -->","yoast_head_json":{"title":"La Noche Templaria de Ponferrada - EscapadaRural","robots":{"index":"index","follow":"follow","max-snippet":"max-snippet:-1","max-image-preview":"max-image-preview:large","max-video-preview":"max-video-preview:-1"},"canonical":"https:\/\/www.escapadarural.com\/blog\/la-noche-templaria-de-ponferrada\/","og_locale":"es_ES","og_type":"article","og_title":"La Noche Templaria de Ponferrada - EscapadaRural","og_description":"Del 27 de junio al 1 de julio Ponferrada celebra su popular fiesta la Noche Templaria, una recreaci\u00f3n de un acontecimiento medieval que marc\u00f3 la historia de la ciudad.","og_url":"https:\/\/www.escapadarural.com\/blog\/la-noche-templaria-de-ponferrada\/","og_site_name":"Magazine de viajes de EscapadaRural","article_publisher":"https:\/\/www.facebook.com\/escapadarural","article_published_time":"2018-06-22T10:00:41+00:00","article_modified_time":"2025-01-16T13:03:13+00:00","og_image":[{"width":1024,"height":768,"url":"https:\/\/www.escapadarural.com\/blog\/wp-content\/uploads\/2024\/10\/Noche_templaria_ponferrada-1-1024x768-3.jpg","type":"image\/jpeg"}],"author":"Laura Fern\u00e1ndez","twitter_card":"summary_large_image","twitter_misc":{"Escrito por":"Laura Fern\u00e1ndez","Tiempo de lectura":"3 minutos"},"schema":{"@context":"https:\/\/schema.org","@graph":[{"@type":"Article","@id":"https:\/\/www.escapadarural.com\/blog\/la-noche-templaria-de-ponferrada\/#article","isPartOf":{"@id":"https:\/\/www.escapadarural.com\/blog\/la-noche-templaria-de-ponferrada\/"},"author":{"name":"Laura Fern\u00e1ndez","@id":"https:\/\/www.escapadarural.com\/blog\/#\/schema\/person\/a9b46ae4d047d8a2c719f31e75206cff"},"headline":"La Noche Templaria de Ponferrada","datePublished":"2018-06-22T10:00:41+00:00","dateModified":"2025-01-16T13:03:13+00:00","mainEntityOfPage":{"@id":"https:\/\/www.escapadarural.com\/blog\/la-noche-templaria-de-ponferrada\/"},"wordCount":636,"commentCount":1,"publisher":{"@id":"https:\/\/www.escapadarural.com\/blog\/#organization"},"image":{"@id":"https:\/\/www.escapadarural.com\/blog\/la-noche-templaria-de-ponferrada\/#primaryimage"},"thumbnailUrl":"https:\/\/www.escapadarural.com\/blog\/wp-content\/uploads\/2024\/10\/Noche_templaria_ponferrada-1-1024x768-3.jpg","keywords":["Castilla y Le\u00f3n","Castillo","Fiestas","Le\u00f3n","Ponferrada","Templarios"],"articleSection":["Arte y Cultura"],"inLanguage":"es","potentialAction":[{"@type":"CommentAction","name":"Comment","target":["https:\/\/www.escapadarural.com\/blog\/la-noche-templaria-de-ponferrada\/#respond"]}]},{"@type":"WebPage","@id":"https:\/\/www.escapadarural.com\/blog\/la-noche-templaria-de-ponferrada\/","url":"https:\/\/www.escapadarural.com\/blog\/la-noche-templaria-de-ponferrada\/","name":"La Noche Templaria de Ponferrada - EscapadaRural","isPartOf":{"@id":"https:\/\/www.escapadarural.com\/blog\/#website"},"primaryImageOfPage":{"@id":"https:\/\/www.escapadarural.com\/blog\/la-noche-templaria-de-ponferrada\/#primaryimage"},"image":{"@id":"https:\/\/www.escapadarural.com\/blog\/la-noche-templaria-de-ponferrada\/#primaryimage"},"thumbnailUrl":"https:\/\/www.escapadarural.com\/blog\/wp-content\/uploads\/2024\/10\/Noche_templaria_ponferrada-1-1024x768-3.jpg","datePublished":"2018-06-22T10:00:41+00:00","dateModified":"2025-01-16T13:03:13+00:00","breadcrumb":{"@id":"https:\/\/www.escapadarural.com\/blog\/la-noche-templaria-de-ponferrada\/#breadcrumb"},"inLanguage":"es","potentialAction":[{"@type":"ReadAction","target":["https:\/\/www.escapadarural.com\/blog\/la-noche-templaria-de-ponferrada\/"]}]},{"@type":"ImageObject","inLanguage":"es","@id":"https:\/\/www.escapadarural.com\/blog\/la-noche-templaria-de-ponferrada\/#primaryimage","url":"https:\/\/www.escapadarural.com\/blog\/wp-content\/uploads\/2024\/10\/Noche_templaria_ponferrada-1-1024x768-3.jpg","contentUrl":"https:\/\/www.escapadarural.com\/blog\/wp-content\/uploads\/2024\/10\/Noche_templaria_ponferrada-1-1024x768-3.jpg","width":1024,"height":768,"caption":"Un grupo de personas vestidas con t\u00fanicas blancas y cruces rojas desfilan en una procesi\u00f3n nocturna cerca de un castillo medieval, portando banderas con cruces rojas. Los espectadores se alinean en la calle y la escena est\u00e1 escasamente iluminada."},{"@type":"BreadcrumbList","@id":"https:\/\/www.escapadarural.com\/blog\/la-noche-templaria-de-ponferrada\/#breadcrumb","itemListElement":[{"@type":"ListItem","position":1,"name":"Inicio","item":"https:\/\/www.escapadarural.com\/blog\/"},{"@type":"ListItem","position":2,"name":"Arte y Cultura","item":"https:\/\/www.escapadarural.com\/blog\/categoria\/arte-y-cultura\/"},{"@type":"ListItem","position":3,"name":"La Noche Templaria de Ponferrada"}]},{"@type":"WebSite","@id":"https:\/\/www.escapadarural.com\/blog\/#website","url":"https:\/\/www.escapadarural.com\/blog\/","name":"Blog de viajes | turismo rural, alojamientos e inspiraci\u00f3n","description":"Alojamientos rurales e inspiraci\u00f3n para tus escapadas","publisher":{"@id":"https:\/\/www.escapadarural.com\/blog\/#organization"},"alternateName":"Magazine de viajes de EscapadaRural","potentialAction":[{"@type":"SearchAction","target":{"@type":"EntryPoint","urlTemplate":"https:\/\/www.escapadarural.com\/blog\/?s={search_term_string}"},"query-input":{"@type":"PropertyValueSpecification","valueRequired":true,"valueName":"search_term_string"}}],"inLanguage":"es"},{"@type":"Organization","@id":"https:\/\/www.escapadarural.com\/blog\/#organization","name":"EscapadaRural","url":"https:\/\/www.escapadarural.com\/blog\/","logo":{"@type":"ImageObject","inLanguage":"es","@id":"https:\/\/www.escapadarural.com\/blog\/#\/schema\/logo\/image\/","url":"https:\/\/www.escapadarural.com\/blog\/wp-content\/uploads\/2024\/10\/cropped-cropped-escapada-rural-icon-mag-3.png","contentUrl":"https:\/\/www.escapadarural.com\/blog\/wp-content\/uploads\/2024\/10\/cropped-cropped-escapada-rural-icon-mag-3.png","width":512,"height":512,"caption":"EscapadaRural"},"image":{"@id":"https:\/\/www.escapadarural.com\/blog\/#\/schema\/logo\/image\/"},"sameAs":["https:\/\/www.facebook.com\/escapadarural","https:\/\/www.instagram.com\/escapadarural\/","https:\/\/www.youtube.com\/@escapadaruralcom"]},{"@type":"Person","@id":"https:\/\/www.escapadarural.com\/blog\/#\/schema\/person\/a9b46ae4d047d8a2c719f31e75206cff","name":"Laura Fern\u00e1ndez","image":{"@type":"ImageObject","inLanguage":"es","@id":"https:\/\/www.escapadarural.com\/blog\/wp-content\/uploads\/2025\/01\/cropped-laura_raponchii-96x96.jpg","url":"https:\/\/www.escapadarural.com\/blog\/wp-content\/uploads\/2025\/01\/cropped-laura_raponchii-96x96.jpg","contentUrl":"https:\/\/www.escapadarural.com\/blog\/wp-content\/uploads\/2025\/01\/cropped-laura_raponchii-96x96.jpg","caption":"Laura Fern\u00e1ndez"},"description":"Periodista, blogger y viajera. No necesariamente en ese orden. En ocasiones me despierto sin saber d\u00f3nde estoy. Adicta a los c\u00f3mics y a los noodles con salsa de cacahuete. Redactora en @escapadarural, colaboradora en la Conde Nast Traveler y en la Divinity. Mi casa: Meridiano180.","sameAs":["http:\/\/www.meridiano180.com\/"],"url":"https:\/\/www.escapadarural.com\/blog\/autor\/laura\/"}]}},"_links":{"self":[{"href":"https:\/\/www.escapadarural.com\/blog\/wp-json\/wp\/v2\/posts\/9956","targetHints":{"allow":["GET"]}}],"collection":[{"href":"https:\/\/www.escapadarural.com\/blog\/wp-json\/wp\/v2\/posts"}],"about":[{"href":"https:\/\/www.escapadarural.com\/blog\/wp-json\/wp\/v2\/types\/post"}],"author":[{"embeddable":true,"href":"https:\/\/www.escapadarural.com\/blog\/wp-json\/wp\/v2\/users\/89"}],"replies":[{"embeddable":true,"href":"https:\/\/www.escapadarural.com\/blog\/wp-json\/wp\/v2\/comments?post=9956"}],"version-history":[{"count":0,"href":"https:\/\/www.escapadarural.com\/blog\/wp-json\/wp\/v2\/posts\/9956\/revisions"}],"wp:featuredmedia":[{"embeddable":true,"href":"https:\/\/www.escapadarural.com\/blog\/wp-json\/wp\/v2\/media\/104427"}],"wp:attachment":[{"href":"https:\/\/www.escapadarural.com\/blog\/wp-json\/wp\/v2\/media?parent=9956"}],"wp:term":[{"taxonomy":"category","embeddable":true,"href":"https:\/\/www.escapadarural.com\/blog\/wp-json\/wp\/v2\/categories?post=9956"},{"taxonomy":"post_tag","embeddable":true,"href":"https:\/\/www.escapadarural.com\/blog\/wp-json\/wp\/v2\/tags?post=9956"}],"curies":[{"name":"wp","href":"https:\/\/api.w.org\/{rel}","templated":true}]}}