{"id":9962,"date":"2018-08-31T10:00:50","date_gmt":"2018-08-31T10:00:50","guid":{"rendered":"http:\/\/15.188.81.248\/2018\/08\/31\/valle-de-iruelas-naturaleza-micologia-y-rapaces\/"},"modified":"2025-02-10T17:52:12","modified_gmt":"2025-02-10T15:52:12","slug":"valle-de-iruelas-naturaleza-micologia-y-rapaces","status":"publish","type":"post","link":"https:\/\/www.escapadarural.com\/blog\/valle-de-iruelas-naturaleza-micologia-y-rapaces\/","title":{"rendered":"Valle de Iruelas: naturaleza, micolog\u00eda y rapaces"},"content":{"rendered":"\n<figure class=\"wp-block-image size-large\"><a href=\"https:\/\/www.escapadarural.com\/blog\/wp-content\/uploads\/2018\/08\/Valle-de-Iruelas-1.jpg\"><img decoding=\"async\" src=\"https:\/\/www.escapadarural.com\/blog\/wp-content\/uploads\/2018\/08\/Valle-de-Iruelas-1-1024x680.jpg\" alt=\"El Burguillo\" class=\"wp-image-26069\"\/><\/a><figcaption class=\"wp-element-caption\">El Burguillo, Valle de Iruelas. Por ihervas<\/figcaption><\/figure>\n\n\n\n<p>El sureste de la provincia de <strong><a href=\"\/casas-rurales\/avila\">\u00c1vila<\/a><\/strong> esconde una peque\u00f1a&nbsp;joya natural que recibe por nombre&nbsp;<strong>Valle de Iruelas<\/strong>. Un delicioso paisaje, declarado <strong>Reserva Natural y ZEPA<\/strong> (Zona Especial de Protecci\u00f3n de Aves), sobre el que sobrevuelan diariamente rapaces tan&nbsp;relevantes como el <strong>\u00e1guila imperial ib\u00e9rica<\/strong>, en peligro de extinci\u00f3n, y que cobija a la mayor poblaci\u00f3n de <a href=\"\/blog\/el-valle-de-iruelas-hogar-del-buitre\/\">buitre negro<\/a> de Castilla y Le\u00f3n. Un valle din\u00e1mico al que le gusta vestirse en consonancia con los colores de cada estaci\u00f3n y que siempre luce espl\u00e9ndido.<\/p>\n\n\n\n<p>Su reducido tama\u00f1o, poco m\u00e1s de 8600 hect\u00e1reas, lo suple con su <strong>ampl\u00edsima biodiversidad<\/strong>. Actualmente hay catalogadas hasta 600 especies de flora distintas. Algunas tan comunes como el casta\u00f1o, el acebo o el tejo; y otras tan especiales como el centenario <strong>pino negral<\/strong> o de tan alt\u00edsimo valor flor\u00edstico como la <strong>manzanilla de Gredos<\/strong>&nbsp;y el piorno -todo un espect\u00e1culo visual en floraci\u00f3n.<\/p>\n\n\n\n<p>Cuatro son los pueblos que tienen la suerte de pertenecer al <strong>Valle de Iruelas<\/strong>:&nbsp;<a href=\"\/casas-rurales\/el-barraco\">El Barraco<\/a>, <a href=\"\/casas-rurales\/el-tiemblo\">El Tiemblo<\/a>, <a href=\"\/casas-rurales\/san-juan-de-la-nava\">San Juan de la Nava<\/a> y <a href=\"\/casas-rurales\/navaluenga\">Navaluenga<\/a>. \u00c9ste \u00faltimo de singular belleza por formar parte del curso natural del <strong>R\u00edo Alberche<\/strong>&nbsp;y por su genialmente conservado Puente Romano del siglo XVI.<\/p>\n\n\n\n<figure class=\"wp-block-image size-large\"><a href=\"https:\/\/www.escapadarural.com\/blog\/wp-content\/uploads\/2018\/08\/valle-de-iruelas-navaluenga-puente-romanico.jpg\"><img decoding=\"async\" src=\"https:\/\/www.escapadarural.com\/blog\/wp-content\/uploads\/2018\/08\/valle-de-iruelas-navaluenga-puente-romanico-1024x768.jpg\" alt=\"Valle de Iruelas\" class=\"wp-image-26068\"\/><\/a><figcaption class=\"wp-element-caption\">Por El\u00edsabet Garc\u00eda<\/figcaption><\/figure>\n\n\n\n<p>Con el fin de regular las aguas del R\u00edo Alberche se cre\u00f3, all\u00e1 por 1913, el que hoy d\u00eda es uno de los mayores atractivos del <strong>Valle de Iruelas<\/strong>, el <strong>Embalse de El Burguillo<\/strong>. Un arrebatador refugio donde darse un chapuz\u00f3n en verano, pasar un estupendo d\u00eda de picnic, o salir a navegar en embarcaciones de vela o motor.<\/p>\n\n\n\n<figure class=\"wp-block-image size-large\"><a href=\"https:\/\/www.escapadarural.com\/blog\/wp-content\/uploads\/2018\/08\/valle-de-iruelas-navaluenga.jpg\"><img decoding=\"async\" src=\"https:\/\/www.escapadarural.com\/blog\/wp-content\/uploads\/2018\/08\/valle-de-iruelas-navaluenga-1024x768.jpg\" alt=\"Valle de Iruelas\" class=\"wp-image-26067\"\/><\/a><figcaption class=\"wp-element-caption\">Por: El\u00edsabet Garc\u00eda<\/figcaption><\/figure>\n\n\n\n<p>Precisamente del R\u00edo Alberche son afluentes la mayor\u00eda de las decenas de arroyos que recorren el <strong>Valle de Iruelas<\/strong>&nbsp;transformando sus tierras en un fabuloso caldo de cultivo para el desarrollo de setas&nbsp;tan preciadas como la&nbsp;<em>boletus edulis<\/em> u otras m\u00e1s end\u00e9micas e impronunciables como la <em>macrolepiota procera<\/em>.<\/p>\n\n\n\n<figure class=\"wp-block-image size-large\"><a href=\"https:\/\/www.escapadarural.com\/blog\/wp-content\/uploads\/2018\/08\/valle-de-iruelas-navaluenga-puente-romanico-macrolepiota-procera.jpg\"><img decoding=\"async\" src=\"https:\/\/www.escapadarural.com\/blog\/wp-content\/uploads\/2018\/08\/valle-de-iruelas-navaluenga-puente-romanico-macrolepiota-procera-1024x768.jpg\" alt=\"Valle de Iruelas\" class=\"wp-image-26066\"\/><\/a><figcaption class=\"wp-element-caption\">Por El\u00edsabet Garc\u00eda<\/figcaption><\/figure>\n\n\n\n<p>Oto\u00f1o es la \u00e9poca del a\u00f1o que mayor curiosidad despierta entre los amantes de la micolog\u00eda. Los meses que ti\u00f1en de rojos y caobas las hojas de sus robledales, son tambi\u00e9n los encargados de hacer brotar con fuerza todo tipo de hongos y setas, convirtiendo el paraje en un aut\u00e9ntico <strong>vergel micol\u00f3gico<\/strong>.<\/p>\n\n\n\n<p>No es casualidad que sean justamente estas fechas las elegidas por las administraciones locales para organizar <strong>excursiones y actividades de turismo activo<\/strong> que ayuden a educar y concienciar sobre la recogida responsable de este manjar culinario.<\/p>\n\n\n\n<figure class=\"wp-block-image size-large\"><a href=\"https:\/\/www.escapadarural.com\/blog\/wp-content\/uploads\/2018\/08\/valle-de-iruelas-navaluenga-boletus.jpg\"><img decoding=\"async\" src=\"https:\/\/www.escapadarural.com\/blog\/wp-content\/uploads\/2018\/08\/valle-de-iruelas-navaluenga-boletus-1024x768.jpg\" alt=\"Valle de Iruelas\" class=\"wp-image-26065\"\/><\/a><figcaption class=\"wp-element-caption\">Por El\u00edsabet Garc\u00eda<\/figcaption><\/figure>\n\n\n\n<p>Para vertebrar este enclave tan seductor se ha habilitado una <strong>completa red de senderos<\/strong> de diversa dificultad y duraci\u00f3n. En el extremo m\u00e1s sencillo, la<strong>&nbsp;ruta circular y accesible de 600 metros<\/strong> que bordea la <strong>Casa del Parque<\/strong>; en el lado opuesto, el <strong>complejo&nbsp;itinerario lineal de seis kil\u00f3metros<\/strong>&nbsp;que permite coronar los 1959 metros del <strong>Pico Escusa<\/strong>, el porte de m\u00e1s altura de toda la zona y desde el que se obtiene una vista panor\u00e1mica de infarto.<\/p>\n\n\n\n<p>En un comedido punto intermedio, por su longitud, encontramos la <strong>senda circular<\/strong> dise\u00f1ada para visitar el <strong><a href=\"\/blog\/los-mejores-sitios-para-encontrar-castanas-en-espana\/\">Casta\u00f1ar de El Tiemblo<\/a><\/strong>, la maravilla bot\u00e1nica m\u00e1s sobresaliente de la Reserva Natural del Valle de Iruelas. <strong>Dos horas de c\u00f3modo trayecto<\/strong> que da comienzo en el <strong>Area Recreativa de El Regajo<\/strong> y que adentra al caminante en una experiencia multisensorial por uno de los bosques m\u00e1s sigulares y fotog\u00e9nicos de la comarca, m\u00e1xime con el albor dorado y cobrizo del oto\u00f1o.<\/p>\n\n\n\n<p>Otra interesante opci\u00f3n de senderismo es la que conecta el <strong>Puerto Casillas<\/strong> con el <strong>Pozo de la Nieve<\/strong>. 3,7 kil\u00f3metros. Dificultad baja con apenas cinco metros de desnivel. Un camino de contrastes que pasa de las superficies rocosas y gran\u00edticas de los tramos iniciales al h\u00famedo bosque de helechos del final y que da acceso a todo un ejemplo de <strong>legado cultural \u00e1rabe<\/strong>.<\/p>\n\n\n\n<p>Apetecible en cualquier \u00e9poca del a\u00f1o por su suave clima, en el <strong>Valle de Iruelas<\/strong>&nbsp;encontrar\u00e1s el lugar id\u00f3neo para dejarte sucumbir por la Madre Naturaleza.<\/p>\n\n\n\n<h2 class=\"wp-block-heading\" id=\"h-que-mas-ver-en-avila\">Qu\u00e9 m\u00e1s ver en \u00c1vila<\/h2>\n\n\n<section class=\"wp-block-ub-post-grid ub-block-post-grid align  is-equal-height preserve-post-image-aspect-ratio\" style=\"\" id=\"ub-post-grid-\"><div class=\"ub-post-grid-items is-grid columns-2\" style=\"row-gap: 32px; column-gap: 32px; \"><article id=\"post-216381\" class=\"ub-post-grid-item post-216381 post type-post status-publish format-standard has-post-thumbnail hentry category-alojamientos-rurales tag-que-ver-en-albacete tag-alimentacion-saludable tag-que-ver-en-almeria tag-amigos tag-que-ver-en-avila tag-que-ver-en-castellon tag-familia tag-que-ver-en-granada tag-huerto-ecologico tag-que-ver-en-leon tag-listado tag-operacion-bikini tag-que-ver-en-ourense tag-pareja tag-primavera tag-que-ver-en-teruel\" style=\"\"><div class=\"ub-block-post-grid-image\" style=\"\"><a href=\"https:\/\/www.escapadarural.com\/blog\/casas-rurales-operacion-bikini\/\" rel=\"bookmark\" aria-hidden=\"true\" tabindex=\"-1\"><img loading=\"lazy\" decoding=\"async\" width=\"2048\" height=\"1367\" src=\"https:\/\/www.escapadarural.com\/blog\/wp-content\/uploads\/2026\/04\/00b_OperacionBikini_oneinchpunch_AdobeStock_573279975-scaled.jpeg\" class=\"attachment-full size-full\" alt=\"Grupo de amigos alrededor de una mesa con comida saludable.\" style=\"max-width: 600px; \" srcset=\"https:\/\/www.escapadarural.com\/blog\/wp-content\/uploads\/2026\/04\/00b_OperacionBikini_oneinchpunch_AdobeStock_573279975-200x134.jpeg 200w, https:\/\/www.escapadarural.com\/blog\/wp-content\/uploads\/2026\/04\/00b_OperacionBikini_oneinchpunch_AdobeStock_573279975-300x200.jpeg 300w, https:\/\/www.escapadarural.com\/blog\/wp-content\/uploads\/2026\/04\/00b_OperacionBikini_oneinchpunch_AdobeStock_573279975-400x267.jpeg 400w, https:\/\/www.escapadarural.com\/blog\/wp-content\/uploads\/2026\/04\/00b_OperacionBikini_oneinchpunch_AdobeStock_573279975-600x401.jpeg 600w, https:\/\/www.escapadarural.com\/blog\/wp-content\/uploads\/2026\/04\/00b_OperacionBikini_oneinchpunch_AdobeStock_573279975-768x513.jpeg 768w, https:\/\/www.escapadarural.com\/blog\/wp-content\/uploads\/2026\/04\/00b_OperacionBikini_oneinchpunch_AdobeStock_573279975-800x534.jpeg 800w, https:\/\/www.escapadarural.com\/blog\/wp-content\/uploads\/2026\/04\/00b_OperacionBikini_oneinchpunch_AdobeStock_573279975-1024x684.jpeg 1024w, https:\/\/www.escapadarural.com\/blog\/wp-content\/uploads\/2026\/04\/00b_OperacionBikini_oneinchpunch_AdobeStock_573279975-1200x801.jpeg 1200w, https:\/\/www.escapadarural.com\/blog\/wp-content\/uploads\/2026\/04\/00b_OperacionBikini_oneinchpunch_AdobeStock_573279975-1536x1025.jpeg 1536w, https:\/\/www.escapadarural.com\/blog\/wp-content\/uploads\/2026\/04\/00b_OperacionBikini_oneinchpunch_AdobeStock_573279975-scaled.jpeg 2048w\" sizes=\"auto, (max-width: 2048px) 100vw, 2048px\"><\/a><\/div><div class=\"ub-block-post-grid-text\" style=\"\"><div class=\"ub-block-post-grid-header-content\"><header class=\"ub-block-post-grid-header\"><h3 class=\"ub-block-post-grid-title\"><a style=\"\" href=\"https:\/\/www.escapadarural.com\/blog\/casas-rurales-operacion-bikini\/\" rel=\"bookmark\">Operaci\u00f3n bikini sin dietas ni gimnasio: casas rurales para cuidarte de forma natural<\/a><\/h3><\/header><\/div><div class=\"ub-block-post-grid-excerpt\"><div class=\"ub-block-post-grid-excerpt-text\" style=\"\"><p>Descubre casas rurales con huerto, cocina saludable y naturaleza para empezar la operaci\u00f3n bikini sin grandes esfuerzos y mejorar tus h\u00e1bitos de forma natural<\/p>\n<\/div><p><a class=\"ub-block-post-grid-more-link ub-text-link\" style=\"\" href=\"https:\/\/www.escapadarural.com\/blog\/casas-rurales-operacion-bikini\/\" rel=\"bookmark\">Leer <span class=\"screen-reader-text\">Operaci\u00f3n bikini sin dietas ni gimnasio: casas rurales para cuidarte de forma natural<\/span><\/a><\/p><\/div><\/div><\/article>\n<article id=\"post-215742\" class=\"ub-post-grid-item post-215742 post type-post status-publish format-standard has-post-thumbnail hentry category-destinos tag-que-ver-en-a-coruna tag-apicultura tag-apiturismo tag-arzua tag-que-ver-en-avila tag-que-ver-en-cantabria tag-colmenar tag-familia tag-que-ver-en-guadalajara tag-la-alcarria tag-liebana tag-listado tag-que-ver-en-malaga tag-miel tag-pareja tag-primavera tag-que-ver-en-tarragona\" style=\"\"><div class=\"ub-block-post-grid-image\" style=\"\"><a href=\"https:\/\/www.escapadarural.com\/blog\/apiturismo-escapadas-rurales-miel\/\" rel=\"bookmark\" aria-hidden=\"true\" tabindex=\"-1\"><img loading=\"lazy\" decoding=\"async\" width=\"2048\" height=\"1366\" src=\"https:\/\/www.escapadarural.com\/blog\/wp-content\/uploads\/2026\/04\/AdobeStock_633323406-scaled.jpeg\" class=\"attachment-full size-full\" alt=\"Apicultura para ni\u00f1os. Por Robert Kneschke\" style=\"max-width: 600px; \" srcset=\"https:\/\/www.escapadarural.com\/blog\/wp-content\/uploads\/2026\/04\/AdobeStock_633323406-200x133.jpeg 200w, https:\/\/www.escapadarural.com\/blog\/wp-content\/uploads\/2026\/04\/AdobeStock_633323406-300x200.jpeg 300w, https:\/\/www.escapadarural.com\/blog\/wp-content\/uploads\/2026\/04\/AdobeStock_633323406-400x267.jpeg 400w, https:\/\/www.escapadarural.com\/blog\/wp-content\/uploads\/2026\/04\/AdobeStock_633323406-600x400.jpeg 600w, https:\/\/www.escapadarural.com\/blog\/wp-content\/uploads\/2026\/04\/AdobeStock_633323406-768x512.jpeg 768w, https:\/\/www.escapadarural.com\/blog\/wp-content\/uploads\/2026\/04\/AdobeStock_633323406-800x533.jpeg 800w, https:\/\/www.escapadarural.com\/blog\/wp-content\/uploads\/2026\/04\/AdobeStock_633323406-1024x683.jpeg 1024w, https:\/\/www.escapadarural.com\/blog\/wp-content\/uploads\/2026\/04\/AdobeStock_633323406-1200x800.jpeg 1200w, https:\/\/www.escapadarural.com\/blog\/wp-content\/uploads\/2026\/04\/AdobeStock_633323406-1536x1024.jpeg 1536w, https:\/\/www.escapadarural.com\/blog\/wp-content\/uploads\/2026\/04\/AdobeStock_633323406-scaled.jpeg 2048w\" sizes=\"auto, (max-width: 2048px) 100vw, 2048px\"><\/a><\/div><div class=\"ub-block-post-grid-text\" style=\"\"><div class=\"ub-block-post-grid-header-content\"><header class=\"ub-block-post-grid-header\"><h3 class=\"ub-block-post-grid-title\"><a style=\"\" href=\"https:\/\/www.escapadarural.com\/blog\/apiturismo-escapadas-rurales-miel\/\" rel=\"bookmark\">Apiturismo en familia: 7 escapadas con miel que est\u00e1n arrasando esta primavera \ud83d\udc1d<\/a><\/h3><\/header><\/div><div class=\"ub-block-post-grid-excerpt\"><div class=\"ub-block-post-grid-excerpt-text\" style=\"\"><p>Destinos con miel D.O.P. e I.G.P. donde el sabor m\u00e1s aut\u00e9ntico y sus actividades te endulzan la vida. \u00bfTe atreves a ser apicultor por un d\u00eda?<\/p>\n<\/div><p><a class=\"ub-block-post-grid-more-link ub-text-link\" style=\"\" href=\"https:\/\/www.escapadarural.com\/blog\/apiturismo-escapadas-rurales-miel\/\" rel=\"bookmark\">Leer <span class=\"screen-reader-text\">Apiturismo en familia: 7 escapadas con miel que est\u00e1n arrasando esta primavera \ud83d\udc1d<\/span><\/a><\/p><\/div><\/div><\/article>\n<article id=\"post-214921\" class=\"ub-post-grid-item post-214921 post type-post status-publish format-standard has-post-thumbnail hentry category-arte-y-cultura category-destinos tag-que-ver-en-albacete tag-que-ver-en-asturias tag-que-ver-en-avila tag-que-ver-en-barcelona tag-familia tag-que-ver-en-galicia tag-que-ver-en-huesca tag-que-ver-en-la-rioja tag-listado tag-musica tag-pareja tag-que-ver-en-sevilla tag-que-ver-en-toledo tag-videoclips tag-que-ver-en-zamora tag-que-ver-en-zaragoza\" style=\"\"><div class=\"ub-block-post-grid-image\" style=\"\"><a href=\"https:\/\/www.escapadarural.com\/blog\/pueblos-paisajes-espana-rural-videoclips\/\" rel=\"bookmark\" aria-hidden=\"true\" tabindex=\"-1\"><img loading=\"lazy\" decoding=\"async\" width=\"1920\" height=\"1280\" src=\"https:\/\/www.escapadarural.com\/blog\/wp-content\/uploads\/2021\/06\/barrancas-4832627_1920.jpg\" class=\"attachment-full size-full\" alt=\"Barrancas de Buruj\u00f3n\" style=\"max-width: 600px; \" srcset=\"https:\/\/www.escapadarural.com\/blog\/wp-content\/uploads\/2021\/06\/barrancas-4832627_1920-200x133.jpg 200w, https:\/\/www.escapadarural.com\/blog\/wp-content\/uploads\/2021\/06\/barrancas-4832627_1920-300x200.jpg 300w, https:\/\/www.escapadarural.com\/blog\/wp-content\/uploads\/2021\/06\/barrancas-4832627_1920-400x267.jpg 400w, https:\/\/www.escapadarural.com\/blog\/wp-content\/uploads\/2021\/06\/barrancas-4832627_1920-600x400.jpg 600w, https:\/\/www.escapadarural.com\/blog\/wp-content\/uploads\/2021\/06\/barrancas-4832627_1920-768x512.jpg 768w, https:\/\/www.escapadarural.com\/blog\/wp-content\/uploads\/2021\/06\/barrancas-4832627_1920-800x533.jpg 800w, https:\/\/www.escapadarural.com\/blog\/wp-content\/uploads\/2021\/06\/barrancas-4832627_1920-1024x683.jpg 1024w, https:\/\/www.escapadarural.com\/blog\/wp-content\/uploads\/2021\/06\/barrancas-4832627_1920-1200x800.jpg 1200w, https:\/\/www.escapadarural.com\/blog\/wp-content\/uploads\/2021\/06\/barrancas-4832627_1920-1536x1024.jpg 1536w, https:\/\/www.escapadarural.com\/blog\/wp-content\/uploads\/2021\/06\/barrancas-4832627_1920.jpg 1920w\" sizes=\"auto, (max-width: 1920px) 100vw, 1920px\"><\/a><\/div><div class=\"ub-block-post-grid-text\" style=\"\"><div class=\"ub-block-post-grid-header-content\"><header class=\"ub-block-post-grid-header\"><h3 class=\"ub-block-post-grid-title\"><a style=\"\" href=\"https:\/\/www.escapadarural.com\/blog\/pueblos-paisajes-espana-rural-videoclips\/\" rel=\"bookmark\">Escapada musical: un recorrido por pueblos y paisajes de la Espa\u00f1a rural a trav\u00e9s de videoclips<\/a><\/h3><\/header><\/div><div class=\"ub-block-post-grid-excerpt\"><div class=\"ub-block-post-grid-excerpt-text\" style=\"\"><p>De Carmona a Los Monegros: descubre pueblos y paisajes rurales de Espa\u00f1a que han aparecido en videoclips de artistas como Spandau Ballet, Mal\u00fa o Manuel Carrasco<\/p>\n<\/div><p><a class=\"ub-block-post-grid-more-link ub-text-link\" style=\"\" href=\"https:\/\/www.escapadarural.com\/blog\/pueblos-paisajes-espana-rural-videoclips\/\" rel=\"bookmark\">Leer <span class=\"screen-reader-text\">Escapada musical: un recorrido por pueblos y paisajes de la Espa\u00f1a rural a trav\u00e9s de videoclips<\/span><\/a><\/p><\/div><\/div><\/article>\n<article id=\"post-214251\" class=\"ub-post-grid-item post-214251 post type-post status-publish format-standard has-post-thumbnail hentry category-alojamientos-rurales category-destinos tag-almendros-en-flor tag-amigos tag-que-ver-en-avila tag-que-ver-en-barcelona tag-que-ver-en-caceres tag-casas-rurales tag-cerezos-en-flor tag-familia tag-floracion tag-que-ver-en-girona tag-que-ver-en-granada tag-que-ver-en-jaen tag-listado tag-que-ver-en-murcia tag-pareja tag-primavera tag-turismo-rural tag-valle-del-jerte\" style=\"\"><div class=\"ub-block-post-grid-image\" style=\"\"><a href=\"https:\/\/www.escapadarural.com\/blog\/casas-rurales-floracion\/\" rel=\"bookmark\" aria-hidden=\"true\" tabindex=\"-1\"><img loading=\"lazy\" decoding=\"async\" width=\"2048\" height=\"1536\" src=\"https:\/\/www.escapadarural.com\/blog\/wp-content\/uploads\/2026\/02\/Candelaria-scaled.jpg\" class=\"attachment-full size-full\" alt=\"Candelaria (\u00c1vila)\" style=\"max-width: 600px; \" srcset=\"https:\/\/www.escapadarural.com\/blog\/wp-content\/uploads\/2026\/02\/Candelaria-200x150.jpg 200w, https:\/\/www.escapadarural.com\/blog\/wp-content\/uploads\/2026\/02\/Candelaria-300x225.jpg 300w, https:\/\/www.escapadarural.com\/blog\/wp-content\/uploads\/2026\/02\/Candelaria-400x300.jpg 400w, https:\/\/www.escapadarural.com\/blog\/wp-content\/uploads\/2026\/02\/Candelaria-600x450.jpg 600w, https:\/\/www.escapadarural.com\/blog\/wp-content\/uploads\/2026\/02\/Candelaria-768x576.jpg 768w, https:\/\/www.escapadarural.com\/blog\/wp-content\/uploads\/2026\/02\/Candelaria-800x600.jpg 800w, https:\/\/www.escapadarural.com\/blog\/wp-content\/uploads\/2026\/02\/Candelaria-1024x768.jpg 1024w, https:\/\/www.escapadarural.com\/blog\/wp-content\/uploads\/2026\/02\/Candelaria-1200x900.jpg 1200w, https:\/\/www.escapadarural.com\/blog\/wp-content\/uploads\/2026\/02\/Candelaria-1536x1152.jpg 1536w, https:\/\/www.escapadarural.com\/blog\/wp-content\/uploads\/2026\/02\/Candelaria-scaled.jpg 2048w\" sizes=\"auto, (max-width: 2048px) 100vw, 2048px\"><\/a><\/div><div class=\"ub-block-post-grid-text\" style=\"\"><div class=\"ub-block-post-grid-header-content\"><header class=\"ub-block-post-grid-header\"><h3 class=\"ub-block-post-grid-title\"><a style=\"\" href=\"https:\/\/www.escapadarural.com\/blog\/casas-rurales-floracion\/\" rel=\"bookmark\">Primavera a domicilio: casas rurales donde ver florecer el campo desde la ventana<\/a><\/h3><\/header><\/div><div class=\"ub-block-post-grid-excerpt\"><div class=\"ub-block-post-grid-excerpt-text\" style=\"\"><p>Estas casas rurales te regalan la floraci\u00f3n sin madrugones ni excursiones: podr\u00e1s ver todo el colorido de la primavera desde la ventana<\/p>\n<\/div><p><a class=\"ub-block-post-grid-more-link ub-text-link\" style=\"\" href=\"https:\/\/www.escapadarural.com\/blog\/casas-rurales-floracion\/\" rel=\"bookmark\">Leer <span class=\"screen-reader-text\">Primavera a domicilio: casas rurales donde ver florecer el campo desde la ventana<\/span><\/a><\/p><\/div><\/div><\/article>\n<article id=\"post-214400\" class=\"ub-post-grid-item post-214400 post type-post status-publish format-standard has-post-thumbnail hentry category-rutas-y-excursiones tag-que-ver-en-a-coruna tag-agua tag-que-ver-en-alava tag-que-ver-en-asturias tag-que-ver-en-avila tag-que-ver-en-cordoba tag-dia-mundial-del-agua tag-familia tag-que-ver-en-huesca tag-listado tag-que-ver-en-navarra tag-pareja tag-senderismo\" style=\"\"><div class=\"ub-block-post-grid-image\" style=\"\"><a href=\"https:\/\/www.escapadarural.com\/blog\/rutas-del-agua-familiares-para-celebrar-su-dia-mundial\/\" rel=\"bookmark\" aria-hidden=\"true\" tabindex=\"-1\"><img loading=\"lazy\" decoding=\"async\" width=\"1056\" height=\"704\" src=\"https:\/\/www.escapadarural.com\/blog\/wp-content\/uploads\/2026\/03\/01_RutasAgua_Zas_FervenzaBudian_TurismoGalicia.jpg\" class=\"attachment-full size-full\" alt=\"Fervenza (cascada) de Budian, en la Ruta del Agua de Zas (A Coru\u00f1a).\" style=\"max-width: 600px; \" srcset=\"https:\/\/www.escapadarural.com\/blog\/wp-content\/uploads\/2026\/03\/01_RutasAgua_Zas_FervenzaBudian_TurismoGalicia-200x133.jpg 200w, https:\/\/www.escapadarural.com\/blog\/wp-content\/uploads\/2026\/03\/01_RutasAgua_Zas_FervenzaBudian_TurismoGalicia-300x200.jpg 300w, https:\/\/www.escapadarural.com\/blog\/wp-content\/uploads\/2026\/03\/01_RutasAgua_Zas_FervenzaBudian_TurismoGalicia-400x267.jpg 400w, https:\/\/www.escapadarural.com\/blog\/wp-content\/uploads\/2026\/03\/01_RutasAgua_Zas_FervenzaBudian_TurismoGalicia-600x400.jpg 600w, https:\/\/www.escapadarural.com\/blog\/wp-content\/uploads\/2026\/03\/01_RutasAgua_Zas_FervenzaBudian_TurismoGalicia-768x512.jpg 768w, https:\/\/www.escapadarural.com\/blog\/wp-content\/uploads\/2026\/03\/01_RutasAgua_Zas_FervenzaBudian_TurismoGalicia-800x533.jpg 800w, https:\/\/www.escapadarural.com\/blog\/wp-content\/uploads\/2026\/03\/01_RutasAgua_Zas_FervenzaBudian_TurismoGalicia-1024x683.jpg 1024w, https:\/\/www.escapadarural.com\/blog\/wp-content\/uploads\/2026\/03\/01_RutasAgua_Zas_FervenzaBudian_TurismoGalicia.jpg 1056w\" sizes=\"auto, (max-width: 1056px) 100vw, 1056px\"><\/a><\/div><div class=\"ub-block-post-grid-text\" style=\"\"><div class=\"ub-block-post-grid-header-content\"><header class=\"ub-block-post-grid-header\"><h3 class=\"ub-block-post-grid-title\"><a style=\"\" href=\"https:\/\/www.escapadarural.com\/blog\/rutas-del-agua-familiares-para-celebrar-su-dia-mundial\/\" rel=\"bookmark\">Rutas del Agua familiares para celebrar su D\u00eda Mundial: paseos sencillos entre r\u00edos, molinos y bosques<\/a><\/h3><\/header><\/div><div class=\"ub-block-post-grid-excerpt\"><div class=\"ub-block-post-grid-excerpt-text\" style=\"\"><p>Descubre siete rutas ideales para celebrar el D\u00eda Mundial del Agua: paseos f\u00e1ciles junto a r\u00edos, cascadas, molinos y bosques, perfectos para una escapada en familia<\/p>\n<\/div><p><a class=\"ub-block-post-grid-more-link ub-text-link\" style=\"\" href=\"https:\/\/www.escapadarural.com\/blog\/rutas-del-agua-familiares-para-celebrar-su-dia-mundial\/\" rel=\"bookmark\">Leer <span class=\"screen-reader-text\">Rutas del Agua familiares para celebrar su D\u00eda Mundial: paseos sencillos entre r\u00edos, molinos y bosques<\/span><\/a><\/p><\/div><\/div><\/article>\n<article id=\"post-214729\" class=\"ub-post-grid-item post-214729 post type-post status-publish format-standard has-post-thumbnail hentry category-destinos tag-que-ver-en-avila tag-que-ver-en-barcelona tag-bosques tag-que-ver-en-cantabria tag-que-ver-en-cuenca tag-que-ver-en-girona tag-que-ver-en-guadalajara tag-listado tag-que-ver-en-madrid tag-que-ver-en-navarra tag-primavera tag-que-ver-en-segovia tag-setas tag-turismo-rural\" style=\"\"><div class=\"ub-block-post-grid-image\" style=\"\"><a href=\"https:\/\/www.escapadarural.com\/blog\/setas-de-primavera-espana\/\" rel=\"bookmark\" aria-hidden=\"true\" tabindex=\"-1\"><img loading=\"lazy\" decoding=\"async\" width=\"2048\" height=\"1365\" src=\"https:\/\/www.escapadarural.com\/blog\/wp-content\/uploads\/2026\/03\/00c_SetasPrimavera_pikselstock_AdobeStock_294025679-scaled.jpeg\" class=\"attachment-full size-full\" alt=\"Setas de primavera.\" style=\"max-width: 600px; \" srcset=\"https:\/\/www.escapadarural.com\/blog\/wp-content\/uploads\/2026\/03\/00c_SetasPrimavera_pikselstock_AdobeStock_294025679-200x133.jpeg 200w, https:\/\/www.escapadarural.com\/blog\/wp-content\/uploads\/2026\/03\/00c_SetasPrimavera_pikselstock_AdobeStock_294025679-300x200.jpeg 300w, https:\/\/www.escapadarural.com\/blog\/wp-content\/uploads\/2026\/03\/00c_SetasPrimavera_pikselstock_AdobeStock_294025679-400x267.jpeg 400w, https:\/\/www.escapadarural.com\/blog\/wp-content\/uploads\/2026\/03\/00c_SetasPrimavera_pikselstock_AdobeStock_294025679-600x400.jpeg 600w, https:\/\/www.escapadarural.com\/blog\/wp-content\/uploads\/2026\/03\/00c_SetasPrimavera_pikselstock_AdobeStock_294025679-768x512.jpeg 768w, https:\/\/www.escapadarural.com\/blog\/wp-content\/uploads\/2026\/03\/00c_SetasPrimavera_pikselstock_AdobeStock_294025679-800x533.jpeg 800w, https:\/\/www.escapadarural.com\/blog\/wp-content\/uploads\/2026\/03\/00c_SetasPrimavera_pikselstock_AdobeStock_294025679-1024x683.jpeg 1024w, https:\/\/www.escapadarural.com\/blog\/wp-content\/uploads\/2026\/03\/00c_SetasPrimavera_pikselstock_AdobeStock_294025679-1200x800.jpeg 1200w, https:\/\/www.escapadarural.com\/blog\/wp-content\/uploads\/2026\/03\/00c_SetasPrimavera_pikselstock_AdobeStock_294025679-1536x1024.jpeg 1536w, https:\/\/www.escapadarural.com\/blog\/wp-content\/uploads\/2026\/03\/00c_SetasPrimavera_pikselstock_AdobeStock_294025679-scaled.jpeg 2048w\" sizes=\"auto, (max-width: 2048px) 100vw, 2048px\"><\/a><\/div><div class=\"ub-block-post-grid-text\" style=\"\"><div class=\"ub-block-post-grid-header-content\"><header class=\"ub-block-post-grid-header\"><h3 class=\"ub-block-post-grid-title\"><a style=\"\" href=\"https:\/\/www.escapadarural.com\/blog\/setas-de-primavera-espana\/\" rel=\"bookmark\">Setas de primavera: qu\u00e9 especies buscar y d\u00f3nde encontrarlas \ud83c\udf44\ud83c\udf3f<\/a><\/h3><\/header><\/div><div class=\"ub-block-post-grid-excerpt\"><div class=\"ub-block-post-grid-excerpt-text\" style=\"\"><p>Descubre algunas de las setas de primavera m\u00e1s apreciadas y los paisajes donde suelen crecer: colmenillas, perretxicos, senderuelas y otras especies que invitan a una escapada rural<\/p>\n<\/div><p><a class=\"ub-block-post-grid-more-link ub-text-link\" style=\"\" href=\"https:\/\/www.escapadarural.com\/blog\/setas-de-primavera-espana\/\" rel=\"bookmark\">Leer <span class=\"screen-reader-text\">Setas de primavera: qu\u00e9 especies buscar y d\u00f3nde encontrarlas \ud83c\udf44\ud83c\udf3f<\/span><\/a><\/p><\/div><\/div><\/article>\n<\/div><\/section>","protected":false},"excerpt":{"rendered":"<p>El sureste de la provincia de \u00c1vila esconde una peque\u00f1a joya natural que recibe por nombre Valle de Iruelas. Un delicioso paisaje, declarado Reserva Natural y ZEPA (Zona Especial de Protecci\u00f3n de Aves), sobre el que sobrevuelan diariamente rapaces tan relevantes como el \u00e1guila imperial ib\u00e9rica -en peligro de extinci\u00f3n- y que cobija a la mayor poblaci\u00f3n de buitre negro de Castilla y Le\u00f3n<\/p>\n","protected":false},"author":109,"featured_media":104259,"comment_status":"open","ping_status":"closed","sticky":false,"template":"","format":"standard","meta":{"_acf_changed":false,"om_disable_all_campaigns":false,"footnotes":""},"categories":[191],"tags":[896,5995,2141,1285,1776,1282],"class_list":["post-9962","post","type-post","status-publish","format-standard","has-post-thumbnail","hentry","category-destinos","tag-que-ver-en-avila","tag-que-ver-en-castilla-y-leon","tag-reserva-natural","tag-sierra-de-gredos","tag-valle-de-iruelas","tag-zepa"],"acf":[],"featured_image_src":"https:\/\/www.escapadarural.com\/blog\/wp-content\/uploads\/2024\/10\/Valle-de-Iruelas-1-1024x680-3.jpg","author_info":{"display_name":"El\u00edsabet Garc\u00eda","author_link":"https:\/\/www.escapadarural.com\/blog\/autor\/lagranescapada\/"},"yoast_head":"<!-- This site is optimized with the Yoast SEO plugin v27.5 - https:\/\/yoast.com\/product\/yoast-seo-wordpress\/ -->\n<title>Valle de Iruelas: naturaleza, micolog\u00eda y rapaces - EscapadaRural<\/title>\n<meta name=\"robots\" content=\"index, follow, max-snippet:-1, max-image-preview:large, max-video-preview:-1\" \/>\n<link rel=\"canonical\" href=\"https:\/\/www.escapadarural.com\/blog\/valle-de-iruelas-naturaleza-micologia-y-rapaces\/\" \/>\n<meta property=\"og:locale\" content=\"es_ES\" \/>\n<meta property=\"og:type\" content=\"article\" \/>\n<meta property=\"og:title\" content=\"Valle de Iruelas: naturaleza, micolog\u00eda y rapaces - EscapadaRural\" \/>\n<meta property=\"og:description\" content=\"El sureste de la provincia de \u00c1vila esconde una peque\u00f1a joya natural que recibe por nombre Valle de Iruelas. Un delicioso paisaje, declarado Reserva Natural y ZEPA (Zona Especial de Protecci\u00f3n de Aves), sobre el que sobrevuelan diariamente rapaces tan relevantes como el \u00e1guila imperial ib\u00e9rica -en peligro de extinci\u00f3n- y que cobija a la mayor poblaci\u00f3n de buitre negro de Castilla y Le\u00f3n\" \/>\n<meta property=\"og:url\" content=\"https:\/\/www.escapadarural.com\/blog\/valle-de-iruelas-naturaleza-micologia-y-rapaces\/\" \/>\n<meta property=\"og:site_name\" content=\"Magazine de viajes de EscapadaRural\" \/>\n<meta property=\"article:publisher\" content=\"https:\/\/www.facebook.com\/escapadarural\" \/>\n<meta property=\"article:published_time\" content=\"2018-08-31T10:00:50+00:00\" \/>\n<meta property=\"article:modified_time\" content=\"2025-02-10T15:52:12+00:00\" \/>\n<meta property=\"og:image\" content=\"https:\/\/www.escapadarural.com\/blog\/wp-content\/uploads\/2024\/10\/Valle-de-Iruelas-1-1024x680-3.jpg\" \/>\n\t<meta property=\"og:image:width\" content=\"1024\" \/>\n\t<meta property=\"og:image:height\" content=\"680\" \/>\n\t<meta property=\"og:image:type\" content=\"image\/jpeg\" \/>\n<meta name=\"author\" content=\"El\u00edsabet Garc\u00eda\" \/>\n<meta name=\"twitter:card\" content=\"summary_large_image\" \/>\n<meta name=\"twitter:label1\" content=\"Escrito por\" \/>\n\t<meta name=\"twitter:data1\" content=\"El\u00edsabet Garc\u00eda\" \/>\n\t<meta name=\"twitter:label2\" content=\"Tiempo de lectura\" \/>\n\t<meta name=\"twitter:data2\" content=\"5 minutos\" \/>\n<script type=\"application\/ld+json\" class=\"yoast-schema-graph\">{\"@context\":\"https:\\\/\\\/schema.org\",\"@graph\":[{\"@type\":\"Article\",\"@id\":\"https:\\\/\\\/www.escapadarural.com\\\/blog\\\/valle-de-iruelas-naturaleza-micologia-y-rapaces\\\/#article\",\"isPartOf\":{\"@id\":\"https:\\\/\\\/www.escapadarural.com\\\/blog\\\/valle-de-iruelas-naturaleza-micologia-y-rapaces\\\/\"},\"author\":{\"name\":\"El\u00edsabet Garc\u00eda\",\"@id\":\"https:\\\/\\\/www.escapadarural.com\\\/blog\\\/#\\\/schema\\\/person\\\/2cac652e2d16373a24890ffaa220140f\"},\"headline\":\"Valle de Iruelas: naturaleza, micolog\u00eda y rapaces\",\"datePublished\":\"2018-08-31T10:00:50+00:00\",\"dateModified\":\"2025-02-10T15:52:12+00:00\",\"mainEntityOfPage\":{\"@id\":\"https:\\\/\\\/www.escapadarural.com\\\/blog\\\/valle-de-iruelas-naturaleza-micologia-y-rapaces\\\/\"},\"wordCount\":741,\"commentCount\":0,\"publisher\":{\"@id\":\"https:\\\/\\\/www.escapadarural.com\\\/blog\\\/#organization\"},\"image\":{\"@id\":\"https:\\\/\\\/www.escapadarural.com\\\/blog\\\/valle-de-iruelas-naturaleza-micologia-y-rapaces\\\/#primaryimage\"},\"thumbnailUrl\":\"https:\\\/\\\/www.escapadarural.com\\\/blog\\\/wp-content\\\/uploads\\\/2024\\\/10\\\/Valle-de-Iruelas-1-1024x680-3.jpg\",\"keywords\":[\"\u00c1vila\",\"Castilla y Le\u00f3n\",\"Reserva Natural\",\"Sierra de Gredos\",\"Valle de Iruelas\",\"ZEPA\"],\"articleSection\":[\"Destinos\"],\"inLanguage\":\"es\",\"potentialAction\":[{\"@type\":\"CommentAction\",\"name\":\"Comment\",\"target\":[\"https:\\\/\\\/www.escapadarural.com\\\/blog\\\/valle-de-iruelas-naturaleza-micologia-y-rapaces\\\/#respond\"]}]},{\"@type\":\"WebPage\",\"@id\":\"https:\\\/\\\/www.escapadarural.com\\\/blog\\\/valle-de-iruelas-naturaleza-micologia-y-rapaces\\\/\",\"url\":\"https:\\\/\\\/www.escapadarural.com\\\/blog\\\/valle-de-iruelas-naturaleza-micologia-y-rapaces\\\/\",\"name\":\"Valle de Iruelas: naturaleza, micolog\u00eda y rapaces - EscapadaRural\",\"isPartOf\":{\"@id\":\"https:\\\/\\\/www.escapadarural.com\\\/blog\\\/#website\"},\"primaryImageOfPage\":{\"@id\":\"https:\\\/\\\/www.escapadarural.com\\\/blog\\\/valle-de-iruelas-naturaleza-micologia-y-rapaces\\\/#primaryimage\"},\"image\":{\"@id\":\"https:\\\/\\\/www.escapadarural.com\\\/blog\\\/valle-de-iruelas-naturaleza-micologia-y-rapaces\\\/#primaryimage\"},\"thumbnailUrl\":\"https:\\\/\\\/www.escapadarural.com\\\/blog\\\/wp-content\\\/uploads\\\/2024\\\/10\\\/Valle-de-Iruelas-1-1024x680-3.jpg\",\"datePublished\":\"2018-08-31T10:00:50+00:00\",\"dateModified\":\"2025-02-10T15:52:12+00:00\",\"breadcrumb\":{\"@id\":\"https:\\\/\\\/www.escapadarural.com\\\/blog\\\/valle-de-iruelas-naturaleza-micologia-y-rapaces\\\/#breadcrumb\"},\"inLanguage\":\"es\",\"potentialAction\":[{\"@type\":\"ReadAction\",\"target\":[\"https:\\\/\\\/www.escapadarural.com\\\/blog\\\/valle-de-iruelas-naturaleza-micologia-y-rapaces\\\/\"]}]},{\"@type\":\"ImageObject\",\"inLanguage\":\"es\",\"@id\":\"https:\\\/\\\/www.escapadarural.com\\\/blog\\\/valle-de-iruelas-naturaleza-micologia-y-rapaces\\\/#primaryimage\",\"url\":\"https:\\\/\\\/www.escapadarural.com\\\/blog\\\/wp-content\\\/uploads\\\/2024\\\/10\\\/Valle-de-Iruelas-1-1024x680-3.jpg\",\"contentUrl\":\"https:\\\/\\\/www.escapadarural.com\\\/blog\\\/wp-content\\\/uploads\\\/2024\\\/10\\\/Valle-de-Iruelas-1-1024x680-3.jpg\",\"width\":1024,\"height\":680,\"caption\":\"Un lago tranquilo refleja el cielo azul, las nubes blancas y los \u00e1rboles verdes. Grandes rocas y un peque\u00f1o \u00e1rbol frondoso surgen del agua, con colinas boscosas y monta\u00f1as al fondo.\"},{\"@type\":\"BreadcrumbList\",\"@id\":\"https:\\\/\\\/www.escapadarural.com\\\/blog\\\/valle-de-iruelas-naturaleza-micologia-y-rapaces\\\/#breadcrumb\",\"itemListElement\":[{\"@type\":\"ListItem\",\"position\":1,\"name\":\"Inicio\",\"item\":\"https:\\\/\\\/www.escapadarural.com\\\/blog\\\/\"},{\"@type\":\"ListItem\",\"position\":2,\"name\":\"Destinos\",\"item\":\"https:\\\/\\\/www.escapadarural.com\\\/blog\\\/categoria\\\/destinos\\\/\"},{\"@type\":\"ListItem\",\"position\":3,\"name\":\"Valle de Iruelas: naturaleza, micolog\u00eda y rapaces\"}]},{\"@type\":\"WebSite\",\"@id\":\"https:\\\/\\\/www.escapadarural.com\\\/blog\\\/#website\",\"url\":\"https:\\\/\\\/www.escapadarural.com\\\/blog\\\/\",\"name\":\"Blog de viajes | turismo rural, alojamientos e inspiraci\u00f3n\",\"description\":\"Alojamientos rurales e inspiraci\u00f3n para tus escapadas\",\"publisher\":{\"@id\":\"https:\\\/\\\/www.escapadarural.com\\\/blog\\\/#organization\"},\"alternateName\":\"Magazine de viajes de EscapadaRural\",\"potentialAction\":[{\"@type\":\"SearchAction\",\"target\":{\"@type\":\"EntryPoint\",\"urlTemplate\":\"https:\\\/\\\/www.escapadarural.com\\\/blog\\\/?s={search_term_string}\"},\"query-input\":{\"@type\":\"PropertyValueSpecification\",\"valueRequired\":true,\"valueName\":\"search_term_string\"}}],\"inLanguage\":\"es\"},{\"@type\":\"Organization\",\"@id\":\"https:\\\/\\\/www.escapadarural.com\\\/blog\\\/#organization\",\"name\":\"EscapadaRural\",\"url\":\"https:\\\/\\\/www.escapadarural.com\\\/blog\\\/\",\"logo\":{\"@type\":\"ImageObject\",\"inLanguage\":\"es\",\"@id\":\"https:\\\/\\\/www.escapadarural.com\\\/blog\\\/#\\\/schema\\\/logo\\\/image\\\/\",\"url\":\"https:\\\/\\\/www.escapadarural.com\\\/blog\\\/wp-content\\\/uploads\\\/2024\\\/10\\\/cropped-cropped-escapada-rural-icon-mag-3.png\",\"contentUrl\":\"https:\\\/\\\/www.escapadarural.com\\\/blog\\\/wp-content\\\/uploads\\\/2024\\\/10\\\/cropped-cropped-escapada-rural-icon-mag-3.png\",\"width\":512,\"height\":512,\"caption\":\"EscapadaRural\"},\"image\":{\"@id\":\"https:\\\/\\\/www.escapadarural.com\\\/blog\\\/#\\\/schema\\\/logo\\\/image\\\/\"},\"sameAs\":[\"https:\\\/\\\/www.facebook.com\\\/escapadarural\",\"https:\\\/\\\/www.instagram.com\\\/escapadarural\\\/\",\"https:\\\/\\\/www.youtube.com\\\/@escapadaruralcom\"]},{\"@type\":\"Person\",\"@id\":\"https:\\\/\\\/www.escapadarural.com\\\/blog\\\/#\\\/schema\\\/person\\\/2cac652e2d16373a24890ffaa220140f\",\"name\":\"El\u00edsabet Garc\u00eda\",\"image\":{\"@type\":\"ImageObject\",\"inLanguage\":\"es\",\"@id\":\"https:\\\/\\\/www.escapadarural.com\\\/blog\\\/wp-content\\\/uploads\\\/2025\\\/02\\\/elisabet_gran_escapada.webp\",\"url\":\"https:\\\/\\\/www.escapadarural.com\\\/blog\\\/wp-content\\\/uploads\\\/2025\\\/02\\\/elisabet_gran_escapada.webp\",\"contentUrl\":\"https:\\\/\\\/www.escapadarural.com\\\/blog\\\/wp-content\\\/uploads\\\/2025\\\/02\\\/elisabet_gran_escapada.webp\",\"caption\":\"El\u00edsabet Garc\u00eda\"},\"description\":\"Hola a todos! Soy El\u00edsabet Garc\u00eda, Consultora Inform\u00e1tica y, desde hace 7 a\u00f1os, blogger de viajes. Me apasiona viajar, conocer lugares inh\u00f3spitos, experimentar aventuras, perderme por la naturaleza y saborear la gastronom\u00eda local de cada lugar. Coeditora del blog lagranescapada.com junto a Mar Gonz\u00e1lez, un lugar que creamos para compartir cada nueva escapada que hacemos por el mundo.\",\"sameAs\":[\"https:\\\/\\\/lagranescapada.com\\\/\"],\"url\":\"https:\\\/\\\/www.escapadarural.com\\\/blog\\\/autor\\\/lagranescapada\\\/\"}]}<\/script>\n<!-- \/ Yoast SEO plugin. -->","yoast_head_json":{"title":"Valle de Iruelas: naturaleza, micolog\u00eda y rapaces - EscapadaRural","robots":{"index":"index","follow":"follow","max-snippet":"max-snippet:-1","max-image-preview":"max-image-preview:large","max-video-preview":"max-video-preview:-1"},"canonical":"https:\/\/www.escapadarural.com\/blog\/valle-de-iruelas-naturaleza-micologia-y-rapaces\/","og_locale":"es_ES","og_type":"article","og_title":"Valle de Iruelas: naturaleza, micolog\u00eda y rapaces - EscapadaRural","og_description":"El sureste de la provincia de \u00c1vila esconde una peque\u00f1a joya natural que recibe por nombre Valle de Iruelas. Un delicioso paisaje, declarado Reserva Natural y ZEPA (Zona Especial de Protecci\u00f3n de Aves), sobre el que sobrevuelan diariamente rapaces tan relevantes como el \u00e1guila imperial ib\u00e9rica -en peligro de extinci\u00f3n- y que cobija a la mayor poblaci\u00f3n de buitre negro de Castilla y Le\u00f3n","og_url":"https:\/\/www.escapadarural.com\/blog\/valle-de-iruelas-naturaleza-micologia-y-rapaces\/","og_site_name":"Magazine de viajes de EscapadaRural","article_publisher":"https:\/\/www.facebook.com\/escapadarural","article_published_time":"2018-08-31T10:00:50+00:00","article_modified_time":"2025-02-10T15:52:12+00:00","og_image":[{"width":1024,"height":680,"url":"https:\/\/www.escapadarural.com\/blog\/wp-content\/uploads\/2024\/10\/Valle-de-Iruelas-1-1024x680-3.jpg","type":"image\/jpeg"}],"author":"El\u00edsabet Garc\u00eda","twitter_card":"summary_large_image","twitter_misc":{"Escrito por":"El\u00edsabet Garc\u00eda","Tiempo de lectura":"5 minutos"},"schema":{"@context":"https:\/\/schema.org","@graph":[{"@type":"Article","@id":"https:\/\/www.escapadarural.com\/blog\/valle-de-iruelas-naturaleza-micologia-y-rapaces\/#article","isPartOf":{"@id":"https:\/\/www.escapadarural.com\/blog\/valle-de-iruelas-naturaleza-micologia-y-rapaces\/"},"author":{"name":"El\u00edsabet Garc\u00eda","@id":"https:\/\/www.escapadarural.com\/blog\/#\/schema\/person\/2cac652e2d16373a24890ffaa220140f"},"headline":"Valle de Iruelas: naturaleza, micolog\u00eda y rapaces","datePublished":"2018-08-31T10:00:50+00:00","dateModified":"2025-02-10T15:52:12+00:00","mainEntityOfPage":{"@id":"https:\/\/www.escapadarural.com\/blog\/valle-de-iruelas-naturaleza-micologia-y-rapaces\/"},"wordCount":741,"commentCount":0,"publisher":{"@id":"https:\/\/www.escapadarural.com\/blog\/#organization"},"image":{"@id":"https:\/\/www.escapadarural.com\/blog\/valle-de-iruelas-naturaleza-micologia-y-rapaces\/#primaryimage"},"thumbnailUrl":"https:\/\/www.escapadarural.com\/blog\/wp-content\/uploads\/2024\/10\/Valle-de-Iruelas-1-1024x680-3.jpg","keywords":["\u00c1vila","Castilla y Le\u00f3n","Reserva Natural","Sierra de Gredos","Valle de Iruelas","ZEPA"],"articleSection":["Destinos"],"inLanguage":"es","potentialAction":[{"@type":"CommentAction","name":"Comment","target":["https:\/\/www.escapadarural.com\/blog\/valle-de-iruelas-naturaleza-micologia-y-rapaces\/#respond"]}]},{"@type":"WebPage","@id":"https:\/\/www.escapadarural.com\/blog\/valle-de-iruelas-naturaleza-micologia-y-rapaces\/","url":"https:\/\/www.escapadarural.com\/blog\/valle-de-iruelas-naturaleza-micologia-y-rapaces\/","name":"Valle de Iruelas: naturaleza, micolog\u00eda y rapaces - EscapadaRural","isPartOf":{"@id":"https:\/\/www.escapadarural.com\/blog\/#website"},"primaryImageOfPage":{"@id":"https:\/\/www.escapadarural.com\/blog\/valle-de-iruelas-naturaleza-micologia-y-rapaces\/#primaryimage"},"image":{"@id":"https:\/\/www.escapadarural.com\/blog\/valle-de-iruelas-naturaleza-micologia-y-rapaces\/#primaryimage"},"thumbnailUrl":"https:\/\/www.escapadarural.com\/blog\/wp-content\/uploads\/2024\/10\/Valle-de-Iruelas-1-1024x680-3.jpg","datePublished":"2018-08-31T10:00:50+00:00","dateModified":"2025-02-10T15:52:12+00:00","breadcrumb":{"@id":"https:\/\/www.escapadarural.com\/blog\/valle-de-iruelas-naturaleza-micologia-y-rapaces\/#breadcrumb"},"inLanguage":"es","potentialAction":[{"@type":"ReadAction","target":["https:\/\/www.escapadarural.com\/blog\/valle-de-iruelas-naturaleza-micologia-y-rapaces\/"]}]},{"@type":"ImageObject","inLanguage":"es","@id":"https:\/\/www.escapadarural.com\/blog\/valle-de-iruelas-naturaleza-micologia-y-rapaces\/#primaryimage","url":"https:\/\/www.escapadarural.com\/blog\/wp-content\/uploads\/2024\/10\/Valle-de-Iruelas-1-1024x680-3.jpg","contentUrl":"https:\/\/www.escapadarural.com\/blog\/wp-content\/uploads\/2024\/10\/Valle-de-Iruelas-1-1024x680-3.jpg","width":1024,"height":680,"caption":"Un lago tranquilo refleja el cielo azul, las nubes blancas y los \u00e1rboles verdes. Grandes rocas y un peque\u00f1o \u00e1rbol frondoso surgen del agua, con colinas boscosas y monta\u00f1as al fondo."},{"@type":"BreadcrumbList","@id":"https:\/\/www.escapadarural.com\/blog\/valle-de-iruelas-naturaleza-micologia-y-rapaces\/#breadcrumb","itemListElement":[{"@type":"ListItem","position":1,"name":"Inicio","item":"https:\/\/www.escapadarural.com\/blog\/"},{"@type":"ListItem","position":2,"name":"Destinos","item":"https:\/\/www.escapadarural.com\/blog\/categoria\/destinos\/"},{"@type":"ListItem","position":3,"name":"Valle de Iruelas: naturaleza, micolog\u00eda y rapaces"}]},{"@type":"WebSite","@id":"https:\/\/www.escapadarural.com\/blog\/#website","url":"https:\/\/www.escapadarural.com\/blog\/","name":"Blog de viajes | turismo rural, alojamientos e inspiraci\u00f3n","description":"Alojamientos rurales e inspiraci\u00f3n para tus escapadas","publisher":{"@id":"https:\/\/www.escapadarural.com\/blog\/#organization"},"alternateName":"Magazine de viajes de EscapadaRural","potentialAction":[{"@type":"SearchAction","target":{"@type":"EntryPoint","urlTemplate":"https:\/\/www.escapadarural.com\/blog\/?s={search_term_string}"},"query-input":{"@type":"PropertyValueSpecification","valueRequired":true,"valueName":"search_term_string"}}],"inLanguage":"es"},{"@type":"Organization","@id":"https:\/\/www.escapadarural.com\/blog\/#organization","name":"EscapadaRural","url":"https:\/\/www.escapadarural.com\/blog\/","logo":{"@type":"ImageObject","inLanguage":"es","@id":"https:\/\/www.escapadarural.com\/blog\/#\/schema\/logo\/image\/","url":"https:\/\/www.escapadarural.com\/blog\/wp-content\/uploads\/2024\/10\/cropped-cropped-escapada-rural-icon-mag-3.png","contentUrl":"https:\/\/www.escapadarural.com\/blog\/wp-content\/uploads\/2024\/10\/cropped-cropped-escapada-rural-icon-mag-3.png","width":512,"height":512,"caption":"EscapadaRural"},"image":{"@id":"https:\/\/www.escapadarural.com\/blog\/#\/schema\/logo\/image\/"},"sameAs":["https:\/\/www.facebook.com\/escapadarural","https:\/\/www.instagram.com\/escapadarural\/","https:\/\/www.youtube.com\/@escapadaruralcom"]},{"@type":"Person","@id":"https:\/\/www.escapadarural.com\/blog\/#\/schema\/person\/2cac652e2d16373a24890ffaa220140f","name":"El\u00edsabet Garc\u00eda","image":{"@type":"ImageObject","inLanguage":"es","@id":"https:\/\/www.escapadarural.com\/blog\/wp-content\/uploads\/2025\/02\/elisabet_gran_escapada.webp","url":"https:\/\/www.escapadarural.com\/blog\/wp-content\/uploads\/2025\/02\/elisabet_gran_escapada.webp","contentUrl":"https:\/\/www.escapadarural.com\/blog\/wp-content\/uploads\/2025\/02\/elisabet_gran_escapada.webp","caption":"El\u00edsabet Garc\u00eda"},"description":"Hola a todos! Soy El\u00edsabet Garc\u00eda, Consultora Inform\u00e1tica y, desde hace 7 a\u00f1os, blogger de viajes. Me apasiona viajar, conocer lugares inh\u00f3spitos, experimentar aventuras, perderme por la naturaleza y saborear la gastronom\u00eda local de cada lugar. Coeditora del blog lagranescapada.com junto a Mar Gonz\u00e1lez, un lugar que creamos para compartir cada nueva escapada que hacemos por el mundo.","sameAs":["https:\/\/lagranescapada.com\/"],"url":"https:\/\/www.escapadarural.com\/blog\/autor\/lagranescapada\/"}]}},"_links":{"self":[{"href":"https:\/\/www.escapadarural.com\/blog\/wp-json\/wp\/v2\/posts\/9962","targetHints":{"allow":["GET"]}}],"collection":[{"href":"https:\/\/www.escapadarural.com\/blog\/wp-json\/wp\/v2\/posts"}],"about":[{"href":"https:\/\/www.escapadarural.com\/blog\/wp-json\/wp\/v2\/types\/post"}],"author":[{"embeddable":true,"href":"https:\/\/www.escapadarural.com\/blog\/wp-json\/wp\/v2\/users\/109"}],"replies":[{"embeddable":true,"href":"https:\/\/www.escapadarural.com\/blog\/wp-json\/wp\/v2\/comments?post=9962"}],"version-history":[{"count":0,"href":"https:\/\/www.escapadarural.com\/blog\/wp-json\/wp\/v2\/posts\/9962\/revisions"}],"wp:featuredmedia":[{"embeddable":true,"href":"https:\/\/www.escapadarural.com\/blog\/wp-json\/wp\/v2\/media\/104259"}],"wp:attachment":[{"href":"https:\/\/www.escapadarural.com\/blog\/wp-json\/wp\/v2\/media?parent=9962"}],"wp:term":[{"taxonomy":"category","embeddable":true,"href":"https:\/\/www.escapadarural.com\/blog\/wp-json\/wp\/v2\/categories?post=9962"},{"taxonomy":"post_tag","embeddable":true,"href":"https:\/\/www.escapadarural.com\/blog\/wp-json\/wp\/v2\/tags?post=9962"}],"curies":[{"name":"wp","href":"https:\/\/api.w.org\/{rel}","templated":true}]}}